{"id":16752,"date":"2025-01-27T14:00:32","date_gmt":"2025-01-27T20:00:32","guid":{"rendered":"https:\/\/hombresymujeresdelacasa.com\/home\/?p=16752"},"modified":"2025-01-27T14:00:34","modified_gmt":"2025-01-27T20:00:34","slug":"pvb-reportan-reserva-de-318-predios-para-construir-vivienda","status":"publish","type":"post","link":"https:\/\/hombresymujeresdelacasa.com\/home\/pvb-reportan-reserva-de-318-predios-para-construir-vivienda\/","title":{"rendered":"PVB: Reportan reserva de 318 predios para construir vivienda"},"content":{"rendered":"\n<p>Por: Fernanda Hern\u00e1ndez <\/p>\n\n\n\n<p><em>La titular de Sedatu report\u00f3 la firma de 15 convenios con gobiernos estatales para arrancar el Programa de Vivienda para el Bienestar<\/em><\/p>\n\n\n\n<p>Al participar en la conferencia matutina encabezada por la presidenta Claudia Sheinbaum, en la que se presentaron los avances del Programa de Vivienda para el Bienestar (PVB),&nbsp;<strong>Edna Vega Rangel, titular de la Secretar\u00eda de Desarrollo Agrario, Territorial y Urbano<\/strong>&nbsp;(<strong>Sedatu<\/strong>), report\u00f3 que ya se tiene una reserva territorial de 318 predios.<\/p>\n\n\n\n<p>La funcionaria precis\u00f3 que dicha reserva equivale a 2,769 hect\u00e1reas, lo cual permitir\u00e1 cumplir la meta planteada en 2025, es decir, la construcci\u00f3n de&nbsp;<strong>125,000 viviendas<\/strong>&nbsp;para la poblaci\u00f3n m\u00e1s vulnerable.<\/p>\n\n\n\n<p>Y agreg\u00f3 que lo anterior se logr\u00f3 mediante la&nbsp;<strong>donaci\u00f3n de predios<\/strong>&nbsp;que los gobiernos estatales y municipales realizaron y que cumplen con los requisitos para construir viviendas adecuadas.<\/p>\n\n\n\n<p>De igual manera, destac\u00f3 que, a la fecha, se han instalado&nbsp;<strong>31 mesas de coordinaci\u00f3n<\/strong>&nbsp;con gobiernos locales, y se han firmado&nbsp;<strong>15 convenios<\/strong>&nbsp;para el arranque del&nbsp;<strong>PVB<\/strong>; adem\u00e1s de que ya hay 200 proyectos ejecutivos en proceso.<\/p>\n\n\n\n<p>\u201cHay muy buena respuesta de los gobiernos locales y municipales; de octubre 2024 a la fecha hemos logrado instalar 31 mesas de coordinaci\u00f3n estatales y municipales; as\u00ed como firmar 15 convenios para agilizar los tr\u00e1mites y arrancar el&nbsp;<strong>PVB<\/strong>&nbsp;a trav\u00e9s del cual se van a construir en este sexenio&nbsp;<strong>1 mill\u00f3n de viviendas nuevas<\/strong>,&nbsp;<strong>mejorar o ampliar m\u00e1s de 450,000 hogares y otorgar un mill\u00f3n de escrituras<\/strong>. Tenemos ya 200 proyectos ejecutivos en proceso\u201d, se\u00f1al\u00f3 Vega.<\/p>\n\n\n\n<p>Por su parte,&nbsp;<strong>Rodrigo Ch\u00e1vez Contreras, director general de la Comisi\u00f3n Nacional de Vivienda<\/strong>&nbsp;(<strong>Conavi<\/strong>), inform\u00f3 que este a\u00f1o se construir\u00e1n poco m\u00e1s de&nbsp;<strong>50,000 viviendas<\/strong>. Y detall\u00f3 que hasta ahora la dependencia cuenta con una reserva de 173 predios en 30 entidades, los cuales equivalen a 1,937 hect\u00e1reas para la construcci\u00f3n de 319,303 viviendas nuevas.<\/p>\n\n\n\n<p>\u201cEn febrero comenzar\u00e1 la construcci\u00f3n de 18,501 viviendas en 26 predios. En marzo, 12,216 viviendas en 17 predios; y en abril 19,598 viviendas en 19 predios. De este modo, para el primer trimestre de 2025 habr\u00e1 iniciado la construcci\u00f3n de 50,315 viviendas en 62 predios en 30 entidades federativas\u201d, coment\u00f3.<\/p>\n\n\n\n<p>Asimismo, afirm\u00f3 que en el primer bimestre del a\u00f1o se entregar\u00e1n 100,000 tarjetas de&nbsp;<strong>apoyo para mejoramiento de vivienda<\/strong>&nbsp;en el Estado de M\u00e9xico.<\/p>\n\n\n\n<p>Con respecto al proceso del otorgamiento de cr\u00e9ditos del PVB por parte de la Conavi,&nbsp;<strong>Mar\u00eda del Roc\u00edo Mej\u00eda Flores, directora de Financiera para el Bienestar<\/strong>, explic\u00f3 que una vez entregada la vivienda, ya sea en venta o renta, los beneficiarios recibir\u00e1n su tabla de amortiguaci\u00f3n para que sepan c\u00f3mo y cu\u00e1nto tienen que pagar.<\/p>\n\n\n\n<p>Adem\u00e1s, precis\u00f3 que los recursos generados de los pagos de los derechohabientes ir\u00e1n al&nbsp;<strong>fideicomiso de<\/strong>&nbsp;<strong>Financiera para el Bienestar<\/strong>, y se utilizar\u00e1n para la edificaci\u00f3n de m\u00e1s viviendas.<\/p>\n\n\n\n<p>En su intervenci\u00f3n,&nbsp;<strong>Octavio Romero Oropeza, titular del Instituto del Fondo Nacional de la Vivienda para los Trabajadores<\/strong>&nbsp;(<strong>Infonavit<\/strong>), mencion\u00f3 que ya se cuenta con 143 predios en 30 estados, mismos que permitir\u00e1n construir 86,499 viviendas.<\/p>\n\n\n\n<p>Tambi\u00e9n, expuso que, para el primer trimestre de 2025, el Instituto contar\u00e1 con&nbsp;<strong>114 proyectos arquitect\u00f3nicos<\/strong>&nbsp;para 26 entidades federativas. En ese sentido, asegur\u00f3 que, con la reforma a la&nbsp;<strong>Ley del Infonavit<\/strong>, que se encuentra en la C\u00e1mara de Senadores para su aprobaci\u00f3n, se permitir\u00e1 la creaci\u00f3n de una empresa construir vivienda adecuada.<\/p>\n\n\n\n<p>Finalmente,\u00a0<strong>Jos\u00e9 Alfonso Iracheta, director del Instituto Nacional del Suelo Sustentable<\/strong>\u00a0(<strong>Insus<\/strong>), report\u00f3 que en las 32 entidades del pa\u00eds hay 222,375 lotes listos para la gesti\u00f3n y para iniciar los trabajos t\u00e9cnicos de regularizaci\u00f3n; adem\u00e1s, detall\u00f3 que, adicionalmente, ya se tienen anuencias en Sonora, Sinaloa y Ciudad de M\u00e9xico para nueve ejidos con 6,000 lotes potenciales.<\/p>\n\n\n\n<figure class=\"wp-block-image aligncenter size-full is-resized\"><img fetchpriority=\"high\" decoding=\"async\" width=\"768\" height=\"576\" src=\"https:\/\/hombresymujeresdelacasa.com\/home\/wp-content\/uploads\/2025\/01\/image-8.png\" alt=\"\" class=\"wp-image-16753\" style=\"width:691px;height:auto\" srcset=\"https:\/\/hombresymujeresdelacasa.com\/home\/wp-content\/uploads\/2025\/01\/image-8.png 768w, https:\/\/hombresymujeresdelacasa.com\/home\/wp-content\/uploads\/2025\/01\/image-8-300x225.png 300w\" sizes=\"(max-width: 768px) 100vw, 768px\" \/><\/figure>\n\n\n\n<p><a href=\"https:\/\/centrourbano.com\/revista\/wp-content\/uploads\/201489a7-66d6-4980-83ae-82c0d16ba2c2.jpg\" rel=\"nofollow noopener\" target=\"_blank\"><\/a><\/p>\n\n\n\n<p><a href=\"https:\/\/centrourbano.com\/revista\/author\/fernanda-hernandez\/\" rel=\"nofollow noopener\" target=\"_blank\"><\/a><\/p>\n","protected":false},"excerpt":{"rendered":"<p>Por: Fernanda Hern\u00e1ndez La titular de Sedatu report\u00f3 la firma de 15 convenios con gobiernos estatales para arrancar el Programa de Vivienda para el Bienestar Al participar en la conferencia matutina encabezada por la presidenta Claudia Sheinbaum, en la que se presentaron los avances del Programa de Vivienda para el Bienestar (PVB),&nbsp;Edna Vega Rangel, titular [&hellip;]<\/p>\n","protected":false},"author":1,"featured_media":16754,"comment_status":"open","ping_status":"closed","sticky":false,"template":"","format":"standard","meta":{"site-sidebar-layout":"default","site-content-layout":"","ast-site-content-layout":"default","site-content-style":"default","site-sidebar-style":"default","ast-global-header-display":"","ast-banner-title-visibility":"","ast-main-header-display":"","ast-hfb-above-header-display":"","ast-hfb-below-header-display":"","ast-hfb-mobile-header-display":"","site-post-title":"","ast-breadcrumbs-content":"","ast-featured-img":"","footer-sml-layout":"","ast-disable-related-posts":"","theme-transparent-header-meta":"","adv-header-id-meta":"","stick-header-meta":"","header-above-stick-meta":"","header-main-stick-meta":"","header-below-stick-meta":"","astra-migrate-meta-layouts":"set","ast-page-background-enabled":"default","ast-page-background-meta":{"desktop":{"background-color":"var(--ast-global-color-4)","background-image":"","background-repeat":"repeat","background-position":"center center","background-size":"auto","background-attachment":"scroll","background-type":"","background-media":"","overlay-type":"","overlay-color":"","overlay-opacity":"","overlay-gradient":""},"tablet":{"background-color":"","background-image":"","background-repeat":"repeat","background-position":"center center","background-size":"auto","background-attachment":"scroll","background-type":"","background-media":"","overlay-type":"","overlay-color":"","overlay-opacity":"","overlay-gradient":""},"mobile":{"background-color":"","background-image":"","background-repeat":"repeat","background-position":"center center","background-size":"auto","background-attachment":"scroll","background-type":"","background-media":"","overlay-type":"","overlay-color":"","overlay-opacity":"","overlay-gradient":""}},"ast-content-background-meta":{"desktop":{"background-color":"var(--ast-global-color-5)","background-image":"","background-repeat":"repeat","background-position":"center center","background-size":"auto","background-attachment":"scroll","background-type":"","background-media":"","overlay-type":"","overlay-color":"","overlay-opacity":"","overlay-gradient":""},"tablet":{"background-color":"var(--ast-global-color-5)","background-image":"","background-repeat":"repeat","background-position":"center center","background-size":"auto","background-attachment":"scroll","background-type":"","background-media":"","overlay-type":"","overlay-color":"","overlay-opacity":"","overlay-gradient":""},"mobile":{"background-color":"var(--ast-global-color-5)","background-image":"","background-repeat":"repeat","background-position":"center center","background-size":"auto","background-attachment":"scroll","background-type":"","background-media":"","overlay-type":"","overlay-color":"","overlay-opacity":"","overlay-gradient":""}},"footnotes":""},"categories":[1],"tags":[],"class_list":["post-16752","post","type-post","status-publish","format-standard","has-post-thumbnail","hentry","category-sin-categoria"],"_links":{"self":[{"href":"https:\/\/hombresymujeresdelacasa.com\/home\/wp-json\/wp\/v2\/posts\/16752","targetHints":{"allow":["GET"]}}],"collection":[{"href":"https:\/\/hombresymujeresdelacasa.com\/home\/wp-json\/wp\/v2\/posts"}],"about":[{"href":"https:\/\/hombresymujeresdelacasa.com\/home\/wp-json\/wp\/v2\/types\/post"}],"author":[{"embeddable":true,"href":"https:\/\/hombresymujeresdelacasa.com\/home\/wp-json\/wp\/v2\/users\/1"}],"replies":[{"embeddable":true,"href":"https:\/\/hombresymujeresdelacasa.com\/home\/wp-json\/wp\/v2\/comments?post=16752"}],"version-history":[{"count":1,"href":"https:\/\/hombresymujeresdelacasa.com\/home\/wp-json\/wp\/v2\/posts\/16752\/revisions"}],"predecessor-version":[{"id":16755,"href":"https:\/\/hombresymujeresdelacasa.com\/home\/wp-json\/wp\/v2\/posts\/16752\/revisions\/16755"}],"wp:featuredmedia":[{"embeddable":true,"href":"https:\/\/hombresymujeresdelacasa.com\/home\/wp-json\/wp\/v2\/media\/16754"}],"wp:attachment":[{"href":"https:\/\/hombresymujeresdelacasa.com\/home\/wp-json\/wp\/v2\/media?parent=16752"}],"wp:term":[{"taxonomy":"category","embeddable":true,"href":"https:\/\/hombresymujeresdelacasa.com\/home\/wp-json\/wp\/v2\/categories?post=16752"},{"taxonomy":"post_tag","embeddable":true,"href":"https:\/\/hombresymujeresdelacasa.com\/home\/wp-json\/wp\/v2\/tags?post=16752"}],"curies":[{"name":"wp","href":"https:\/\/api.w.org\/{rel}","templated":true}]}}