{"id":16738,"date":"2025-01-24T17:07:04","date_gmt":"2025-01-24T23:07:04","guid":{"rendered":"https:\/\/hombresymujeresdelacasa.com\/home\/?p=16738"},"modified":"2025-01-24T17:07:15","modified_gmt":"2025-01-24T23:07:15","slug":"pvb-se-realizaran-14250-acciones-de-vivienda-en-colima","status":"publish","type":"post","link":"https:\/\/hombresymujeresdelacasa.com\/home\/pvb-se-realizaran-14250-acciones-de-vivienda-en-colima\/","title":{"rendered":"PVB: Se realizar\u00e1n 14,250 acciones de vivienda en Colima"},"content":{"rendered":"\n<p>Por: Fernanda Hern\u00e1ndez <\/p>\n\n\n\n<p><em>Adem\u00e1s, el director general del Insus, Jos\u00e9 Alfonso Iracheta indic\u00f3 que se proyectan hasta 10,000 acciones de regularizaci\u00f3n de vivienda el sexenio<\/em><\/p>\n\n\n\n<p>La&nbsp;<strong>Secretar\u00eda de Desarrollo Agrario, Territorial y Urbano<\/strong>&nbsp;(<strong>Sedatu<\/strong>) y el&nbsp;<strong>gobierno de Colima<\/strong>&nbsp;firmaron un convenio para la implementaci\u00f3n del&nbsp;<strong>Programa de Vivienda para el Bienestar<\/strong>&nbsp;(<strong>PVB<\/strong>) en la entidad.<\/p>\n\n\n\n<p>De esta manera, se realizar\u00e1n m\u00e1s de&nbsp;<strong>14,250 acciones de vivienda<\/strong>&nbsp;en el sexenio, de las cuales 7,250 viviendas nuevas ser\u00e1n para personas derechohabientes del&nbsp;<strong>Instituto del Fondo Nacional de la Vivienda para los Trabajadores<\/strong>&nbsp;(<strong>Infonavit<\/strong>), y 6,000 para no derechohabientes a trav\u00e9s de la&nbsp;<strong>Comisi\u00f3n Nacional de Vivienda<\/strong>&nbsp;(<strong>Conavi<\/strong>).<\/p>\n\n\n\n<p>\u201cEsta meta en Colima va a garantizar m\u00e1s de&nbsp;<strong>76,000 empleos directos<\/strong>&nbsp;generados y&nbsp;<strong>15,000 indirectos<\/strong>. La importancia de este encuentro es sumar trabajos con estados y municipios para agilizar tr\u00e1mites y apoyar a m\u00e1s personas a adquirir una vivienda adecuada\u201d, indic\u00f3&nbsp;<strong>Edna Vega Rangel, titular de la Sedatu<\/strong>.<\/p>\n\n\n\n<p>Por su parte,&nbsp;<strong>Jos\u00e9 Alfonso Iracheta Carroll, director general del Instituto Nacional del Suelo Sustentable<\/strong>&nbsp;(<strong>Insus<\/strong>), report\u00f3 que de inicio para Colima se tiene una meta de entregar al menos&nbsp;<strong>1,000 escrituras<\/strong>; sin embargo, es posible que se llegue hasta las&nbsp;<strong>10,000 acciones de regularizaci\u00f3n<\/strong>&nbsp;en este sexenio.<\/p>\n\n\n\n<p>En su mensaje,&nbsp;<strong>Orlando Camadillo Ruiz, representante del Infonavit<\/strong>, inform\u00f3 que el Instituto tiene registrados 55,000 derechohabientes que pudieran acceder a un cr\u00e9dito para vivienda nueva en Colima, de los cuales 35,000 ganan dos salarios m\u00ednimos o menos, \u201cpoblaci\u00f3n que es prioritaria para este gobierno\u201d.<\/p>\n\n\n\n<p>\u201cLa coordinaci\u00f3n de la&nbsp;<strong>Sedatu<\/strong>,&nbsp;<strong>Infonavit<\/strong>&nbsp;y&nbsp;<strong>Conavi<\/strong>&nbsp;continuamos con la b\u00fasqueda de terrenos nacionales, federales, estatales y municipales para iniciar con la construcci\u00f3n de, por lo menos,&nbsp;<strong>166,700 viviendas<\/strong>&nbsp;para este 2025 en todo el pa\u00eds\u201d, dijo.<\/p>\n\n\n\n<p>En tanto,&nbsp;<strong>Indira Vizca\u00edno Silva, gobernadora de Colima<\/strong>, celebr\u00f3 el compromiso del Gobierno Federal por apoyar a m\u00e1s familias vulnerables a tener una vivienda adecuada y segura; por ello, refrend\u00f3 su apoyo para alcanzar las metas del&nbsp;<strong>PVB<\/strong>.<\/p>\n\n\n\n<p>\u201cEstas acciones muestran la empat\u00eda de nuestra presidenta en las necesidades y en revertir el abandono de d\u00e9cadas que sufri\u00f3 el pueblo colimense; y traducirlo a que Colima es un estado prioritario en las pol\u00edticas p\u00fablicas que impulsa la presidenta Claudia Sheinbaum; y eso se lo agradecemos\u201d, agreg\u00f3.<\/p>\n\n\n\n<figure class=\"wp-block-image aligncenter size-full\"><img fetchpriority=\"high\" decoding=\"async\" width=\"768\" height=\"512\" src=\"https:\/\/hombresymujeresdelacasa.com\/home\/wp-content\/uploads\/2025\/01\/image-5.png\" alt=\"\" class=\"wp-image-16739\" srcset=\"https:\/\/hombresymujeresdelacasa.com\/home\/wp-content\/uploads\/2025\/01\/image-5.png 768w, https:\/\/hombresymujeresdelacasa.com\/home\/wp-content\/uploads\/2025\/01\/image-5-300x200.png 300w\" sizes=\"(max-width: 768px) 100vw, 768px\" \/><\/figure>\n","protected":false},"excerpt":{"rendered":"<p>Por: Fernanda Hern\u00e1ndez Adem\u00e1s, el director general del Insus, Jos\u00e9 Alfonso Iracheta indic\u00f3 que se proyectan hasta 10,000 acciones de regularizaci\u00f3n de vivienda el sexenio La&nbsp;Secretar\u00eda de Desarrollo Agrario, Territorial y Urbano&nbsp;(Sedatu) y el&nbsp;gobierno de Colima&nbsp;firmaron un convenio para la implementaci\u00f3n del&nbsp;Programa de Vivienda para el Bienestar&nbsp;(PVB) en la entidad. De esta manera, se realizar\u00e1n [&hellip;]<\/p>\n","protected":false},"author":1,"featured_media":16740,"comment_status":"open","ping_status":"closed","sticky":false,"template":"","format":"standard","meta":{"site-sidebar-layout":"default","site-content-layout":"","ast-site-content-layout":"default","site-content-style":"default","site-sidebar-style":"default","ast-global-header-display":"","ast-banner-title-visibility":"","ast-main-header-display":"","ast-hfb-above-header-display":"","ast-hfb-below-header-display":"","ast-hfb-mobile-header-display":"","site-post-title":"","ast-breadcrumbs-content":"","ast-featured-img":"","footer-sml-layout":"","ast-disable-related-posts":"","theme-transparent-header-meta":"","adv-header-id-meta":"","stick-header-meta":"","header-above-stick-meta":"","header-main-stick-meta":"","header-below-stick-meta":"","astra-migrate-meta-layouts":"set","ast-page-background-enabled":"default","ast-page-background-meta":{"desktop":{"background-color":"var(--ast-global-color-4)","background-image":"","background-repeat":"repeat","background-position":"center center","background-size":"auto","background-attachment":"scroll","background-type":"","background-media":"","overlay-type":"","overlay-color":"","overlay-opacity":"","overlay-gradient":""},"tablet":{"background-color":"","background-image":"","background-repeat":"repeat","background-position":"center center","background-size":"auto","background-attachment":"scroll","background-type":"","background-media":"","overlay-type":"","overlay-color":"","overlay-opacity":"","overlay-gradient":""},"mobile":{"background-color":"","background-image":"","background-repeat":"repeat","background-position":"center center","background-size":"auto","background-attachment":"scroll","background-type":"","background-media":"","overlay-type":"","overlay-color":"","overlay-opacity":"","overlay-gradient":""}},"ast-content-background-meta":{"desktop":{"background-color":"var(--ast-global-color-5)","background-image":"","background-repeat":"repeat","background-position":"center center","background-size":"auto","background-attachment":"scroll","background-type":"","background-media":"","overlay-type":"","overlay-color":"","overlay-opacity":"","overlay-gradient":""},"tablet":{"background-color":"var(--ast-global-color-5)","background-image":"","background-repeat":"repeat","background-position":"center center","background-size":"auto","background-attachment":"scroll","background-type":"","background-media":"","overlay-type":"","overlay-color":"","overlay-opacity":"","overlay-gradient":""},"mobile":{"background-color":"var(--ast-global-color-5)","background-image":"","background-repeat":"repeat","background-position":"center center","background-size":"auto","background-attachment":"scroll","background-type":"","background-media":"","overlay-type":"","overlay-color":"","overlay-opacity":"","overlay-gradient":""}},"footnotes":""},"categories":[4],"tags":[48,49,102,154,177],"class_list":["post-16738","post","type-post","status-publish","format-standard","has-post-thumbnail","hentry","category-noticias","tag-colima","tag-conavi","tag-infonavit","tag-sedatu","tag-vivienda"],"_links":{"self":[{"href":"https:\/\/hombresymujeresdelacasa.com\/home\/wp-json\/wp\/v2\/posts\/16738","targetHints":{"allow":["GET"]}}],"collection":[{"href":"https:\/\/hombresymujeresdelacasa.com\/home\/wp-json\/wp\/v2\/posts"}],"about":[{"href":"https:\/\/hombresymujeresdelacasa.com\/home\/wp-json\/wp\/v2\/types\/post"}],"author":[{"embeddable":true,"href":"https:\/\/hombresymujeresdelacasa.com\/home\/wp-json\/wp\/v2\/users\/1"}],"replies":[{"embeddable":true,"href":"https:\/\/hombresymujeresdelacasa.com\/home\/wp-json\/wp\/v2\/comments?post=16738"}],"version-history":[{"count":1,"href":"https:\/\/hombresymujeresdelacasa.com\/home\/wp-json\/wp\/v2\/posts\/16738\/revisions"}],"predecessor-version":[{"id":16741,"href":"https:\/\/hombresymujeresdelacasa.com\/home\/wp-json\/wp\/v2\/posts\/16738\/revisions\/16741"}],"wp:featuredmedia":[{"embeddable":true,"href":"https:\/\/hombresymujeresdelacasa.com\/home\/wp-json\/wp\/v2\/media\/16740"}],"wp:attachment":[{"href":"https:\/\/hombresymujeresdelacasa.com\/home\/wp-json\/wp\/v2\/media?parent=16738"}],"wp:term":[{"taxonomy":"category","embeddable":true,"href":"https:\/\/hombresymujeresdelacasa.com\/home\/wp-json\/wp\/v2\/categories?post=16738"},{"taxonomy":"post_tag","embeddable":true,"href":"https:\/\/hombresymujeresdelacasa.com\/home\/wp-json\/wp\/v2\/tags?post=16738"}],"curies":[{"name":"wp","href":"https:\/\/api.w.org\/{rel}","templated":true}]}}