{"id":16722,"date":"2025-01-24T13:29:26","date_gmt":"2025-01-24T19:29:26","guid":{"rendered":"https:\/\/hombresymujeresdelacasa.com\/home\/?p=16722"},"modified":"2025-01-24T13:29:30","modified_gmt":"2025-01-24T19:29:30","slug":"pvb-requiere-coordinacion-entre-gobierno-e-ip-canadevi","status":"publish","type":"post","link":"https:\/\/hombresymujeresdelacasa.com\/home\/pvb-requiere-coordinacion-entre-gobierno-e-ip-canadevi\/","title":{"rendered":"PVB requiere coordinaci\u00f3n entre Gobierno e IP: Canadevi"},"content":{"rendered":"\n<p>Por: Fernanda Hern\u00e1ndez<\/p>\n\n\n\n<p><em>El presidente nacional de la Canadevi asegur\u00f3 que, al sumar esfuerzos entre los tres niveles de Gobierno y la IP, se podr\u00e1 superar la meta del PVB<\/em><\/p>\n\n\n\n<p><strong><a href=\"https:\/\/www.facebook.com\/portalcentrourbano\/videos\/1824717321696283\" target=\"_blank\" rel=\"noreferrer noopener nofollow\">Luis Alberto Moreno G\u00f3mez Monroy<\/a>, presidente nacional de la C\u00e1mara Nacional de la Industria de Desarrollo y Promoci\u00f3n de la Vivienda<\/strong>&nbsp;(<strong>Canadevi<\/strong>), celebr\u00f3 que la vivienda sea un tema prioritario para el Gobierno Federal, con la puesta en marcha del&nbsp;<strong>Programa de Vivienda para el Bienestar<\/strong>&nbsp;(<strong>PVB<\/strong>), cuya meta es la construcci\u00f3n de 1 mill\u00f3n de viviendas de inter\u00e9s social en el sexenio.<\/p>\n\n\n\n<p>En ese sentido, indic\u00f3 que los desarrolladores de vivienda coinciden en que dicho programa representa una buena oportunidad tanto en el&nbsp;<strong>\u00e1mbito econ\u00f3mico<\/strong>&nbsp;como en el&nbsp;<strong>bienestar de la poblaci\u00f3n<\/strong>&nbsp;que va a poder acceder a una vivienda.<\/p>\n\n\n\n<p>\u201cVa a generar&nbsp;<strong>crecimiento econ\u00f3mico<\/strong>&nbsp;y, sobre todo, mucho bienestar para toda la gente que podr\u00e1 tener acceso a una vivienda en la parte de&nbsp;<strong>mercado formal<\/strong>, a trav\u00e9s de los cr\u00e9ditos bancarios, del Infonavit o Fovissste; y tambi\u00e9n para las personas en el&nbsp;<strong>mercado mixto<\/strong>, que no est\u00e1n inscritos en un sistema de seguridad\u201d, dijo.<\/p>\n\n\n\n<p>Asimismo, coment\u00f3 que, pese a que existe una necesidad muy alta, desde hace algunos a\u00f1os, los desarrolladores dejaron de hacer&nbsp;<strong>vivienda social<\/strong>, pero con el&nbsp;<strong>PVB<\/strong>, el sector volvi\u00f3 a voltear a ver a ese segmento para las personas de menores ingresos.<\/p>\n\n\n\n<p>No obstante, el presidente de la&nbsp;<strong>Canadevi<\/strong>&nbsp;se\u00f1al\u00f3 que este&nbsp;<strong>Programa de Vivienda<\/strong>&nbsp;requiere de la coordinaci\u00f3n entre los tres niveles de Gobierno y la iniciativa privada.<\/p>\n\n\n\n<p>En primer lugar, mencion\u00f3 que es de suma importancia que los&nbsp;<strong>gobiernos municipales<\/strong>&nbsp;se sumen, ya que sin ellos ser\u00eda muy dif\u00edcil alcanzar la meta del PVB. Por su parte, los&nbsp;<strong>gobiernos estatales<\/strong>&nbsp;deben brindar la pauta en la parte de infraestructura, permisos y dem\u00e1s tr\u00e1mites para facilitar la construcci\u00f3n de las viviendas. Y el&nbsp;<strong>Gobierno Federal<\/strong>&nbsp;debe brindar todos los apoyos necesarios en la parte financiera.<\/p>\n\n\n\n<p>\u201cYo creo que, en ese sentido, se puede lograr muy f\u00e1cilmente este arranque del&nbsp;<strong>tren de la vivienda social<\/strong>. Y digo arranque porque esta industria tiene un arranque muy lento, no es que podamos empezar a producir vivienda levantando un switch, sino que es un arranque lento\u201d, agreg\u00f3.<\/p>\n\n\n\n<p>Y, de igual manera, resalt\u00f3 que al sumar a la&nbsp;<strong>iniciativa privada<\/strong>, se podr\u00eda superar la meta del mill\u00f3n de viviendas que se contemplan en el Programa.<\/p>\n\n\n\n<p>\u201cCreo que es una gran oportunidad sumar a la&nbsp;<strong>iniciativa privada<\/strong>, sumar la&nbsp;<strong>experiencia<\/strong>&nbsp;de la iniciativa privada, su&nbsp;<strong>reserva territorial<\/strong>&nbsp;y todo lo que se refiere al&nbsp;<strong>conocimiento<\/strong>&nbsp;que ya vivimos en la construcci\u00f3n de estas viviendas para tener un efecto multiplicador para que sean no solo 1 mill\u00f3n de viviendas sino m\u00e1s unidades\u201d, afirm\u00f3.<\/p>\n\n\n\n<p>Y a\u00f1adi\u00f3 que tambi\u00e9n se podr\u00edan atender las&nbsp;<strong>necesidades de vivienda<\/strong>&nbsp;de otros nichos de poblaci\u00f3n, es decir, de quienes requieren otro tipo de vivienda; as\u00ed como los&nbsp;<strong>problemas particulares<\/strong>&nbsp;de cada regi\u00f3n del pa\u00eds.<\/p>\n\n\n\n<p>En ese sentido,&nbsp;<strong>Moreno<\/strong>&nbsp;asegur\u00f3 que, si los tres niveles de gobierno y la iniciativa privada se ponen de acuerdo para comenzar a trabajar en la parte de infraestructura h\u00eddrica y el\u00e9ctrica, en mejorar los procesos de operaci\u00f3n, eliminar las barreras de acceso al cr\u00e9dito, entre otras facilidades, en cerca de tres a\u00f1os se tendr\u00eda una construcci\u00f3n de un promedio de&nbsp;<strong>250,000 viviendas<\/strong>&nbsp;de forma cont\u00ednua.<\/p>\n\n\n\n<p>\u201cCon esto, puedo asegurar que terminar\u00edamos en tres a\u00f1os una&nbsp;<strong>construcci\u00f3n promedio de 250,000 viviendas de inter\u00e9s social<\/strong>&nbsp;de manera continua. (\u2026) Esto ya se vivi\u00f3, ya se tiene mucha literatura al respecto, es nada m\u00e1s regresarse un poquito, ver como acomodarlo a los nuevos tiempos y arrancarlo. Y ser\u00eda seguro que en menos de tres a\u00f1os estar\u00edamos construyendo a raz\u00f3n de 250,000 viviendas de este tipo en M\u00e9xico\u201d, concluy\u00f3 el presidente de la&nbsp;<strong>Canadevi<\/strong>.<\/p>\n","protected":false},"excerpt":{"rendered":"<p>Por: Fernanda Hern\u00e1ndez El presidente nacional de la Canadevi asegur\u00f3 que, al sumar esfuerzos entre los tres niveles de Gobierno y la IP, se podr\u00e1 superar la meta del PVB Luis Alberto Moreno G\u00f3mez Monroy, presidente nacional de la C\u00e1mara Nacional de la Industria de Desarrollo y Promoci\u00f3n de la Vivienda&nbsp;(Canadevi), celebr\u00f3 que la vivienda [&hellip;]<\/p>\n","protected":false},"author":1,"featured_media":16723,"comment_status":"open","ping_status":"closed","sticky":false,"template":"","format":"standard","meta":{"site-sidebar-layout":"default","site-content-layout":"","ast-site-content-layout":"default","site-content-style":"default","site-sidebar-style":"default","ast-global-header-display":"","ast-banner-title-visibility":"","ast-main-header-display":"","ast-hfb-above-header-display":"","ast-hfb-below-header-display":"","ast-hfb-mobile-header-display":"","site-post-title":"","ast-breadcrumbs-content":"","ast-featured-img":"","footer-sml-layout":"","ast-disable-related-posts":"","theme-transparent-header-meta":"","adv-header-id-meta":"","stick-header-meta":"","header-above-stick-meta":"","header-main-stick-meta":"","header-below-stick-meta":"","astra-migrate-meta-layouts":"set","ast-page-background-enabled":"default","ast-page-background-meta":{"desktop":{"background-color":"var(--ast-global-color-4)","background-image":"","background-repeat":"repeat","background-position":"center center","background-size":"auto","background-attachment":"scroll","background-type":"","background-media":"","overlay-type":"","overlay-color":"","overlay-opacity":"","overlay-gradient":""},"tablet":{"background-color":"","background-image":"","background-repeat":"repeat","background-position":"center center","background-size":"auto","background-attachment":"scroll","background-type":"","background-media":"","overlay-type":"","overlay-color":"","overlay-opacity":"","overlay-gradient":""},"mobile":{"background-color":"","background-image":"","background-repeat":"repeat","background-position":"center center","background-size":"auto","background-attachment":"scroll","background-type":"","background-media":"","overlay-type":"","overlay-color":"","overlay-opacity":"","overlay-gradient":""}},"ast-content-background-meta":{"desktop":{"background-color":"var(--ast-global-color-5)","background-image":"","background-repeat":"repeat","background-position":"center center","background-size":"auto","background-attachment":"scroll","background-type":"","background-media":"","overlay-type":"","overlay-color":"","overlay-opacity":"","overlay-gradient":""},"tablet":{"background-color":"var(--ast-global-color-5)","background-image":"","background-repeat":"repeat","background-position":"center center","background-size":"auto","background-attachment":"scroll","background-type":"","background-media":"","overlay-type":"","overlay-color":"","overlay-opacity":"","overlay-gradient":""},"mobile":{"background-color":"var(--ast-global-color-5)","background-image":"","background-repeat":"repeat","background-position":"center center","background-size":"auto","background-attachment":"scroll","background-type":"","background-media":"","overlay-type":"","overlay-color":"","overlay-opacity":"","overlay-gradient":""}},"footnotes":""},"categories":[4],"tags":[34,88,6579,177],"class_list":["post-16722","post","type-post","status-publish","format-standard","has-post-thumbnail","hentry","category-noticias","tag-canadevi","tag-gobierno","tag-programa-de-vivienda-para-bienestar","tag-vivienda"],"_links":{"self":[{"href":"https:\/\/hombresymujeresdelacasa.com\/home\/wp-json\/wp\/v2\/posts\/16722","targetHints":{"allow":["GET"]}}],"collection":[{"href":"https:\/\/hombresymujeresdelacasa.com\/home\/wp-json\/wp\/v2\/posts"}],"about":[{"href":"https:\/\/hombresymujeresdelacasa.com\/home\/wp-json\/wp\/v2\/types\/post"}],"author":[{"embeddable":true,"href":"https:\/\/hombresymujeresdelacasa.com\/home\/wp-json\/wp\/v2\/users\/1"}],"replies":[{"embeddable":true,"href":"https:\/\/hombresymujeresdelacasa.com\/home\/wp-json\/wp\/v2\/comments?post=16722"}],"version-history":[{"count":1,"href":"https:\/\/hombresymujeresdelacasa.com\/home\/wp-json\/wp\/v2\/posts\/16722\/revisions"}],"predecessor-version":[{"id":16724,"href":"https:\/\/hombresymujeresdelacasa.com\/home\/wp-json\/wp\/v2\/posts\/16722\/revisions\/16724"}],"wp:featuredmedia":[{"embeddable":true,"href":"https:\/\/hombresymujeresdelacasa.com\/home\/wp-json\/wp\/v2\/media\/16723"}],"wp:attachment":[{"href":"https:\/\/hombresymujeresdelacasa.com\/home\/wp-json\/wp\/v2\/media?parent=16722"}],"wp:term":[{"taxonomy":"category","embeddable":true,"href":"https:\/\/hombresymujeresdelacasa.com\/home\/wp-json\/wp\/v2\/categories?post=16722"},{"taxonomy":"post_tag","embeddable":true,"href":"https:\/\/hombresymujeresdelacasa.com\/home\/wp-json\/wp\/v2\/tags?post=16722"}],"curies":[{"name":"wp","href":"https:\/\/api.w.org\/{rel}","templated":true}]}}