{"id":16698,"date":"2025-01-21T18:46:19","date_gmt":"2025-01-22T00:46:19","guid":{"rendered":"https:\/\/hombresymujeresdelacasa.com\/home\/?p=16698"},"modified":"2025-01-21T18:46:25","modified_gmt":"2025-01-22T00:46:25","slug":"jalisco-se-alista-para-implementar-el-programa-de-vivienda","status":"publish","type":"post","link":"https:\/\/hombresymujeresdelacasa.com\/home\/jalisco-se-alista-para-implementar-el-programa-de-vivienda\/","title":{"rendered":"Jalisco se alista para implementar el Programa de Vivienda"},"content":{"rendered":"\n<p>Por: Fernanda Hern\u00e1ndez<\/p>\n\n\n\n<p><em>Se realizar\u00e1n talleres con el fin de que Jalisco se convierta en un referente de vivienda, sustentabilidad y desarrollo ordenado<\/em><\/p>\n\n\n\n<p>El&nbsp;<strong>Gobierno del estado de Jalisco<\/strong>&nbsp;anunci\u00f3 que a finales de este mes de enero firmar\u00e1 un convenio de colaboraci\u00f3n con la&nbsp;<strong>Secretar\u00eda de Desarrollo Agrario, Territorial y Urbano&nbsp;<\/strong>(<strong>Sedatu<\/strong>) para la implementaci\u00f3n del&nbsp;<a href=\"https:\/\/centrourbano.com\/revista\/vivienda\/aguascalientes-michoacan-vivienda\/\" target=\"_blank\" rel=\"noreferrer noopener nofollow\"><strong>Programa de Vivienda para el Bienestar&nbsp;<\/strong><\/a>en la entidad.<\/p>\n\n\n\n<p>En ese marco, a fin de iniciar con los trabajos para construir vivienda adecuada y llevar a cabo acciones de mejoramiento y certeza jur\u00eddica, el&nbsp;<strong>Instituto Jalisciense de la Vivienda<\/strong>&nbsp;(<strong>Ijalvi<\/strong>) y la&nbsp;<strong>Procuradur\u00eda de Desarrollo Urbano<\/strong>&nbsp;arrancaron talleres de capacitaci\u00f3n que abarcar\u00e1n las 12 regiones del estado.<\/p>\n\n\n\n<p>Adem\u00e1s, participar\u00e1n&nbsp;<strong>autoridades federales, estatales y municipales<\/strong>, adem\u00e1s de otros actores como el&nbsp;<strong>Congreso del estado de Jalisco<\/strong>&nbsp;y la&nbsp;<strong>Universidad de Guadalajara<\/strong>.<\/p>\n\n\n\n<p>Durante el primer taller, que se dirigi\u00f3 a la regi\u00f3n Altos Sur,&nbsp;<strong>Karina Hermosillo Ram\u00edrez, coordinadora general estrat\u00e9gica de Gesti\u00f3n del Territorio<\/strong>, destac\u00f3 que Jalisco trabajar\u00e1 para dejar ejemplo de c\u00f3mo se puede construir con condiciones sociales dignas para todas las personas.<\/p>\n\n\n\n<p>\u201cNo podemos aceptar que la idea de la&nbsp;<strong>vivienda social<\/strong>&nbsp;implique precariedad, debemos liderar con el ejemplo demostrando que es posible construir comunidades completas, vibrantes y sostenibles\u201d, dijo.<\/p>\n\n\n\n<p>Asimismo, indic\u00f3 que los talleres buscan que Jalisco se convierta en un&nbsp;<strong>referente de vivienda, sustentabilidad y desarrollo ordenado<\/strong>; y refiri\u00f3 que es una oportunidad para demostrar que en la entidad existe la certeza legal y la colaboraci\u00f3n para el compromiso de trabajar en unidad en beneficio de las familias jaliscienses.<\/p>\n\n\n\n<p>Por su parte,&nbsp;<strong>Guillermo Medrano Barba, director general del Ijalvi<\/strong>, se\u00f1al\u00f3 que el ejercicio tiene un proyecto trabajado previamente con el&nbsp;<strong>Programa Estatal de Vivienda 2018\u2013 2024 Visi\u00f3n 2050<\/strong>.<\/p>\n\n\n\n<p>De igual manera, dio a conocer que se acudir\u00e1 a cada regi\u00f3n del estado para realizar estos talleres, generar diagn\u00f3sticos y legitimar los planes estatales de vivienda. Y agreg\u00f3 que la meta para el sexenio ser\u00e1 construir&nbsp;<strong>19,500 viviendas nuevas para los derechohabientes de Instituto del Fondo Nacional de la Vivienda para los Trabajadores<\/strong>&nbsp;(<strong>Infonavit<\/strong>) y&nbsp;<strong>10,000 para quienes no cuentan con derechohabiencia<\/strong>.<\/p>\n\n\n\n<p>A esto se sumar\u00e1 contribuir con las acciones legales para 15,000 escrituras con el&nbsp;<strong>Instituto Nacional del Suelo Sustentable<\/strong>&nbsp;(<strong>Insus<\/strong>), as\u00ed como 44,599 acciones totales.<\/p>\n\n\n\n<p>Adem\u00e1s, precis\u00f3 que el&nbsp;<strong>Gobierno Federal<\/strong>&nbsp;se encargar\u00e1 de la coordinaci\u00f3n y construcci\u00f3n de vivienda, urbanizaci\u00f3n, equipamiento, infraestructura y regularizaci\u00f3n; el&nbsp;<strong>Gobierno de Jalisco<\/strong>&nbsp;brindar\u00e1 oportunidades administrativas, fiscales y aportaci\u00f3n de suelo; y los&nbsp;<strong>Municipios<\/strong>&nbsp;participar\u00e1n con facilidades administrativas y aportaci\u00f3n de suelo.<\/p>\n\n\n\n<p>A lo largo de esta semana, los talleres continuar\u00e1n en los municipios de la regi\u00f3n&nbsp;<strong>Norte<\/strong>,&nbsp;<strong>Altos Norte<\/strong>&nbsp;y&nbsp;<strong>Ci\u00e9nega<\/strong>, as\u00ed como en las regiones&nbsp;<strong>Sur y Sierra de Amula<\/strong>. Posteriormente se realizar\u00e1n en los municipios de las regiones&nbsp;<strong>Costa Sur, Sureste, Centro, Sierra Occidental y Valles<\/strong>, y concluir\u00e1n el martes 28 de enero con la regi\u00f3n&nbsp;<strong>Lagunas<\/strong>. <\/p>\n\n\n\n<p><\/p>\n","protected":false},"excerpt":{"rendered":"<p>Por: Fernanda Hern\u00e1ndez Se realizar\u00e1n talleres con el fin de que Jalisco se convierta en un referente de vivienda, sustentabilidad y desarrollo ordenado El&nbsp;Gobierno del estado de Jalisco&nbsp;anunci\u00f3 que a finales de este mes de enero firmar\u00e1 un convenio de colaboraci\u00f3n con la&nbsp;Secretar\u00eda de Desarrollo Agrario, Territorial y Urbano&nbsp;(Sedatu) para la implementaci\u00f3n del&nbsp;Programa de Vivienda [&hellip;]<\/p>\n","protected":false},"author":1,"featured_media":16699,"comment_status":"open","ping_status":"closed","sticky":false,"template":"","format":"standard","meta":{"site-sidebar-layout":"default","site-content-layout":"","ast-site-content-layout":"default","site-content-style":"default","site-sidebar-style":"default","ast-global-header-display":"","ast-banner-title-visibility":"","ast-main-header-display":"","ast-hfb-above-header-display":"","ast-hfb-below-header-display":"","ast-hfb-mobile-header-display":"","site-post-title":"","ast-breadcrumbs-content":"","ast-featured-img":"","footer-sml-layout":"","ast-disable-related-posts":"","theme-transparent-header-meta":"","adv-header-id-meta":"","stick-header-meta":"","header-above-stick-meta":"","header-main-stick-meta":"","header-below-stick-meta":"","astra-migrate-meta-layouts":"set","ast-page-background-enabled":"default","ast-page-background-meta":{"desktop":{"background-color":"var(--ast-global-color-4)","background-image":"","background-repeat":"repeat","background-position":"center center","background-size":"auto","background-attachment":"scroll","background-type":"","background-media":"","overlay-type":"","overlay-color":"","overlay-opacity":"","overlay-gradient":""},"tablet":{"background-color":"","background-image":"","background-repeat":"repeat","background-position":"center center","background-size":"auto","background-attachment":"scroll","background-type":"","background-media":"","overlay-type":"","overlay-color":"","overlay-opacity":"","overlay-gradient":""},"mobile":{"background-color":"","background-image":"","background-repeat":"repeat","background-position":"center center","background-size":"auto","background-attachment":"scroll","background-type":"","background-media":"","overlay-type":"","overlay-color":"","overlay-opacity":"","overlay-gradient":""}},"ast-content-background-meta":{"desktop":{"background-color":"var(--ast-global-color-5)","background-image":"","background-repeat":"repeat","background-position":"center center","background-size":"auto","background-attachment":"scroll","background-type":"","background-media":"","overlay-type":"","overlay-color":"","overlay-opacity":"","overlay-gradient":""},"tablet":{"background-color":"var(--ast-global-color-5)","background-image":"","background-repeat":"repeat","background-position":"center center","background-size":"auto","background-attachment":"scroll","background-type":"","background-media":"","overlay-type":"","overlay-color":"","overlay-opacity":"","overlay-gradient":""},"mobile":{"background-color":"var(--ast-global-color-5)","background-image":"","background-repeat":"repeat","background-position":"center center","background-size":"auto","background-attachment":"scroll","background-type":"","background-media":"","overlay-type":"","overlay-color":"","overlay-opacity":"","overlay-gradient":""}},"footnotes":""},"categories":[4],"tags":[102,108,6575,6509,154,177],"class_list":["post-16698","post","type-post","status-publish","format-standard","has-post-thumbnail","hentry","category-noticias","tag-infonavit","tag-jalisco","tag-procuraduria-de-desarrollo-urbano","tag-programa-de-vivienda-para-el-bienestar","tag-sedatu","tag-vivienda"],"_links":{"self":[{"href":"https:\/\/hombresymujeresdelacasa.com\/home\/wp-json\/wp\/v2\/posts\/16698","targetHints":{"allow":["GET"]}}],"collection":[{"href":"https:\/\/hombresymujeresdelacasa.com\/home\/wp-json\/wp\/v2\/posts"}],"about":[{"href":"https:\/\/hombresymujeresdelacasa.com\/home\/wp-json\/wp\/v2\/types\/post"}],"author":[{"embeddable":true,"href":"https:\/\/hombresymujeresdelacasa.com\/home\/wp-json\/wp\/v2\/users\/1"}],"replies":[{"embeddable":true,"href":"https:\/\/hombresymujeresdelacasa.com\/home\/wp-json\/wp\/v2\/comments?post=16698"}],"version-history":[{"count":1,"href":"https:\/\/hombresymujeresdelacasa.com\/home\/wp-json\/wp\/v2\/posts\/16698\/revisions"}],"predecessor-version":[{"id":16700,"href":"https:\/\/hombresymujeresdelacasa.com\/home\/wp-json\/wp\/v2\/posts\/16698\/revisions\/16700"}],"wp:featuredmedia":[{"embeddable":true,"href":"https:\/\/hombresymujeresdelacasa.com\/home\/wp-json\/wp\/v2\/media\/16699"}],"wp:attachment":[{"href":"https:\/\/hombresymujeresdelacasa.com\/home\/wp-json\/wp\/v2\/media?parent=16698"}],"wp:term":[{"taxonomy":"category","embeddable":true,"href":"https:\/\/hombresymujeresdelacasa.com\/home\/wp-json\/wp\/v2\/categories?post=16698"},{"taxonomy":"post_tag","embeddable":true,"href":"https:\/\/hombresymujeresdelacasa.com\/home\/wp-json\/wp\/v2\/tags?post=16698"}],"curies":[{"name":"wp","href":"https:\/\/api.w.org\/{rel}","templated":true}]}}