{"id":16692,"date":"2025-01-21T14:19:10","date_gmt":"2025-01-21T20:19:10","guid":{"rendered":"https:\/\/hombresymujeresdelacasa.com\/home\/?p=16692"},"modified":"2025-01-21T14:19:19","modified_gmt":"2025-01-21T20:19:19","slug":"fernanda-lonardoni-nueva-directora-de-onu-habitat-mexico-y-centroamerica","status":"publish","type":"post","link":"https:\/\/hombresymujeresdelacasa.com\/home\/fernanda-lonardoni-nueva-directora-de-onu-habitat-mexico-y-centroamerica\/","title":{"rendered":"Fernanda Lonardoni, nueva directora de ONU-Habitat M\u00e9xico y Centroam\u00e9rica"},"content":{"rendered":"\n<p>Por: Fernanda Hern\u00e1ndez <\/p>\n\n\n\n<p><em>\u201cDesde ONU-Habitat, estamos listos para contribuir a construir ciudades m\u00e1s justas, sostenibles e inclusivas, priorizando a quienes m\u00e1s lo necesitan\u201d<\/em><\/p>\n\n\n\n<p>Con el objetivo de hacer frente a retos y oportunidades en vivienda y desarrollo urbano sostenible,&nbsp;<a href=\"https:\/\/centrourbano.com\/revista\/urbanismo\/anaclaudia-rossbach-onu-habitat\/\" target=\"_blank\" rel=\"noreferrer noopener nofollow\"><strong>ONU-Habitat<\/strong>&nbsp;<\/a>design\u00f3 a&nbsp;<strong>Fernanda Lonardoni<\/strong>&nbsp;como&nbsp;<strong>nueva Jefa del Programa para M\u00e9xico, Cuba y Centroam\u00e9rica<\/strong>.<\/p>\n\n\n\n<p><strong>Lonardoni<\/strong>, originaria de Brasil, es doctora en Sociolog\u00eda Urbana por el&nbsp;<strong>Instituto Federal Suizo de Tecnolog\u00eda<\/strong>&nbsp;y cuenta con una maestr\u00eda en Arquitectura y Urbanismo por la&nbsp;<strong>Universidad Federal de Santa Catarina<\/strong>, en su pa\u00eds natal.<\/p>\n\n\n\n<p>Cuenta con m\u00e1s de 15 a\u00f1os de experiencia internacional en materia de&nbsp;<strong>transformaci\u00f3n urbana<\/strong>, que combina experiencia en pol\u00edticas p\u00fablicas, desarrollo urbano y vivienda.<\/p>\n\n\n\n<p>De igual manera, ha trabajado en \u00e1mbitos como el gobierno, la academia y organizaciones internacionales, gestionando proyectos normativos y operativos tanto a nivel nacional como local, adem\u00e1s de que ha asesorado a ministros, alcaldes y tomadores de decisiones de alto nivel en m\u00e1s de 10 pa\u00edses frente a los&nbsp;<strong>desaf\u00edos urbanos actuales<\/strong>.<\/p>\n\n\n\n<p>Antes de su ingreso a&nbsp;<strong>ONU-Habitat<\/strong>, Lonardoni trabaj\u00f3 en el&nbsp;<strong>Instituto Federal Suizo de Tecnolog\u00eda<\/strong>, la&nbsp;<strong>Organizaci\u00f3n Internacional del Trabajo<\/strong>&nbsp;(<strong>OIT<\/strong>) y el&nbsp;<strong>Banco Mundial<\/strong>; y, desde que se uni\u00f3 a&nbsp;<strong>ONU-Habitat<\/strong>&nbsp;en 2013, ha desempe\u00f1ado m\u00faltiples roles, como el de&nbsp;<strong>Jefa del Programa de Pa\u00eds en Bahr\u00e9in y los Emiratos \u00c1rabes Unidos<\/strong>, donde lider\u00f3 iniciativas clave en desarrollo sostenible y planificaci\u00f3n urbana.<\/p>\n\n\n\n<p>\u201cSu llegada a&nbsp;<strong>ONU-Habitat M\u00e9xico, Cuba y Centroam\u00e9rica<\/strong>&nbsp;marca el inicio de una nueva etapa de colaboraci\u00f3n y acci\u00f3n en beneficio de las comunidades m\u00e1s vulnerables\u201d, indic\u00f3 la agencia de las Naciones Unidas.<\/p>\n\n\n\n<p>\u201cDesde mi llegada a M\u00e9xico, he podido observar los desaf\u00edos y oportunidades que enfrenta la regi\u00f3n en torno a la&nbsp;<strong>vivienda<\/strong>&nbsp;y la&nbsp;<strong>urbanizaci\u00f3n<\/strong>. Estoy muy feliz de regresar a Am\u00e9rica Latina, una regi\u00f3n vibrante y resiliente, para trabajar junto a nuestros socios y comunidades. Juntos podemos construir&nbsp;<strong>ciudades m\u00e1s justas, sostenibles e inclusivas<\/strong>, priorizando a quienes m\u00e1s lo necesitan. Desde ONU-Habitat, estamos listos para contribuir a este objetivo\u201d, agreg\u00f3&nbsp;<a href=\"https:\/\/x.com\/ferlonardoni\" target=\"_blank\" rel=\"noreferrer noopener nofollow\"><strong>Lonardoni<\/strong><\/a>.<\/p>\n\n\n\n<p><\/p>\n","protected":false},"excerpt":{"rendered":"<p>Por: Fernanda Hern\u00e1ndez \u201cDesde ONU-Habitat, estamos listos para contribuir a construir ciudades m\u00e1s justas, sostenibles e inclusivas, priorizando a quienes m\u00e1s lo necesitan\u201d Con el objetivo de hacer frente a retos y oportunidades en vivienda y desarrollo urbano sostenible,&nbsp;ONU-Habitat&nbsp;design\u00f3 a&nbsp;Fernanda Lonardoni&nbsp;como&nbsp;nueva Jefa del Programa para M\u00e9xico, Cuba y Centroam\u00e9rica. Lonardoni, originaria de Brasil, es doctora [&hellip;]<\/p>\n","protected":false},"author":1,"featured_media":16693,"comment_status":"open","ping_status":"closed","sticky":false,"template":"","format":"standard","meta":{"site-sidebar-layout":"default","site-content-layout":"","ast-site-content-layout":"default","site-content-style":"default","site-sidebar-style":"default","ast-global-header-display":"","ast-banner-title-visibility":"","ast-main-header-display":"","ast-hfb-above-header-display":"","ast-hfb-below-header-display":"","ast-hfb-mobile-header-display":"","site-post-title":"","ast-breadcrumbs-content":"","ast-featured-img":"","footer-sml-layout":"","ast-disable-related-posts":"","theme-transparent-header-meta":"","adv-header-id-meta":"","stick-header-meta":"","header-above-stick-meta":"","header-main-stick-meta":"","header-below-stick-meta":"","astra-migrate-meta-layouts":"set","ast-page-background-enabled":"default","ast-page-background-meta":{"desktop":{"background-color":"var(--ast-global-color-4)","background-image":"","background-repeat":"repeat","background-position":"center center","background-size":"auto","background-attachment":"scroll","background-type":"","background-media":"","overlay-type":"","overlay-color":"","overlay-opacity":"","overlay-gradient":""},"tablet":{"background-color":"","background-image":"","background-repeat":"repeat","background-position":"center center","background-size":"auto","background-attachment":"scroll","background-type":"","background-media":"","overlay-type":"","overlay-color":"","overlay-opacity":"","overlay-gradient":""},"mobile":{"background-color":"","background-image":"","background-repeat":"repeat","background-position":"center center","background-size":"auto","background-attachment":"scroll","background-type":"","background-media":"","overlay-type":"","overlay-color":"","overlay-opacity":"","overlay-gradient":""}},"ast-content-background-meta":{"desktop":{"background-color":"var(--ast-global-color-5)","background-image":"","background-repeat":"repeat","background-position":"center center","background-size":"auto","background-attachment":"scroll","background-type":"","background-media":"","overlay-type":"","overlay-color":"","overlay-opacity":"","overlay-gradient":""},"tablet":{"background-color":"var(--ast-global-color-5)","background-image":"","background-repeat":"repeat","background-position":"center center","background-size":"auto","background-attachment":"scroll","background-type":"","background-media":"","overlay-type":"","overlay-color":"","overlay-opacity":"","overlay-gradient":""},"mobile":{"background-color":"var(--ast-global-color-5)","background-image":"","background-repeat":"repeat","background-position":"center center","background-size":"auto","background-attachment":"scroll","background-type":"","background-media":"","overlay-type":"","overlay-color":"","overlay-opacity":"","overlay-gradient":""}},"footnotes":""},"categories":[4],"tags":[6571,6573,522],"class_list":["post-16692","post","type-post","status-publish","format-standard","has-post-thumbnail","hentry","category-noticias","tag-fernanda-lonardoni","tag-nueva-directora","tag-onu-habitat"],"_links":{"self":[{"href":"https:\/\/hombresymujeresdelacasa.com\/home\/wp-json\/wp\/v2\/posts\/16692","targetHints":{"allow":["GET"]}}],"collection":[{"href":"https:\/\/hombresymujeresdelacasa.com\/home\/wp-json\/wp\/v2\/posts"}],"about":[{"href":"https:\/\/hombresymujeresdelacasa.com\/home\/wp-json\/wp\/v2\/types\/post"}],"author":[{"embeddable":true,"href":"https:\/\/hombresymujeresdelacasa.com\/home\/wp-json\/wp\/v2\/users\/1"}],"replies":[{"embeddable":true,"href":"https:\/\/hombresymujeresdelacasa.com\/home\/wp-json\/wp\/v2\/comments?post=16692"}],"version-history":[{"count":1,"href":"https:\/\/hombresymujeresdelacasa.com\/home\/wp-json\/wp\/v2\/posts\/16692\/revisions"}],"predecessor-version":[{"id":16694,"href":"https:\/\/hombresymujeresdelacasa.com\/home\/wp-json\/wp\/v2\/posts\/16692\/revisions\/16694"}],"wp:featuredmedia":[{"embeddable":true,"href":"https:\/\/hombresymujeresdelacasa.com\/home\/wp-json\/wp\/v2\/media\/16693"}],"wp:attachment":[{"href":"https:\/\/hombresymujeresdelacasa.com\/home\/wp-json\/wp\/v2\/media?parent=16692"}],"wp:term":[{"taxonomy":"category","embeddable":true,"href":"https:\/\/hombresymujeresdelacasa.com\/home\/wp-json\/wp\/v2\/categories?post=16692"},{"taxonomy":"post_tag","embeddable":true,"href":"https:\/\/hombresymujeresdelacasa.com\/home\/wp-json\/wp\/v2\/tags?post=16692"}],"curies":[{"name":"wp","href":"https:\/\/api.w.org\/{rel}","templated":true}]}}