{"id":16683,"date":"2025-01-20T13:21:35","date_gmt":"2025-01-20T19:21:35","guid":{"rendered":"https:\/\/hombresymujeresdelacasa.com\/home\/?p=16683"},"modified":"2025-01-20T13:21:39","modified_gmt":"2025-01-20T19:21:39","slug":"pvb-se-proyectan-29000-acciones-de-vivienda-en-sinaloa","status":"publish","type":"post","link":"https:\/\/hombresymujeresdelacasa.com\/home\/pvb-se-proyectan-29000-acciones-de-vivienda-en-sinaloa\/","title":{"rendered":"PVB: se proyectan 29,000 acciones de vivienda en Sinaloa"},"content":{"rendered":"\n<p>Por: Fernanda Hern\u00e1ndez <\/p>\n\n\n\n<p><em>Del total de acciones de vivienda proyectadas para Sinaloa, 14,000 ser\u00e1n a trav\u00e9s del Infonavit y 15,000 a trav\u00e9s de la Conavi<\/em><\/p>\n\n\n\n<p>La&nbsp;<strong>Secretar\u00eda de Desarrollo Agrario, Territorial y Urbano<\/strong>&nbsp;(<strong>Sedatu<\/strong>) y el gobierno de&nbsp;<strong>Sinaloa<\/strong>&nbsp;firmaron un convenio para la implementaci\u00f3n del&nbsp;<a href=\"https:\/\/centrourbano.com\/revista\/vivienda\/aguascalientes-michoacan-vivienda\/\" target=\"_blank\" rel=\"noreferrer noopener nofollow\"><strong>Programa de Vivienda para el Bienestar<\/strong><\/a>&nbsp;(<strong>PVB<\/strong>).<\/p>\n\n\n\n<p>De esta manera, se proyecta la realizaci\u00f3n de&nbsp;<strong>29,000 acciones de vivienda<\/strong>&nbsp;en la entidad, en beneficio de la poblaci\u00f3n m\u00e1s vulnerable.<\/p>\n\n\n\n<p>Al respecto,&nbsp;<strong>Rodrigo Ch\u00e1vez Contreras, director de la Comisi\u00f3n Nacional de Vivienda<\/strong>&nbsp;(<strong>Conavi<\/strong>), explic\u00f3 que, del total de acciones proyectadas para&nbsp;<strong>Sinaloa<\/strong>, 14,000 viviendas nuevas ser\u00e1n para personas derechohabientes del&nbsp;<strong>Instituto del Fondo Nacional de la Vivienda para los Trabajadores<\/strong>&nbsp;(<strong>Infonavit<\/strong>) y 15,000 para no derechohabientes a trav\u00e9s de la&nbsp;<strong>Comisi\u00f3n<\/strong>.<\/p>\n\n\n\n<p>\u201cSeguimos sumando esfuerzos con los tres \u00f3rdenes de gobierno para adquirir predios con acceso a servicios b\u00e1sicos como agua, electricidad, drenaje; y sin condiciones de riesgo como deslizamientos de laderas, pendientes, susceptibles a inundaciones\u201d, agreg\u00f3.<\/p>\n\n\n\n<p>Por su parte,&nbsp;<strong>Orlando Camarillo Ruiz, enlace del Infonavit<\/strong>, se\u00f1al\u00f3 que en Sinaloa se construyen 3,300 viviendas nuevas al a\u00f1o que pueden ser comercializadas mediante un cr\u00e9dito del Instituto o bancario.<\/p>\n\n\n\n<p>\u201cSi la presidenta&nbsp;<strong>Claudia Sheinbaum Pardo<\/strong>&nbsp;no hubiera empujado este programa y si ustedes, desde el gobierno estatal y los gobiernos municipales, no hubieran asumido como una prioridad, la poblaci\u00f3n de uno y dos salarios m\u00ednimos no pudiera acceder a una vivienda adecuada\u201d, coment\u00f3.<\/p>\n\n\n\n<p>En tanto,&nbsp;<strong>Feliciano Castro Mel\u00e9ndrez, secretario general del gobierno sinaloense<\/strong>, destac\u00f3 la determinaci\u00f3n de llevar a este terreno los principios de la justicia, a fin de asegurar el derecho humano a una vivienda digna que garantice seguridad, estabilidad y la posibilidad de construir un mejor futuro.<\/p>\n\n\n\n<p>\u201cLo ha dicho nuestra presidenta, para el sexenio 2024-2030, se contempla la construcci\u00f3n de&nbsp;<strong>1 mill\u00f3n de viviendas en todo el pa\u00eds<\/strong>. Para fortuna nuestra, en el estado se construir\u00e1n 29,000 de ellas. Esta justa y detonante inversi\u00f3n tendr\u00e1, adem\u00e1s, el efecto virtuoso de crear 130,000 empleos directos y 195,000 indirectos\u201d, precis\u00f3.<a href=\"https:\/\/centrourbano.com\/revista\/author\/fernanda-hernandez\/\" rel=\"nofollow noopener\" target=\"_blank\"><\/a><\/p>\n","protected":false},"excerpt":{"rendered":"<p>Por: Fernanda Hern\u00e1ndez Del total de acciones de vivienda proyectadas para Sinaloa, 14,000 ser\u00e1n a trav\u00e9s del Infonavit y 15,000 a trav\u00e9s de la Conavi La&nbsp;Secretar\u00eda de Desarrollo Agrario, Territorial y Urbano&nbsp;(Sedatu) y el gobierno de&nbsp;Sinaloa&nbsp;firmaron un convenio para la implementaci\u00f3n del&nbsp;Programa de Vivienda para el Bienestar&nbsp;(PVB). De esta manera, se proyecta la realizaci\u00f3n de&nbsp;29,000 [&hellip;]<\/p>\n","protected":false},"author":1,"featured_media":16684,"comment_status":"open","ping_status":"closed","sticky":false,"template":"","format":"standard","meta":{"site-sidebar-layout":"default","site-content-layout":"","ast-site-content-layout":"default","site-content-style":"default","site-sidebar-style":"default","ast-global-header-display":"","ast-banner-title-visibility":"","ast-main-header-display":"","ast-hfb-above-header-display":"","ast-hfb-below-header-display":"","ast-hfb-mobile-header-display":"","site-post-title":"","ast-breadcrumbs-content":"","ast-featured-img":"","footer-sml-layout":"","ast-disable-related-posts":"","theme-transparent-header-meta":"","adv-header-id-meta":"","stick-header-meta":"","header-above-stick-meta":"","header-main-stick-meta":"","header-below-stick-meta":"","astra-migrate-meta-layouts":"set","ast-page-background-enabled":"default","ast-page-background-meta":{"desktop":{"background-color":"var(--ast-global-color-4)","background-image":"","background-repeat":"repeat","background-position":"center center","background-size":"auto","background-attachment":"scroll","background-type":"","background-media":"","overlay-type":"","overlay-color":"","overlay-opacity":"","overlay-gradient":""},"tablet":{"background-color":"","background-image":"","background-repeat":"repeat","background-position":"center center","background-size":"auto","background-attachment":"scroll","background-type":"","background-media":"","overlay-type":"","overlay-color":"","overlay-opacity":"","overlay-gradient":""},"mobile":{"background-color":"","background-image":"","background-repeat":"repeat","background-position":"center center","background-size":"auto","background-attachment":"scroll","background-type":"","background-media":"","overlay-type":"","overlay-color":"","overlay-opacity":"","overlay-gradient":""}},"ast-content-background-meta":{"desktop":{"background-color":"var(--ast-global-color-5)","background-image":"","background-repeat":"repeat","background-position":"center center","background-size":"auto","background-attachment":"scroll","background-type":"","background-media":"","overlay-type":"","overlay-color":"","overlay-opacity":"","overlay-gradient":""},"tablet":{"background-color":"var(--ast-global-color-5)","background-image":"","background-repeat":"repeat","background-position":"center center","background-size":"auto","background-attachment":"scroll","background-type":"","background-media":"","overlay-type":"","overlay-color":"","overlay-opacity":"","overlay-gradient":""},"mobile":{"background-color":"var(--ast-global-color-5)","background-image":"","background-repeat":"repeat","background-position":"center center","background-size":"auto","background-attachment":"scroll","background-type":"","background-media":"","overlay-type":"","overlay-color":"","overlay-opacity":"","overlay-gradient":""}},"footnotes":""},"categories":[4],"tags":[49,102,6509,154,177],"class_list":["post-16683","post","type-post","status-publish","format-standard","has-post-thumbnail","hentry","category-noticias","tag-conavi","tag-infonavit","tag-programa-de-vivienda-para-el-bienestar","tag-sedatu","tag-vivienda"],"_links":{"self":[{"href":"https:\/\/hombresymujeresdelacasa.com\/home\/wp-json\/wp\/v2\/posts\/16683","targetHints":{"allow":["GET"]}}],"collection":[{"href":"https:\/\/hombresymujeresdelacasa.com\/home\/wp-json\/wp\/v2\/posts"}],"about":[{"href":"https:\/\/hombresymujeresdelacasa.com\/home\/wp-json\/wp\/v2\/types\/post"}],"author":[{"embeddable":true,"href":"https:\/\/hombresymujeresdelacasa.com\/home\/wp-json\/wp\/v2\/users\/1"}],"replies":[{"embeddable":true,"href":"https:\/\/hombresymujeresdelacasa.com\/home\/wp-json\/wp\/v2\/comments?post=16683"}],"version-history":[{"count":1,"href":"https:\/\/hombresymujeresdelacasa.com\/home\/wp-json\/wp\/v2\/posts\/16683\/revisions"}],"predecessor-version":[{"id":16685,"href":"https:\/\/hombresymujeresdelacasa.com\/home\/wp-json\/wp\/v2\/posts\/16683\/revisions\/16685"}],"wp:featuredmedia":[{"embeddable":true,"href":"https:\/\/hombresymujeresdelacasa.com\/home\/wp-json\/wp\/v2\/media\/16684"}],"wp:attachment":[{"href":"https:\/\/hombresymujeresdelacasa.com\/home\/wp-json\/wp\/v2\/media?parent=16683"}],"wp:term":[{"taxonomy":"category","embeddable":true,"href":"https:\/\/hombresymujeresdelacasa.com\/home\/wp-json\/wp\/v2\/categories?post=16683"},{"taxonomy":"post_tag","embeddable":true,"href":"https:\/\/hombresymujeresdelacasa.com\/home\/wp-json\/wp\/v2\/tags?post=16683"}],"curies":[{"name":"wp","href":"https:\/\/api.w.org\/{rel}","templated":true}]}}