{"id":16664,"date":"2025-01-16T13:56:27","date_gmt":"2025-01-16T19:56:27","guid":{"rendered":"https:\/\/hombresymujeresdelacasa.com\/home\/?p=16664"},"modified":"2025-01-16T13:56:29","modified_gmt":"2025-01-16T19:56:29","slug":"ricardo-gonzalez-lomeli-nuevo-presidente-de-la-cmic-cdmx","status":"publish","type":"post","link":"https:\/\/hombresymujeresdelacasa.com\/home\/ricardo-gonzalez-lomeli-nuevo-presidente-de-la-cmic-cdmx\/","title":{"rendered":"Ricardo Gonz\u00e1lez Lomel\u00ed, nuevo presidente de la CMIC CDMX"},"content":{"rendered":"\n<p>Por: Fernanda Hern\u00e1ndez<\/p>\n\n\n\n<p><em>El nuevo presidente de CMIC CDMX mencion\u00f3 las oportunidades que, en conjunto con el gobierno local, se podr\u00e1n desarrollar en pro de la construcci\u00f3n<\/em><\/p>\n\n\n\n<p>En el marco de la primera sesi\u00f3n de 2025 de la Asamblea Ordinaria de Afiliados a la&nbsp;<strong>C\u00e1mara Mexicana de la Industria de la Construcci\u00f3n, delegaci\u00f3n Ciudad de M\u00e9xico<\/strong>&nbsp;(<strong>CMIC CDMX<\/strong>), se realiz\u00f3 el cambio de Comit\u00e9 Directivo delegacional, donde el&nbsp;<strong>Ing. Ricardo Gonz\u00e1lez Lomel\u00ed<\/strong>, rindi\u00f3 protesta como presidente del mismo para el periodo 2025-2027.<\/p>\n\n\n\n<p>Al tomar el cargo,&nbsp;<strong>Gonz\u00e1lez Lomel\u00ed<\/strong>&nbsp;agradeci\u00f3 el voto de confianza de los afiliados de la&nbsp;<strong>CMIC CDMX<\/strong>, as\u00ed como de los expresidentes delegacionales, con los que particip\u00f3 como integrante en sus comit\u00e9s.<\/p>\n\n\n\n<p>De igual forma, inst\u00f3 a los afiliados a continuar avanzando en la construcci\u00f3n de una&nbsp;<strong>CMIC CDMX<\/strong>&nbsp;m\u00e1s igualitaria, equitativa e incluyente.<\/p>\n\n\n\n<p>Adem\u00e1s, destac\u00f3 las oportunidades que, en conjunto con el gobierno local, se podr\u00e1n desarrollar \u201cpara que juntos trabajemos por una mejor industria, una mejor Ciudad y una mejor&nbsp;<strong>CMIC CDMX<\/strong>\u201d.<\/p>\n\n\n\n<p>Por su parte, la&nbsp;<strong>Mtra. Marcela Heredia Izquierdo, presidenta saliente de la C\u00e1mara<\/strong>, agradeci\u00f3 a los afiliados, Comit\u00e9 Directivo y equipo operativo por el respaldo y la oportunidad de estar al frente de la delegaci\u00f3n durante el periodo 2023-2025.<\/p>\n\n\n\n<p>Asimismo, mencion\u00f3 que, con el&nbsp;<strong>nuevo Comit\u00e9 Directivo<\/strong>&nbsp;existir\u00e1 continuidad respecto al trabajo realizado. Y reiter\u00f3 que se continuar\u00e1n estrechando sinergias con el gobierno local, encabezado por Clara Brugada.<\/p>\n\n\n\n<p>Cabe mencionar que el plan de trabajo del Comit\u00e9 entrante se regir\u00e1 a trav\u00e9s de&nbsp;<strong>seis ejes<\/strong>:<\/p>\n\n\n\n<ol class=\"wp-block-list\">\n<li>Capacitaci\u00f3n<\/li>\n\n\n\n<li>Fomento de la Innovaci\u00f3n<\/li>\n\n\n\n<li>Alianzas estrat\u00e9gicas<\/li>\n\n\n\n<li>Responsabilidad Social y Sostenibilidad<\/li>\n\n\n\n<li>Equidad de g\u00e9nero e inclusi\u00f3n<\/li>\n\n\n\n<li>Difusi\u00f3n<\/li>\n<\/ol>\n\n\n\n<p>Lo anterior con el objetivo de dar continuidad a las acciones de la delegaci\u00f3n en beneficio de la&nbsp;<strong>industria de la construcci\u00f3n<\/strong>, promoviendo la colaboraci\u00f3n entre afiliados, entidades de la administraci\u00f3n p\u00fablica local y la iniciativa privada; incentivar los rubros de&nbsp;<strong>innovaci\u00f3n y desarrollo tecnol\u00f3gico<\/strong>&nbsp;relacionados con la industria; e incrementar y diversificar la&nbsp;<strong>capacitaci\u00f3n, educaci\u00f3n y especializaci\u00f3n<\/strong>&nbsp;para fortalecer la competitividad empresarial y profesional.<\/p>\n\n\n\n<figure class=\"wp-block-image aligncenter size-full\"><img fetchpriority=\"high\" decoding=\"async\" width=\"768\" height=\"512\" src=\"https:\/\/hombresymujeresdelacasa.com\/home\/wp-content\/uploads\/2025\/01\/image-3.png\" alt=\"\" class=\"wp-image-16665\" srcset=\"https:\/\/hombresymujeresdelacasa.com\/home\/wp-content\/uploads\/2025\/01\/image-3.png 768w, https:\/\/hombresymujeresdelacasa.com\/home\/wp-content\/uploads\/2025\/01\/image-3-300x200.png 300w\" sizes=\"(max-width: 768px) 100vw, 768px\" \/><\/figure>\n","protected":false},"excerpt":{"rendered":"<p>Por: Fernanda Hern\u00e1ndez El nuevo presidente de CMIC CDMX mencion\u00f3 las oportunidades que, en conjunto con el gobierno local, se podr\u00e1n desarrollar en pro de la construcci\u00f3n En el marco de la primera sesi\u00f3n de 2025 de la Asamblea Ordinaria de Afiliados a la&nbsp;C\u00e1mara Mexicana de la Industria de la Construcci\u00f3n, delegaci\u00f3n Ciudad de M\u00e9xico&nbsp;(CMIC [&hellip;]<\/p>\n","protected":false},"author":1,"featured_media":16666,"comment_status":"open","ping_status":"closed","sticky":false,"template":"","format":"standard","meta":{"site-sidebar-layout":"default","site-content-layout":"","ast-site-content-layout":"default","site-content-style":"default","site-sidebar-style":"default","ast-global-header-display":"","ast-banner-title-visibility":"","ast-main-header-display":"","ast-hfb-above-header-display":"","ast-hfb-below-header-display":"","ast-hfb-mobile-header-display":"","site-post-title":"","ast-breadcrumbs-content":"","ast-featured-img":"","footer-sml-layout":"","ast-disable-related-posts":"","theme-transparent-header-meta":"","adv-header-id-meta":"","stick-header-meta":"","header-above-stick-meta":"","header-main-stick-meta":"","header-below-stick-meta":"","astra-migrate-meta-layouts":"set","ast-page-background-enabled":"default","ast-page-background-meta":{"desktop":{"background-color":"var(--ast-global-color-4)","background-image":"","background-repeat":"repeat","background-position":"center center","background-size":"auto","background-attachment":"scroll","background-type":"","background-media":"","overlay-type":"","overlay-color":"","overlay-opacity":"","overlay-gradient":""},"tablet":{"background-color":"","background-image":"","background-repeat":"repeat","background-position":"center center","background-size":"auto","background-attachment":"scroll","background-type":"","background-media":"","overlay-type":"","overlay-color":"","overlay-opacity":"","overlay-gradient":""},"mobile":{"background-color":"","background-image":"","background-repeat":"repeat","background-position":"center center","background-size":"auto","background-attachment":"scroll","background-type":"","background-media":"","overlay-type":"","overlay-color":"","overlay-opacity":"","overlay-gradient":""}},"ast-content-background-meta":{"desktop":{"background-color":"var(--ast-global-color-5)","background-image":"","background-repeat":"repeat","background-position":"center center","background-size":"auto","background-attachment":"scroll","background-type":"","background-media":"","overlay-type":"","overlay-color":"","overlay-opacity":"","overlay-gradient":""},"tablet":{"background-color":"var(--ast-global-color-5)","background-image":"","background-repeat":"repeat","background-position":"center center","background-size":"auto","background-attachment":"scroll","background-type":"","background-media":"","overlay-type":"","overlay-color":"","overlay-opacity":"","overlay-gradient":""},"mobile":{"background-color":"var(--ast-global-color-5)","background-image":"","background-repeat":"repeat","background-position":"center center","background-size":"auto","background-attachment":"scroll","background-type":"","background-media":"","overlay-type":"","overlay-color":"","overlay-opacity":"","overlay-gradient":""}},"footnotes":""},"categories":[4],"tags":[4867,5773,6570],"class_list":["post-16664","post","type-post","status-publish","format-standard","has-post-thumbnail","hentry","category-noticias","tag-cmic-cdmx","tag-nuevo-presidente","tag-ricardo-gonzalez-lomeli"],"_links":{"self":[{"href":"https:\/\/hombresymujeresdelacasa.com\/home\/wp-json\/wp\/v2\/posts\/16664","targetHints":{"allow":["GET"]}}],"collection":[{"href":"https:\/\/hombresymujeresdelacasa.com\/home\/wp-json\/wp\/v2\/posts"}],"about":[{"href":"https:\/\/hombresymujeresdelacasa.com\/home\/wp-json\/wp\/v2\/types\/post"}],"author":[{"embeddable":true,"href":"https:\/\/hombresymujeresdelacasa.com\/home\/wp-json\/wp\/v2\/users\/1"}],"replies":[{"embeddable":true,"href":"https:\/\/hombresymujeresdelacasa.com\/home\/wp-json\/wp\/v2\/comments?post=16664"}],"version-history":[{"count":1,"href":"https:\/\/hombresymujeresdelacasa.com\/home\/wp-json\/wp\/v2\/posts\/16664\/revisions"}],"predecessor-version":[{"id":16667,"href":"https:\/\/hombresymujeresdelacasa.com\/home\/wp-json\/wp\/v2\/posts\/16664\/revisions\/16667"}],"wp:featuredmedia":[{"embeddable":true,"href":"https:\/\/hombresymujeresdelacasa.com\/home\/wp-json\/wp\/v2\/media\/16666"}],"wp:attachment":[{"href":"https:\/\/hombresymujeresdelacasa.com\/home\/wp-json\/wp\/v2\/media?parent=16664"}],"wp:term":[{"taxonomy":"category","embeddable":true,"href":"https:\/\/hombresymujeresdelacasa.com\/home\/wp-json\/wp\/v2\/categories?post=16664"},{"taxonomy":"post_tag","embeddable":true,"href":"https:\/\/hombresymujeresdelacasa.com\/home\/wp-json\/wp\/v2\/tags?post=16664"}],"curies":[{"name":"wp","href":"https:\/\/api.w.org\/{rel}","templated":true}]}}