{"id":16661,"date":"2025-01-16T13:48:12","date_gmt":"2025-01-16T19:48:12","guid":{"rendered":"https:\/\/hombresymujeresdelacasa.com\/home\/?p=16661"},"modified":"2025-01-16T13:48:15","modified_gmt":"2025-01-16T19:48:15","slug":"se-necesitaran-30-anos-para-abatir-el-rezago-de-vivienda-ampi","status":"publish","type":"post","link":"https:\/\/hombresymujeresdelacasa.com\/home\/se-necesitaran-30-anos-para-abatir-el-rezago-de-vivienda-ampi\/","title":{"rendered":"Se necesitar\u00e1n 30 a\u00f1os para abatir el rezago de vivienda: AMPI"},"content":{"rendered":"\n<p>Por: Rebeca Romero <\/p>\n\n\n\n<p><em>Oviedo Ram\u00edrez se\u00f1al\u00f3 que la construcci\u00f3n de un mill\u00f3n de viviendas en el pa\u00eds representa \u2018un esfuerzo muy peque\u00f1ito\u2019, en comparaci\u00f3n con la magnitud actual del rezago de vivienda<\/em><\/p>\n\n\n\n<p>Karim Oviedo Ram\u00edrez, nuevo presidente de la Asociaci\u00f3n Mexicana de Profesionales Inmobiliarios (<a href=\"https:\/\/ampi.org\/\" target=\"_blank\" rel=\"noreferrer noopener nofollow\">AMPI<\/a>),&nbsp;estim\u00f3 que, para&nbsp;<strong>abatir el rezago de vivienda<\/strong>, calculado en nueve millones de unidades,&nbsp;<strong>se necesitar\u00e1n 30 a\u00f1os<\/strong>.<\/p>\n\n\n\n<p>El especialista destac\u00f3 que la premisa del&nbsp;<a href=\"https:\/\/centrourbano.com\/revista\/?s=programa+de+vivienda+\" target=\"_blank\" rel=\"noreferrer noopener nofollow\">Programa de Vivienda<\/a>&nbsp;para el Bienestar, que busca construir un mill\u00f3n de inmuebles entre 2025 y 2030, representa un avance con una pol\u00edtica clara en el sector. No obstante, es un&nbsp;<strong>peque\u00f1o esfuerzo<\/strong>&nbsp;<strong>en comparaci\u00f3n con la magnitud<\/strong>&nbsp;del rezago de vivienda actual.<\/p>\n\n\n\n<blockquote class=\"wp-block-quote is-layout-flow wp-block-quote-is-layout-flow\">\n<p>\u201cDespu\u00e9s de muchos sexenios, no tener una pol\u00edtica clara de vivienda, ahorita el que Infonavit construya vivienda, creo que es un esfuerzo muy peque\u00f1ito de todo el gran esfuerzo que se requiere a nivel nacional para que tengamos vivienda. Calculamos al ritmo que se quiere construir la vivienda, que&nbsp;vamos a tardar 30 a\u00f1os en acabar el rezago\u201d, afirm\u00f3.<\/p>\n<\/blockquote>\n\n\n\n<p>En este sentido, Oviedo Ram\u00edrez resalt\u00f3 que la construcci\u00f3n de vivienda accesible no debe ser un esfuerzo exclusivo del Instituto del Fondo Nacional de la Vivienda para los Trabajadores (Infonavit) y la Comisi\u00f3n Nacional de Vivienda (Conavi). Tambi\u00e9n se requiere&nbsp;<strong>implementar m\u00e1s acciones para facilitar su construcci\u00f3n.<\/strong><\/p>\n\n\n\n<blockquote class=\"wp-block-quote is-layout-flow wp-block-quote-is-layout-flow\">\n<p>\u201cNos estamos limitando nada m\u00e1s a lo que pueda hacer el Infonavit, pero creo que puede haber m\u00e1s incentivos para construir la vivienda y no solo nos referimos a los incentivos en materia econ\u00f3mica en donde tenga que darse un subsidio para que se construya, a lo mejor tiene que ver tambi\u00e9n con facilitar los permisos para construir vivienda nueva\u201d, coment\u00f3.<\/p>\n<\/blockquote>\n\n\n\n<p>De manera que, el nuevo presidente de la AMPI indic\u00f3 que lo ideal ser\u00eda que el&nbsp;<strong>sector privado tambi\u00e9n pueda sumarse&nbsp;<\/strong>a la nueva pol\u00edtica de vivienda para contribuir en la construcci\u00f3n de inmuebles.<\/p>\n\n\n\n<blockquote class=\"wp-block-quote is-layout-flow wp-block-quote-is-layout-flow\">\n<p>\u201cNosotros tambi\u00e9n tenemos que participar en este proceso de construcci\u00f3n de vivienda, este esfuerzo tiene que ser muy importante para todos, nos faltan nueve millones de viviendas y solo se va a construir un mill\u00f3n, entonces creo que todos participar y sumarnos a este esfuerzo\u201d, platic\u00f3.<\/p>\n<\/blockquote>\n\n\n\n<h2 class=\"wp-block-heading\">AMPI contemplada en la reforma a la Ley del Infonavit<\/h2>\n\n\n\n<p>Por otro lado, Karim Oviedo Ram\u00edrez destac\u00f3 que la&nbsp;<strong>C\u00e1mara de Diputados incluy\u00f3 a la AMPI<\/strong>&nbsp;en las mesas de di\u00e1logo que discuten los cambios a la&nbsp;<strong>reforma de la Ley del Infonavit<\/strong>.<\/p>\n\n\n\n<p>\u00abVemos con optimismo los cambios al Infonavit, pero subrayamos la necesidad de una implementaci\u00f3n transparente y colaborativa que incluya a todos los actores involucrados. AMPI M\u00e9xico est\u00e1 lista para contribuir con propuestas concretas y trabajar de la mano con el gobierno y las instituciones\u00bb, afirm\u00f3.<\/p>\n\n\n\n<p>Al respecto, mencion\u00f3 que el objetivo es que estas modificaciones beneficien a los derechohabientes del organismo y faciliten su acceso a una vivienda digna.<\/p>\n\n\n\n<blockquote class=\"wp-block-quote is-layout-flow wp-block-quote-is-layout-flow\">\n<p>\u201cEsto va a llevarnos a un buen puerto el que nosotros tengamos mayor participaci\u00f3n y creemos nosotros como asociaci\u00f3n que al final todos los cambios tienen que ser para bien de la sociedad para los derechohabientes y esperamos concluir este proceso justamente con una reforma del Infonavit que permita mayores beneficios a los derechohabientes y tambi\u00e9n que propicie la construcci\u00f3n de vivienda en nuestro pa\u00eds\u201d, se\u00f1al\u00f3.<\/p>\n<\/blockquote>\n\n\n\n<p>Oviedo Ram\u00edrez subray\u00f3 que&nbsp;<strong>ser\u00e1n los legisladores quienes elijan las mejores propuestas<\/strong>&nbsp;para integrarlas en la iniciativa, tras analizar las opiniones de diversos organismos p\u00fablicos y privados.<\/p>\n\n\n\n<blockquote class=\"wp-block-quote is-layout-flow wp-block-quote-is-layout-flow\">\n<p>\u201cAl final lo que va a suceder es que los diputados van a tomar las propuestas que nosotros estamos haciendo y las van a contrastar respecto de la iniciativa que ellos tienen para poder presentar lo mejor para M\u00e9xico, tenemos mucha confianza en eso\u201d, concluy\u00f3.<\/p>\n<\/blockquote>\n","protected":false},"excerpt":{"rendered":"<p>Por: Rebeca Romero Oviedo Ram\u00edrez se\u00f1al\u00f3 que la construcci\u00f3n de un mill\u00f3n de viviendas en el pa\u00eds representa \u2018un esfuerzo muy peque\u00f1ito\u2019, en comparaci\u00f3n con la magnitud actual del rezago de vivienda Karim Oviedo Ram\u00edrez, nuevo presidente de la Asociaci\u00f3n Mexicana de Profesionales Inmobiliarios (AMPI),&nbsp;estim\u00f3 que, para&nbsp;abatir el rezago de vivienda, calculado en nueve millones [&hellip;]<\/p>\n","protected":false},"author":1,"featured_media":16662,"comment_status":"open","ping_status":"closed","sticky":false,"template":"","format":"standard","meta":{"site-sidebar-layout":"default","site-content-layout":"","ast-site-content-layout":"default","site-content-style":"default","site-sidebar-style":"default","ast-global-header-display":"","ast-banner-title-visibility":"","ast-main-header-display":"","ast-hfb-above-header-display":"","ast-hfb-below-header-display":"","ast-hfb-mobile-header-display":"","site-post-title":"","ast-breadcrumbs-content":"","ast-featured-img":"","footer-sml-layout":"","ast-disable-related-posts":"","theme-transparent-header-meta":"","adv-header-id-meta":"","stick-header-meta":"","header-above-stick-meta":"","header-main-stick-meta":"","header-below-stick-meta":"","astra-migrate-meta-layouts":"set","ast-page-background-enabled":"default","ast-page-background-meta":{"desktop":{"background-color":"var(--ast-global-color-4)","background-image":"","background-repeat":"repeat","background-position":"center center","background-size":"auto","background-attachment":"scroll","background-type":"","background-media":"","overlay-type":"","overlay-color":"","overlay-opacity":"","overlay-gradient":""},"tablet":{"background-color":"","background-image":"","background-repeat":"repeat","background-position":"center center","background-size":"auto","background-attachment":"scroll","background-type":"","background-media":"","overlay-type":"","overlay-color":"","overlay-opacity":"","overlay-gradient":""},"mobile":{"background-color":"","background-image":"","background-repeat":"repeat","background-position":"center center","background-size":"auto","background-attachment":"scroll","background-type":"","background-media":"","overlay-type":"","overlay-color":"","overlay-opacity":"","overlay-gradient":""}},"ast-content-background-meta":{"desktop":{"background-color":"var(--ast-global-color-5)","background-image":"","background-repeat":"repeat","background-position":"center center","background-size":"auto","background-attachment":"scroll","background-type":"","background-media":"","overlay-type":"","overlay-color":"","overlay-opacity":"","overlay-gradient":""},"tablet":{"background-color":"var(--ast-global-color-5)","background-image":"","background-repeat":"repeat","background-position":"center center","background-size":"auto","background-attachment":"scroll","background-type":"","background-media":"","overlay-type":"","overlay-color":"","overlay-opacity":"","overlay-gradient":""},"mobile":{"background-color":"var(--ast-global-color-5)","background-image":"","background-repeat":"repeat","background-position":"center center","background-size":"auto","background-attachment":"scroll","background-type":"","background-media":"","overlay-type":"","overlay-color":"","overlay-opacity":"","overlay-gradient":""}},"footnotes":""},"categories":[4],"tags":[1505,6569,177],"class_list":["post-16661","post","type-post","status-publish","format-standard","has-post-thumbnail","hentry","category-noticias","tag-programa-de-vivienda","tag-rezago-de-viviemda","tag-vivienda"],"_links":{"self":[{"href":"https:\/\/hombresymujeresdelacasa.com\/home\/wp-json\/wp\/v2\/posts\/16661","targetHints":{"allow":["GET"]}}],"collection":[{"href":"https:\/\/hombresymujeresdelacasa.com\/home\/wp-json\/wp\/v2\/posts"}],"about":[{"href":"https:\/\/hombresymujeresdelacasa.com\/home\/wp-json\/wp\/v2\/types\/post"}],"author":[{"embeddable":true,"href":"https:\/\/hombresymujeresdelacasa.com\/home\/wp-json\/wp\/v2\/users\/1"}],"replies":[{"embeddable":true,"href":"https:\/\/hombresymujeresdelacasa.com\/home\/wp-json\/wp\/v2\/comments?post=16661"}],"version-history":[{"count":1,"href":"https:\/\/hombresymujeresdelacasa.com\/home\/wp-json\/wp\/v2\/posts\/16661\/revisions"}],"predecessor-version":[{"id":16663,"href":"https:\/\/hombresymujeresdelacasa.com\/home\/wp-json\/wp\/v2\/posts\/16661\/revisions\/16663"}],"wp:featuredmedia":[{"embeddable":true,"href":"https:\/\/hombresymujeresdelacasa.com\/home\/wp-json\/wp\/v2\/media\/16662"}],"wp:attachment":[{"href":"https:\/\/hombresymujeresdelacasa.com\/home\/wp-json\/wp\/v2\/media?parent=16661"}],"wp:term":[{"taxonomy":"category","embeddable":true,"href":"https:\/\/hombresymujeresdelacasa.com\/home\/wp-json\/wp\/v2\/categories?post=16661"},{"taxonomy":"post_tag","embeddable":true,"href":"https:\/\/hombresymujeresdelacasa.com\/home\/wp-json\/wp\/v2\/tags?post=16661"}],"curies":[{"name":"wp","href":"https:\/\/api.w.org\/{rel}","templated":true}]}}