{"id":16546,"date":"2024-12-31T14:05:30","date_gmt":"2024-12-31T20:05:30","guid":{"rendered":"https:\/\/hombresymujeresdelacasa.com\/home\/?p=16546"},"modified":"2024-12-31T14:05:32","modified_gmt":"2024-12-31T20:05:32","slug":"campeche-se-une-al-programa-de-vivienda-para-el-bienestar","status":"publish","type":"post","link":"https:\/\/hombresymujeresdelacasa.com\/home\/campeche-se-une-al-programa-de-vivienda-para-el-bienestar\/","title":{"rendered":"Campeche se une al Programa de Vivienda para el Bienestar"},"content":{"rendered":"\n<p>Por: Rebeca Romero <\/p>\n\n\n\n<p><em>A trav\u00e9s del Programa de Vivienda, Campeche contar\u00e1 con 8,000 viviendas para derechohabientes del Infonavit y 15,000 para el resto de la poblaci\u00f3n<\/em><\/p>\n\n\n\n<p>El Gobierno&nbsp;de&nbsp;<a href=\"https:\/\/campeche.gob.mx\/\" target=\"_blank\" rel=\"noreferrer noopener nofollow\">Campeche<\/a>&nbsp;firm\u00f3 un convenio de colaboraci\u00f3n que confirma su participaci\u00f3n en el Programa de Vivienda para el Bienestar. Con esta iniciativa, la entidad contar\u00e1 con&nbsp;<strong>23,000 viviendas nuevas y 31,000 acciones de vivienda<\/strong>&nbsp;durante este sexenio.<\/p>\n\n\n\n<p>V\u00edctor Hugo Hoffman Aguirre, subsecretario de Desarrollo Urbano y Vivienda, explic\u00f3 que Campeche contempla<strong>&nbsp;8,000 viviendas&nbsp;<\/strong>destinadas a derechohabientes del&nbsp;<strong>Infonavit<\/strong>&nbsp;y&nbsp;<strong>15,000 viviendas para el resto de la poblaci\u00f3n<\/strong>&nbsp;y&nbsp;<strong>8,000 acciones de regularizaci\u00f3n<\/strong>, como la entrega de t\u00edtulos de propiedad.<\/p>\n\n\n\n<p>Al respecto, Layda Sansores San Rom\u00e1n, gobernadora de&nbsp;<strong>Campeche<\/strong>, destac\u00f3 la importancia del&nbsp;<a href=\"https:\/\/centrourbano.com\/revista\/?s=programa+de+vivienda+\" target=\"_blank\" rel=\"noreferrer noopener nofollow\">Programa<\/a>&nbsp;de Vivienda, se\u00f1alando que la entidad enfrenta un&nbsp;<strong>rezago en la construcci\u00f3n<\/strong>&nbsp;de vivienda de al menos 20 a\u00f1os.<\/p>\n\n\n\n<blockquote class=\"wp-block-quote is-layout-flow wp-block-quote-is-layout-flow\">\n<p>\u201cLa vivienda es todo lo que significa como un refugio para la convivencia, donde se crean los recuerdos, donde se crean los destinos de los hijos. Es un espacio fundamental de certidumbre para una familia. Creemos que son programas muy significativos y que la presidenta se da cuenta que hubo un vac\u00edo en todos estos&nbsp;20 a\u00f1os que en Campeche no construimos pr\u00e1cticamente vivienda\u201d, indic\u00f3.<\/p>\n<\/blockquote>\n\n\n\n<p>El convenio establece la coordinaci\u00f3n entre los tres niveles de gobierno para \u201caportar las facilidades administrativas y fiscales en temas\u201d necesarias para la construcci\u00f3n y regularizaci\u00f3n de viviendas. Tambi\u00e9n incluye acciones como la donaci\u00f3n de reservas territoriales, urbanizaci\u00f3n y equipamiento de infraestructura.<\/p>\n\n\n\n<p>Por su parte, Octavio Romero Oropeza, titular de Infonavit, resalt\u00f3 que esta colaboraci\u00f3n permitir\u00e1 a los \u00f3rdenes de gobierno y organismos&nbsp;<strong>identificar la reserva territorial<\/strong>&nbsp;periurbana adecuada para la construcci\u00f3n de las viviendas y, de ser necesario, permitir la autorizaci\u00f3n de los cambios de uso de suelo.<\/p>\n\n\n\n<p>\u201cEl objetivo es alcanzar el m\u00e1ximo potencial de los predios y tambi\u00e9n el otorgamiento de facilidades administrativas y fiscales para el inicio de los procesos constructivos\u201d, afirm\u00f3.<a href=\"https:\/\/centrourbano.com\/revista\/author\/rebeca-romero\/\" rel=\"nofollow noopener\" target=\"_blank\"><\/a><\/p>\n","protected":false},"excerpt":{"rendered":"<p>Por: Rebeca Romero A trav\u00e9s del Programa de Vivienda, Campeche contar\u00e1 con 8,000 viviendas para derechohabientes del Infonavit y 15,000 para el resto de la poblaci\u00f3n El Gobierno&nbsp;de&nbsp;Campeche&nbsp;firm\u00f3 un convenio de colaboraci\u00f3n que confirma su participaci\u00f3n en el Programa de Vivienda para el Bienestar. Con esta iniciativa, la entidad contar\u00e1 con&nbsp;23,000 viviendas nuevas y 31,000 [&hellip;]<\/p>\n","protected":false},"author":1,"featured_media":16547,"comment_status":"open","ping_status":"closed","sticky":false,"template":"","format":"standard","meta":{"site-sidebar-layout":"default","site-content-layout":"","ast-site-content-layout":"default","site-content-style":"default","site-sidebar-style":"default","ast-global-header-display":"","ast-banner-title-visibility":"","ast-main-header-display":"","ast-hfb-above-header-display":"","ast-hfb-below-header-display":"","ast-hfb-mobile-header-display":"","site-post-title":"","ast-breadcrumbs-content":"","ast-featured-img":"","footer-sml-layout":"","ast-disable-related-posts":"","theme-transparent-header-meta":"","adv-header-id-meta":"","stick-header-meta":"","header-above-stick-meta":"","header-main-stick-meta":"","header-below-stick-meta":"","astra-migrate-meta-layouts":"set","ast-page-background-enabled":"default","ast-page-background-meta":{"desktop":{"background-color":"var(--ast-global-color-4)","background-image":"","background-repeat":"repeat","background-position":"center center","background-size":"auto","background-attachment":"scroll","background-type":"","background-media":"","overlay-type":"","overlay-color":"","overlay-opacity":"","overlay-gradient":""},"tablet":{"background-color":"","background-image":"","background-repeat":"repeat","background-position":"center center","background-size":"auto","background-attachment":"scroll","background-type":"","background-media":"","overlay-type":"","overlay-color":"","overlay-opacity":"","overlay-gradient":""},"mobile":{"background-color":"","background-image":"","background-repeat":"repeat","background-position":"center center","background-size":"auto","background-attachment":"scroll","background-type":"","background-media":"","overlay-type":"","overlay-color":"","overlay-opacity":"","overlay-gradient":""}},"ast-content-background-meta":{"desktop":{"background-color":"var(--ast-global-color-5)","background-image":"","background-repeat":"repeat","background-position":"center center","background-size":"auto","background-attachment":"scroll","background-type":"","background-media":"","overlay-type":"","overlay-color":"","overlay-opacity":"","overlay-gradient":""},"tablet":{"background-color":"var(--ast-global-color-5)","background-image":"","background-repeat":"repeat","background-position":"center center","background-size":"auto","background-attachment":"scroll","background-type":"","background-media":"","overlay-type":"","overlay-color":"","overlay-opacity":"","overlay-gradient":""},"mobile":{"background-color":"var(--ast-global-color-5)","background-image":"","background-repeat":"repeat","background-position":"center center","background-size":"auto","background-attachment":"scroll","background-type":"","background-media":"","overlay-type":"","overlay-color":"","overlay-opacity":"","overlay-gradient":""}},"footnotes":""},"categories":[1],"tags":[],"class_list":["post-16546","post","type-post","status-publish","format-standard","has-post-thumbnail","hentry","category-sin-categoria"],"_links":{"self":[{"href":"https:\/\/hombresymujeresdelacasa.com\/home\/wp-json\/wp\/v2\/posts\/16546","targetHints":{"allow":["GET"]}}],"collection":[{"href":"https:\/\/hombresymujeresdelacasa.com\/home\/wp-json\/wp\/v2\/posts"}],"about":[{"href":"https:\/\/hombresymujeresdelacasa.com\/home\/wp-json\/wp\/v2\/types\/post"}],"author":[{"embeddable":true,"href":"https:\/\/hombresymujeresdelacasa.com\/home\/wp-json\/wp\/v2\/users\/1"}],"replies":[{"embeddable":true,"href":"https:\/\/hombresymujeresdelacasa.com\/home\/wp-json\/wp\/v2\/comments?post=16546"}],"version-history":[{"count":1,"href":"https:\/\/hombresymujeresdelacasa.com\/home\/wp-json\/wp\/v2\/posts\/16546\/revisions"}],"predecessor-version":[{"id":16548,"href":"https:\/\/hombresymujeresdelacasa.com\/home\/wp-json\/wp\/v2\/posts\/16546\/revisions\/16548"}],"wp:featuredmedia":[{"embeddable":true,"href":"https:\/\/hombresymujeresdelacasa.com\/home\/wp-json\/wp\/v2\/media\/16547"}],"wp:attachment":[{"href":"https:\/\/hombresymujeresdelacasa.com\/home\/wp-json\/wp\/v2\/media?parent=16546"}],"wp:term":[{"taxonomy":"category","embeddable":true,"href":"https:\/\/hombresymujeresdelacasa.com\/home\/wp-json\/wp\/v2\/categories?post=16546"},{"taxonomy":"post_tag","embeddable":true,"href":"https:\/\/hombresymujeresdelacasa.com\/home\/wp-json\/wp\/v2\/tags?post=16546"}],"curies":[{"name":"wp","href":"https:\/\/api.w.org\/{rel}","templated":true}]}}