{"id":16474,"date":"2024-12-18T14:22:44","date_gmt":"2024-12-18T20:22:44","guid":{"rendered":"https:\/\/hombresymujeresdelacasa.com\/home\/?p=16474"},"modified":"2024-12-18T14:22:46","modified_gmt":"2024-12-18T20:22:46","slug":"vinte-adquiere-99-92-de-las-acciones-de-javer","status":"publish","type":"post","link":"https:\/\/hombresymujeresdelacasa.com\/home\/vinte-adquiere-99-92-de-las-acciones-de-javer\/","title":{"rendered":"Vinte adquiere 99.92% de las acciones de Javer"},"content":{"rendered":"\n<p>Por: Rebeca Romero <\/p>\n\n\n\n<p><em>A trav\u00e9s de una inversi\u00f3n de 4,288 mdp, Vinte cuenta con 287,016,560 acciones de Javer<\/em><\/p>\n\n\n\n<p>Vinte,&nbsp;<a href=\"https:\/\/www.vinte.com.mx\/\" target=\"_blank\" rel=\"noreferrer noopener nofollow\">desarrolladora<\/a>&nbsp;de vivienda, anunci\u00f3 la adquisici\u00f3n del<strong>&nbsp;99.92% de las acciones de la viviendera&nbsp;Javer<\/strong>,&nbsp;por un total de 4,288 millones de pesos (mdp), a trav\u00e9s de la Oferta P\u00fablica de Adquisici\u00f3n (OPA) iniciada el 13 de noviembre.<\/p>\n\n\n\n<p>Mediante un comunicado, Vinte inform\u00f3 que ahora cuenta&nbsp;<strong>287,016,560 acciones representativas<\/strong>&nbsp;del capital social de&nbsp;Javer, adquiridas a un precio de 14.94 pesos por acci\u00f3n, las cuales ser\u00e1n liquidadas el d\u00eda de hoy.<\/p>\n\n\n\n<blockquote class=\"wp-block-quote is-layout-flow wp-block-quote-is-layout-flow\">\n<p>\u201cVinte,&nbsp;en su car\u00e1cter de oferente acepta las acciones de&nbsp;Javer&nbsp;ofrecidas para su venta por los accionistas que hayan decidido participar en la OPA, y proceder\u00e1 a la liquidaci\u00f3n el 18 de diciembre de 2024\u201d, se\u00f1al\u00f3 la empresa mexicana.<\/p>\n<\/blockquote>\n\n\n\n<p>En meses anteriores, Vinte&nbsp;<strong>concret\u00f3 financiamientos por m\u00e1s de 3,050 mdp<\/strong>&nbsp;con un plazo promedio superior a los seis a\u00f1os para financiar la adquisici\u00f3n de Javer.<\/p>\n\n\n\n<p>Cabe destacar que la<a href=\"https:\/\/centrourbano.com\/revista\/?s=vinte+javer+\" target=\"_blank\" rel=\"noreferrer noopener nofollow\">\u00a0viviendera<\/a>\u00a0cuenta con presencia en el Estado de M\u00e9xico, Quer\u00e9taro, Quintana Roo, Puebla y Nuevo Le\u00f3n. Sin embargo, con la adquisici\u00f3n de Javer, expandir\u00e1 su alcance a Jalisco, Aguascalientes y Tamaulipas.<\/p>\n","protected":false},"excerpt":{"rendered":"<p>Por: Rebeca Romero A trav\u00e9s de una inversi\u00f3n de 4,288 mdp, Vinte cuenta con 287,016,560 acciones de Javer Vinte,&nbsp;desarrolladora&nbsp;de vivienda, anunci\u00f3 la adquisici\u00f3n del&nbsp;99.92% de las acciones de la viviendera&nbsp;Javer,&nbsp;por un total de 4,288 millones de pesos (mdp), a trav\u00e9s de la Oferta P\u00fablica de Adquisici\u00f3n (OPA) iniciada el 13 de noviembre. Mediante un comunicado, [&hellip;]<\/p>\n","protected":false},"author":1,"featured_media":16475,"comment_status":"open","ping_status":"closed","sticky":false,"template":"","format":"standard","meta":{"site-sidebar-layout":"default","site-content-layout":"","ast-site-content-layout":"default","site-content-style":"default","site-sidebar-style":"default","ast-global-header-display":"","ast-banner-title-visibility":"","ast-main-header-display":"","ast-hfb-above-header-display":"","ast-hfb-below-header-display":"","ast-hfb-mobile-header-display":"","site-post-title":"","ast-breadcrumbs-content":"","ast-featured-img":"","footer-sml-layout":"","ast-disable-related-posts":"","theme-transparent-header-meta":"","adv-header-id-meta":"","stick-header-meta":"","header-above-stick-meta":"","header-main-stick-meta":"","header-below-stick-meta":"","astra-migrate-meta-layouts":"set","ast-page-background-enabled":"default","ast-page-background-meta":{"desktop":{"background-color":"var(--ast-global-color-4)","background-image":"","background-repeat":"repeat","background-position":"center center","background-size":"auto","background-attachment":"scroll","background-type":"","background-media":"","overlay-type":"","overlay-color":"","overlay-opacity":"","overlay-gradient":""},"tablet":{"background-color":"","background-image":"","background-repeat":"repeat","background-position":"center center","background-size":"auto","background-attachment":"scroll","background-type":"","background-media":"","overlay-type":"","overlay-color":"","overlay-opacity":"","overlay-gradient":""},"mobile":{"background-color":"","background-image":"","background-repeat":"repeat","background-position":"center center","background-size":"auto","background-attachment":"scroll","background-type":"","background-media":"","overlay-type":"","overlay-color":"","overlay-opacity":"","overlay-gradient":""}},"ast-content-background-meta":{"desktop":{"background-color":"var(--ast-global-color-5)","background-image":"","background-repeat":"repeat","background-position":"center center","background-size":"auto","background-attachment":"scroll","background-type":"","background-media":"","overlay-type":"","overlay-color":"","overlay-opacity":"","overlay-gradient":""},"tablet":{"background-color":"var(--ast-global-color-5)","background-image":"","background-repeat":"repeat","background-position":"center center","background-size":"auto","background-attachment":"scroll","background-type":"","background-media":"","overlay-type":"","overlay-color":"","overlay-opacity":"","overlay-gradient":""},"mobile":{"background-color":"var(--ast-global-color-5)","background-image":"","background-repeat":"repeat","background-position":"center center","background-size":"auto","background-attachment":"scroll","background-type":"","background-media":"","overlay-type":"","overlay-color":"","overlay-opacity":"","overlay-gradient":""}},"footnotes":""},"categories":[4],"tags":[2917,1215,176,420],"class_list":["post-16474","post","type-post","status-publish","format-standard","has-post-thumbnail","hentry","category-noticias","tag-adquisicion-de-vivienda","tag-javer","tag-vinte","tag-viviendera"],"_links":{"self":[{"href":"https:\/\/hombresymujeresdelacasa.com\/home\/wp-json\/wp\/v2\/posts\/16474","targetHints":{"allow":["GET"]}}],"collection":[{"href":"https:\/\/hombresymujeresdelacasa.com\/home\/wp-json\/wp\/v2\/posts"}],"about":[{"href":"https:\/\/hombresymujeresdelacasa.com\/home\/wp-json\/wp\/v2\/types\/post"}],"author":[{"embeddable":true,"href":"https:\/\/hombresymujeresdelacasa.com\/home\/wp-json\/wp\/v2\/users\/1"}],"replies":[{"embeddable":true,"href":"https:\/\/hombresymujeresdelacasa.com\/home\/wp-json\/wp\/v2\/comments?post=16474"}],"version-history":[{"count":1,"href":"https:\/\/hombresymujeresdelacasa.com\/home\/wp-json\/wp\/v2\/posts\/16474\/revisions"}],"predecessor-version":[{"id":16476,"href":"https:\/\/hombresymujeresdelacasa.com\/home\/wp-json\/wp\/v2\/posts\/16474\/revisions\/16476"}],"wp:featuredmedia":[{"embeddable":true,"href":"https:\/\/hombresymujeresdelacasa.com\/home\/wp-json\/wp\/v2\/media\/16475"}],"wp:attachment":[{"href":"https:\/\/hombresymujeresdelacasa.com\/home\/wp-json\/wp\/v2\/media?parent=16474"}],"wp:term":[{"taxonomy":"category","embeddable":true,"href":"https:\/\/hombresymujeresdelacasa.com\/home\/wp-json\/wp\/v2\/categories?post=16474"},{"taxonomy":"post_tag","embeddable":true,"href":"https:\/\/hombresymujeresdelacasa.com\/home\/wp-json\/wp\/v2\/tags?post=16474"}],"curies":[{"name":"wp","href":"https:\/\/api.w.org\/{rel}","templated":true}]}}