{"id":16468,"date":"2024-12-17T15:32:25","date_gmt":"2024-12-17T21:32:25","guid":{"rendered":"https:\/\/hombresymujeresdelacasa.com\/home\/?p=16468"},"modified":"2024-12-17T15:32:28","modified_gmt":"2024-12-17T21:32:28","slug":"jabnely-maldonado-asume-cargo-de-vocal-ejecutiva-de-fovissste","status":"publish","type":"post","link":"https:\/\/hombresymujeresdelacasa.com\/home\/jabnely-maldonado-asume-cargo-de-vocal-ejecutiva-de-fovissste\/","title":{"rendered":"Jabnely Maldonado asume cargo de vocal ejecutiva de Fovissste"},"content":{"rendered":"\n<p>Por: Fernanda Hern\u00e1ndez<\/p>\n\n\n\n<p><em>Maldonado asegur\u00f3 que dar\u00e1 continuidad al plan de mejorar las condiciones financieras de los esquemas crediticios que ofrece el Fovissste<\/em><\/p>\n\n\n\n<p>Este lunes 16 de diciembre,&nbsp;<a href=\"https:\/\/centrourbano.com\/revista\/vivienda\/jabnely-maldonado-vocal-fovissste\/\" target=\"_blank\" rel=\"noreferrer noopener nofollow\"><strong>Jabnely Maldondo Meza&nbsp;<\/strong><\/a>asumi\u00f3 el cargo de&nbsp;<strong>vocal ejecutiva del Fondo de la Vivienda del Instituto de Seguridad y Servicios Sociales de los Trabajadores del Estado&nbsp;<\/strong>(<strong>Fovissste<\/strong>), en sustituci\u00f3n de C\u00e9sar Buenrostro Moreno.<\/p>\n\n\n\n<p>De esta manera,&nbsp;<strong>Maldonado<\/strong>&nbsp;se comprometi\u00f3 a fortalecer la vocaci\u00f3n social del&nbsp;<strong>Fovissste<\/strong>; y asegur\u00f3 que dar\u00e1 continuidad al plan de mejorar las condiciones financieras de los&nbsp;<strong>esquemas crediticios<\/strong>, a fin de hacer efectivo el acceso a una vivienda adecuada.<\/p>\n\n\n\n<p>\u201cEs necesario dotar de todas las facilidades para darle al&nbsp;<strong>Fovissste<\/strong>, aunque es un ente financiero, un viso social, que s\u00ed creemos que necesita todo el avance de trabajo que hicieron ustedes, que hizo C\u00e9sar (Buenrostro), y a partir de ah\u00ed seguir avanzando\u201d, dijo.<\/p>\n\n\n\n<p>Asimismo, destac\u00f3 la importancia de consolidar al&nbsp;<a href=\"https:\/\/x.com\/FOVISSSTEmx\" target=\"_blank\" rel=\"noreferrer noopener nofollow\"><strong>Fondo<\/strong><\/a>&nbsp;como un organismo que, adem\u00e1s de administrar recursos, atienda las causas sociales de sus derechohabientes.<\/p>\n\n\n\n<p>En ese sentido, indic\u00f3 que, en su gesti\u00f3n, buscar\u00e1 ampliar el universo de personas para que se beneficien con los programas de soluci\u00f3n que se enfocan en&nbsp;<strong>regularizar los pagos<\/strong>&nbsp;y la&nbsp;<strong>liquidaci\u00f3n de hipotecas<\/strong>, especialmente de los que presentan un mayor deterioro.<\/p>\n\n\n\n<p>Por su parte,&nbsp;<strong>C\u00e9sar Buenrostro<\/strong>&nbsp;reconoci\u00f3 la labor de&nbsp;<strong>Jabnely Maldonado<\/strong>&nbsp;al frente de la Comisi\u00f3n de la Reconstrucci\u00f3n de la Ciudad de M\u00e9xico tras los sismos de 2017.<\/p>\n\n\n\n<p>\u201cCientos o miles de viviendas reconstruidas y ya entregadas es algo muy importante. Estoy cierto que va a hacer muy buen papel en el\u00a0<strong>Fovissste<\/strong>\u00a0y esta cercan\u00eda con el director del ISSSTE,\u00a0<strong>Mart\u00ed Batres<\/strong>, van a hacer muy buen equipo; adem\u00e1s, la doctora\u00a0<strong>Claudia Sheinbaum<\/strong>, nuestra presidenta, la conoce bien y todo abona para que sea una gesti\u00f3n muy exitosa\u201d, enfatiz\u00f3.<\/p>\n","protected":false},"excerpt":{"rendered":"<p>Por: Fernanda Hern\u00e1ndez Maldonado asegur\u00f3 que dar\u00e1 continuidad al plan de mejorar las condiciones financieras de los esquemas crediticios que ofrece el Fovissste Este lunes 16 de diciembre,&nbsp;Jabnely Maldondo Meza&nbsp;asumi\u00f3 el cargo de&nbsp;vocal ejecutiva del Fondo de la Vivienda del Instituto de Seguridad y Servicios Sociales de los Trabajadores del Estado&nbsp;(Fovissste), en sustituci\u00f3n de C\u00e9sar [&hellip;]<\/p>\n","protected":false},"author":1,"featured_media":16469,"comment_status":"open","ping_status":"closed","sticky":false,"template":"","format":"standard","meta":{"site-sidebar-layout":"default","site-content-layout":"","ast-site-content-layout":"default","site-content-style":"default","site-sidebar-style":"default","ast-global-header-display":"","ast-banner-title-visibility":"","ast-main-header-display":"","ast-hfb-above-header-display":"","ast-hfb-below-header-display":"","ast-hfb-mobile-header-display":"","site-post-title":"","ast-breadcrumbs-content":"","ast-featured-img":"","footer-sml-layout":"","ast-disable-related-posts":"","theme-transparent-header-meta":"","adv-header-id-meta":"","stick-header-meta":"","header-above-stick-meta":"","header-main-stick-meta":"","header-below-stick-meta":"","astra-migrate-meta-layouts":"set","ast-page-background-enabled":"default","ast-page-background-meta":{"desktop":{"background-color":"var(--ast-global-color-4)","background-image":"","background-repeat":"repeat","background-position":"center center","background-size":"auto","background-attachment":"scroll","background-type":"","background-media":"","overlay-type":"","overlay-color":"","overlay-opacity":"","overlay-gradient":""},"tablet":{"background-color":"","background-image":"","background-repeat":"repeat","background-position":"center center","background-size":"auto","background-attachment":"scroll","background-type":"","background-media":"","overlay-type":"","overlay-color":"","overlay-opacity":"","overlay-gradient":""},"mobile":{"background-color":"","background-image":"","background-repeat":"repeat","background-position":"center center","background-size":"auto","background-attachment":"scroll","background-type":"","background-media":"","overlay-type":"","overlay-color":"","overlay-opacity":"","overlay-gradient":""}},"ast-content-background-meta":{"desktop":{"background-color":"var(--ast-global-color-5)","background-image":"","background-repeat":"repeat","background-position":"center center","background-size":"auto","background-attachment":"scroll","background-type":"","background-media":"","overlay-type":"","overlay-color":"","overlay-opacity":"","overlay-gradient":""},"tablet":{"background-color":"var(--ast-global-color-5)","background-image":"","background-repeat":"repeat","background-position":"center center","background-size":"auto","background-attachment":"scroll","background-type":"","background-media":"","overlay-type":"","overlay-color":"","overlay-opacity":"","overlay-gradient":""},"mobile":{"background-color":"var(--ast-global-color-5)","background-image":"","background-repeat":"repeat","background-position":"center center","background-size":"auto","background-attachment":"scroll","background-type":"","background-media":"","overlay-type":"","overlay-color":"","overlay-opacity":"","overlay-gradient":""}},"footnotes":""},"categories":[4],"tags":[86,6542,3963,6552],"class_list":["post-16468","post","type-post","status-publish","format-standard","has-post-thumbnail","hentry","category-noticias","tag-fovissste","tag-jabnely-maldonado","tag-nuevo-titular","tag-vocal-ejecutiva"],"_links":{"self":[{"href":"https:\/\/hombresymujeresdelacasa.com\/home\/wp-json\/wp\/v2\/posts\/16468","targetHints":{"allow":["GET"]}}],"collection":[{"href":"https:\/\/hombresymujeresdelacasa.com\/home\/wp-json\/wp\/v2\/posts"}],"about":[{"href":"https:\/\/hombresymujeresdelacasa.com\/home\/wp-json\/wp\/v2\/types\/post"}],"author":[{"embeddable":true,"href":"https:\/\/hombresymujeresdelacasa.com\/home\/wp-json\/wp\/v2\/users\/1"}],"replies":[{"embeddable":true,"href":"https:\/\/hombresymujeresdelacasa.com\/home\/wp-json\/wp\/v2\/comments?post=16468"}],"version-history":[{"count":1,"href":"https:\/\/hombresymujeresdelacasa.com\/home\/wp-json\/wp\/v2\/posts\/16468\/revisions"}],"predecessor-version":[{"id":16470,"href":"https:\/\/hombresymujeresdelacasa.com\/home\/wp-json\/wp\/v2\/posts\/16468\/revisions\/16470"}],"wp:featuredmedia":[{"embeddable":true,"href":"https:\/\/hombresymujeresdelacasa.com\/home\/wp-json\/wp\/v2\/media\/16469"}],"wp:attachment":[{"href":"https:\/\/hombresymujeresdelacasa.com\/home\/wp-json\/wp\/v2\/media?parent=16468"}],"wp:term":[{"taxonomy":"category","embeddable":true,"href":"https:\/\/hombresymujeresdelacasa.com\/home\/wp-json\/wp\/v2\/categories?post=16468"},{"taxonomy":"post_tag","embeddable":true,"href":"https:\/\/hombresymujeresdelacasa.com\/home\/wp-json\/wp\/v2\/tags?post=16468"}],"curies":[{"name":"wp","href":"https:\/\/api.w.org\/{rel}","templated":true}]}}