{"id":16350,"date":"2024-12-16T15:06:43","date_gmt":"2024-12-16T21:06:43","guid":{"rendered":"https:\/\/hombresymujeresdelacasa.com\/home\/?p=16350"},"modified":"2024-12-16T15:06:48","modified_gmt":"2024-12-16T21:06:48","slug":"meyer-falcon-coordinara-proyectos-de-infraestructura-en-la-sict","status":"publish","type":"post","link":"https:\/\/hombresymujeresdelacasa.com\/home\/meyer-falcon-coordinara-proyectos-de-infraestructura-en-la-sict\/","title":{"rendered":"Meyer Falc\u00f3n coordinar\u00e1 proyectos de infraestructura en la SICT"},"content":{"rendered":"\n<p>Por: Fernanda Hern\u00e1ndez <\/p>\n\n\n\n<p><em>Rom\u00e1n Meyer Falc\u00f3n se encargar\u00e1 de coordinar el dise\u00f1o de toda la infraestructura cultural, educativa y ferroviaria que se construya en el pa\u00eds<\/em><\/p>\n\n\n\n<p>A partir de una reforma a la&nbsp;<strong>Ley Org\u00e1nica de la Administraci\u00f3n Federal<\/strong>, que otorg\u00f3 a la&nbsp;<strong>Secretar\u00eda de Infraestructura, Comunicaciones y Transportes<\/strong>&nbsp;(<a href=\"https:\/\/centrourbano.com\/revista\/elecciones-2024\/jesus-esteva-titular-sict\/\" target=\"_blank\" rel=\"noreferrer noopener nofollow\"><strong>SICT<\/strong><\/a>) atribuciones para hacerse cargo de los proyectos ejecutivos de las obras de infraestructura de la actual administraci\u00f3n, se dio a conocer que&nbsp;<strong>Rom\u00e1n Meyer Falc\u00f3n<\/strong>&nbsp;ser\u00e1 el encargado de dicha \u00e1rea en la dependencia.<\/p>\n\n\n\n<p>De esta manera, el extitular de la&nbsp;<strong>Secretar\u00eda de Desarrollo Agrario, Territorial y Urbano (Sedatu<\/strong>), estar\u00e1 al frente de una oficina en la&nbsp;<strong>SICT<\/strong>&nbsp;que se encargar\u00e1 de coordinar el dise\u00f1o de toda la&nbsp;<strong>infraestructura cultural, educativa y ferroviaria<\/strong>&nbsp;que se construya en el pa\u00eds durante este sexenio.<\/p>\n\n\n\n<p>Entre las funciones de&nbsp;<strong>Meyer Falc\u00f3n<\/strong>&nbsp;se encuentran los proyectos ejecutivos de las obras prioritarias del gobierno de&nbsp;<strong>Claudia Sheinbaum<\/strong>, como la edificaci\u00f3n de universidades y el desarrollo de 3,000 kil\u00f3metros de infraestructura ferroviaria.<\/p>\n\n\n\n<p>Cabe mencionar que, derivado de la reforma a la&nbsp;<strong>Ley Org\u00e1nica de la Administraci\u00f3n Federal<\/strong>, publicada a finales de noviembre en el Diario Oficial de la Federaci\u00f3n (DOF), la&nbsp;<strong>SICT<\/strong>&nbsp;adquiri\u00f3 la responsabilidad de construir, equipar, restaurar, reforzar, reconstruir y rehabilitar obras p\u00fablicas de infraestructura urbana y para el&nbsp;<strong>transporte p\u00fablico de pasajeros<\/strong>.<\/p>\n\n\n\n<p>De igual manera, la dependencia, a trav\u00e9s de la oficina que encabezar\u00e1 Meyer Falc\u00f3n, se encargar\u00e1 de las intervenciones al espacio p\u00fablico necesarias; as\u00ed como de construir, equipar, restaurar, reforzar, reconstruir y rehabilitar infraestructura urbana para&nbsp;<strong>proyectos culturales<\/strong>&nbsp;e&nbsp;<strong>instalaciones destinadas al servicio del sistema educativo nacional<\/strong>.<\/p>\n\n\n\n<p>Adem\u00e1s, la&nbsp;<strong>SICT<\/strong>&nbsp;deber\u00e1 coadyuvar con la&nbsp;<strong>Secretar\u00eda de Medio Ambiente y Recursos Naturales (Semarnat<\/strong>) en la construcci\u00f3n, restauraci\u00f3n, reforzamiento, reconstrucci\u00f3n y rehabilitaci\u00f3n de infraestructura para sistemas de reciclamiento y tratamiento de residuos s\u00f3lidos, estaciones de transferencia, plantas de selecci\u00f3n para el reciclaje y de composta, y de cualquier tecnolog\u00eda para el manejo y tratamiento de los residuos s\u00f3lidos.<a href=\"https:\/\/centrourbano.com\/revista\/author\/fernanda-hernandez\/\" rel=\"nofollow noopener\" target=\"_blank\"><\/a><\/p>\n","protected":false},"excerpt":{"rendered":"<p>Por: Fernanda Hern\u00e1ndez Rom\u00e1n Meyer Falc\u00f3n se encargar\u00e1 de coordinar el dise\u00f1o de toda la infraestructura cultural, educativa y ferroviaria que se construya en el pa\u00eds A partir de una reforma a la&nbsp;Ley Org\u00e1nica de la Administraci\u00f3n Federal, que otorg\u00f3 a la&nbsp;Secretar\u00eda de Infraestructura, Comunicaciones y Transportes&nbsp;(SICT) atribuciones para hacerse cargo de los proyectos ejecutivos [&hellip;]<\/p>\n","protected":false},"author":1,"featured_media":16351,"comment_status":"open","ping_status":"closed","sticky":false,"template":"","format":"standard","meta":{"site-sidebar-layout":"default","site-content-layout":"","ast-site-content-layout":"default","site-content-style":"default","site-sidebar-style":"default","ast-global-header-display":"","ast-banner-title-visibility":"","ast-main-header-display":"","ast-hfb-above-header-display":"","ast-hfb-below-header-display":"","ast-hfb-mobile-header-display":"","site-post-title":"","ast-breadcrumbs-content":"","ast-featured-img":"","footer-sml-layout":"","ast-disable-related-posts":"","theme-transparent-header-meta":"","adv-header-id-meta":"","stick-header-meta":"","header-above-stick-meta":"","header-main-stick-meta":"","header-below-stick-meta":"","astra-migrate-meta-layouts":"set","ast-page-background-enabled":"default","ast-page-background-meta":{"desktop":{"background-color":"var(--ast-global-color-4)","background-image":"","background-repeat":"repeat","background-position":"center center","background-size":"auto","background-attachment":"scroll","background-type":"","background-media":"","overlay-type":"","overlay-color":"","overlay-opacity":"","overlay-gradient":""},"tablet":{"background-color":"","background-image":"","background-repeat":"repeat","background-position":"center center","background-size":"auto","background-attachment":"scroll","background-type":"","background-media":"","overlay-type":"","overlay-color":"","overlay-opacity":"","overlay-gradient":""},"mobile":{"background-color":"","background-image":"","background-repeat":"repeat","background-position":"center center","background-size":"auto","background-attachment":"scroll","background-type":"","background-media":"","overlay-type":"","overlay-color":"","overlay-opacity":"","overlay-gradient":""}},"ast-content-background-meta":{"desktop":{"background-color":"var(--ast-global-color-5)","background-image":"","background-repeat":"repeat","background-position":"center center","background-size":"auto","background-attachment":"scroll","background-type":"","background-media":"","overlay-type":"","overlay-color":"","overlay-opacity":"","overlay-gradient":""},"tablet":{"background-color":"var(--ast-global-color-5)","background-image":"","background-repeat":"repeat","background-position":"center center","background-size":"auto","background-attachment":"scroll","background-type":"","background-media":"","overlay-type":"","overlay-color":"","overlay-opacity":"","overlay-gradient":""},"mobile":{"background-color":"var(--ast-global-color-5)","background-image":"","background-repeat":"repeat","background-position":"center center","background-size":"auto","background-attachment":"scroll","background-type":"","background-media":"","overlay-type":"","overlay-color":"","overlay-opacity":"","overlay-gradient":""}},"footnotes":""},"categories":[4],"tags":[6548,3137,154,3852],"class_list":["post-16350","post","type-post","status-publish","format-standard","has-post-thumbnail","hentry","category-noticias","tag-ley-organica-de-la-administracion-federal","tag-roman-meyer-falcon-2","tag-sedatu","tag-sict"],"_links":{"self":[{"href":"https:\/\/hombresymujeresdelacasa.com\/home\/wp-json\/wp\/v2\/posts\/16350","targetHints":{"allow":["GET"]}}],"collection":[{"href":"https:\/\/hombresymujeresdelacasa.com\/home\/wp-json\/wp\/v2\/posts"}],"about":[{"href":"https:\/\/hombresymujeresdelacasa.com\/home\/wp-json\/wp\/v2\/types\/post"}],"author":[{"embeddable":true,"href":"https:\/\/hombresymujeresdelacasa.com\/home\/wp-json\/wp\/v2\/users\/1"}],"replies":[{"embeddable":true,"href":"https:\/\/hombresymujeresdelacasa.com\/home\/wp-json\/wp\/v2\/comments?post=16350"}],"version-history":[{"count":1,"href":"https:\/\/hombresymujeresdelacasa.com\/home\/wp-json\/wp\/v2\/posts\/16350\/revisions"}],"predecessor-version":[{"id":16352,"href":"https:\/\/hombresymujeresdelacasa.com\/home\/wp-json\/wp\/v2\/posts\/16350\/revisions\/16352"}],"wp:featuredmedia":[{"embeddable":true,"href":"https:\/\/hombresymujeresdelacasa.com\/home\/wp-json\/wp\/v2\/media\/16351"}],"wp:attachment":[{"href":"https:\/\/hombresymujeresdelacasa.com\/home\/wp-json\/wp\/v2\/media?parent=16350"}],"wp:term":[{"taxonomy":"category","embeddable":true,"href":"https:\/\/hombresymujeresdelacasa.com\/home\/wp-json\/wp\/v2\/categories?post=16350"},{"taxonomy":"post_tag","embeddable":true,"href":"https:\/\/hombresymujeresdelacasa.com\/home\/wp-json\/wp\/v2\/tags?post=16350"}],"curies":[{"name":"wp","href":"https:\/\/api.w.org\/{rel}","templated":true}]}}