{"id":16347,"date":"2024-12-16T14:57:50","date_gmt":"2024-12-16T20:57:50","guid":{"rendered":"https:\/\/hombresymujeresdelacasa.com\/home\/?p=16347"},"modified":"2024-12-16T14:57:53","modified_gmt":"2024-12-16T20:57:53","slug":"buscan-modificar-al-tripartismo-del-infonavit","status":"publish","type":"post","link":"https:\/\/hombresymujeresdelacasa.com\/home\/buscan-modificar-al-tripartismo-del-infonavit\/","title":{"rendered":"Buscan modificar al tripartismo del Infonavit"},"content":{"rendered":"\n<p><em>La reforma al Infonavit buscar\u00eda, adem\u00e1s de regresar las facultades de constructor al organismo, otorgar mayor peso en el control y toma de decisiones al sector gobierno<\/em><\/p>\n\n\n\n<p>La Comisi\u00f3n de Reordenamiento Territorial y Vivienda de la&nbsp;<strong>C\u00e1mara de Senadores<\/strong>&nbsp;aprob\u00f3 la iniciativa de&nbsp;<a href=\"https:\/\/centrourbano.com\/revista\/vivienda\/senado-iniciativa-vivienda-sheinbaum\/\" target=\"_blank\" rel=\"noreferrer noopener nofollow\">reforma<\/a>&nbsp;al Infonavit enviada por la presidenta<strong>&nbsp;Claudia Sheinbaum<\/strong>. Sin embargo, la propuesta no s\u00f3lo contempla otorgar facultades para que el Instituto pueda construir y poner en marcha un esquema de vivienda en renta social, como ha sido difundido hasta el momento, sino que adem\u00e1s busca trastocar la&nbsp;<strong>estructura<\/strong>&nbsp;organizacional del organismo.<\/p>\n\n\n\n<h2 class=\"wp-block-heading\">Infonavit sin direccion sectorial Empresarial y Laboral<\/h2>\n\n\n\n<p>El dictamen avalado en comisiones establece, entre otras cosas, medidas con las que el<strong>&nbsp;gobierno tendr\u00eda m\u00e1s peso<\/strong>&nbsp;en el control y toma de decisiones del organismo. Por ejemplo, la propuesta establece la&nbsp;<strong>eliminaci\u00f3n<\/strong>&nbsp;de las direcciones sectoriales&nbsp;<strong>Empresarial<\/strong>&nbsp;y&nbsp;<strong>Laboral<\/strong>, que forman parte de la representaci\u00f3n tripartita al interior del instituto.<\/p>\n\n\n\n<p>Sumado a lo anterior, la propuesta aprobada modificar\u00eda la conformaci\u00f3n de tres \u00f3rganos de control interno del Instituto: el Comit\u00e9 de Auditor\u00eda, el Comit\u00e9 de Vigilancia, y el Comit\u00e9 de Transparencia. Es as\u00ed que con los cambios, se otorgar\u00eda una mayor representaci\u00f3n al gobierno en cada uno de estos comit\u00e9s.<\/p>\n\n\n\n<p>El texto del dictamen se\u00f1ala que en el caso del&nbsp;<strong>Comit\u00e9<\/strong>&nbsp;<strong>de Auditor\u00eda<\/strong>, la nueva conformaci\u00f3n constar\u00eda de cinco representantes, de los cuales, tres ser\u00edan del sector gobierno, uno del sector laboral y uno m\u00e1s del sector empresarial. Cabe recordar que actualmente, la comisi\u00f3n la integran tres personas, cada uno representa al sector gobierno, laboral y empresarial.<\/p>\n\n\n\n<p>Caso similar suceder\u00eda con el&nbsp;<strong>Comit\u00e9 de Transparencia<\/strong>, el cual pasar\u00eda de tres representantes, uno de cada sector, a cinco integrantes, en donde tres ser\u00edan del sector gobierno.<\/p>\n\n\n\n<p>En lo que respecta al&nbsp;<strong>Comit\u00e9 de Vigilancia<\/strong>, si bien se propone mantener el n\u00famero de integrantes, s\u00ed se modificar\u00eda la repartici\u00f3n de lugares; es decir, actualmente, el comit\u00e9 lo integran tres representantes de cada sector, pero con la reforma, el sector gobierno tendr\u00eda cinco lugares en la mesa, mientras que el sector laboral y empresarial, dos representantes respectivamente.<a href=\"https:\/\/centrourbano.com\/revista\/author\/editorial\/\" rel=\"nofollow noopener\" target=\"_blank\"><\/a><\/p>\n","protected":false},"excerpt":{"rendered":"<p>La reforma al Infonavit buscar\u00eda, adem\u00e1s de regresar las facultades de constructor al organismo, otorgar mayor peso en el control y toma de decisiones al sector gobierno La Comisi\u00f3n de Reordenamiento Territorial y Vivienda de la&nbsp;C\u00e1mara de Senadores&nbsp;aprob\u00f3 la iniciativa de&nbsp;reforma&nbsp;al Infonavit enviada por la presidenta&nbsp;Claudia Sheinbaum. Sin embargo, la propuesta no s\u00f3lo contempla otorgar [&hellip;]<\/p>\n","protected":false},"author":1,"featured_media":16348,"comment_status":"open","ping_status":"closed","sticky":false,"template":"","format":"standard","meta":{"site-sidebar-layout":"default","site-content-layout":"","ast-site-content-layout":"default","site-content-style":"default","site-sidebar-style":"default","ast-global-header-display":"","ast-banner-title-visibility":"","ast-main-header-display":"","ast-hfb-above-header-display":"","ast-hfb-below-header-display":"","ast-hfb-mobile-header-display":"","site-post-title":"","ast-breadcrumbs-content":"","ast-featured-img":"","footer-sml-layout":"","ast-disable-related-posts":"","theme-transparent-header-meta":"","adv-header-id-meta":"","stick-header-meta":"","header-above-stick-meta":"","header-main-stick-meta":"","header-below-stick-meta":"","astra-migrate-meta-layouts":"set","ast-page-background-enabled":"default","ast-page-background-meta":{"desktop":{"background-color":"var(--ast-global-color-4)","background-image":"","background-repeat":"repeat","background-position":"center center","background-size":"auto","background-attachment":"scroll","background-type":"","background-media":"","overlay-type":"","overlay-color":"","overlay-opacity":"","overlay-gradient":""},"tablet":{"background-color":"","background-image":"","background-repeat":"repeat","background-position":"center center","background-size":"auto","background-attachment":"scroll","background-type":"","background-media":"","overlay-type":"","overlay-color":"","overlay-opacity":"","overlay-gradient":""},"mobile":{"background-color":"","background-image":"","background-repeat":"repeat","background-position":"center center","background-size":"auto","background-attachment":"scroll","background-type":"","background-media":"","overlay-type":"","overlay-color":"","overlay-opacity":"","overlay-gradient":""}},"ast-content-background-meta":{"desktop":{"background-color":"var(--ast-global-color-5)","background-image":"","background-repeat":"repeat","background-position":"center center","background-size":"auto","background-attachment":"scroll","background-type":"","background-media":"","overlay-type":"","overlay-color":"","overlay-opacity":"","overlay-gradient":""},"tablet":{"background-color":"var(--ast-global-color-5)","background-image":"","background-repeat":"repeat","background-position":"center center","background-size":"auto","background-attachment":"scroll","background-type":"","background-media":"","overlay-type":"","overlay-color":"","overlay-opacity":"","overlay-gradient":""},"mobile":{"background-color":"var(--ast-global-color-5)","background-image":"","background-repeat":"repeat","background-position":"center center","background-size":"auto","background-attachment":"scroll","background-type":"","background-media":"","overlay-type":"","overlay-color":"","overlay-opacity":"","overlay-gradient":""}},"footnotes":""},"categories":[4],"tags":[102,6547,1432],"class_list":["post-16347","post","type-post","status-publish","format-standard","has-post-thumbnail","hentry","category-noticias","tag-infonavit","tag-modificacion-del-infonavit","tag-tripartismo"],"_links":{"self":[{"href":"https:\/\/hombresymujeresdelacasa.com\/home\/wp-json\/wp\/v2\/posts\/16347","targetHints":{"allow":["GET"]}}],"collection":[{"href":"https:\/\/hombresymujeresdelacasa.com\/home\/wp-json\/wp\/v2\/posts"}],"about":[{"href":"https:\/\/hombresymujeresdelacasa.com\/home\/wp-json\/wp\/v2\/types\/post"}],"author":[{"embeddable":true,"href":"https:\/\/hombresymujeresdelacasa.com\/home\/wp-json\/wp\/v2\/users\/1"}],"replies":[{"embeddable":true,"href":"https:\/\/hombresymujeresdelacasa.com\/home\/wp-json\/wp\/v2\/comments?post=16347"}],"version-history":[{"count":1,"href":"https:\/\/hombresymujeresdelacasa.com\/home\/wp-json\/wp\/v2\/posts\/16347\/revisions"}],"predecessor-version":[{"id":16349,"href":"https:\/\/hombresymujeresdelacasa.com\/home\/wp-json\/wp\/v2\/posts\/16347\/revisions\/16349"}],"wp:featuredmedia":[{"embeddable":true,"href":"https:\/\/hombresymujeresdelacasa.com\/home\/wp-json\/wp\/v2\/media\/16348"}],"wp:attachment":[{"href":"https:\/\/hombresymujeresdelacasa.com\/home\/wp-json\/wp\/v2\/media?parent=16347"}],"wp:term":[{"taxonomy":"category","embeddable":true,"href":"https:\/\/hombresymujeresdelacasa.com\/home\/wp-json\/wp\/v2\/categories?post=16347"},{"taxonomy":"post_tag","embeddable":true,"href":"https:\/\/hombresymujeresdelacasa.com\/home\/wp-json\/wp\/v2\/tags?post=16347"}],"curies":[{"name":"wp","href":"https:\/\/api.w.org\/{rel}","templated":true}]}}