{"id":16341,"date":"2024-12-13T15:14:07","date_gmt":"2024-12-13T21:14:07","guid":{"rendered":"https:\/\/hombresymujeresdelacasa.com\/home\/?p=16341"},"modified":"2024-12-13T15:14:08","modified_gmt":"2024-12-13T21:14:08","slug":"analizan-en-senado-la-iniciativa-de-vivienda-social-de-sheinbaum","status":"publish","type":"post","link":"https:\/\/hombresymujeresdelacasa.com\/home\/analizan-en-senado-la-iniciativa-de-vivienda-social-de-sheinbaum\/","title":{"rendered":"Analizan en Senado la iniciativa de vivienda social de Sheinbaum"},"content":{"rendered":"\n<p>Por: Fernanda Hern\u00e1ndez <\/p>\n\n\n\n<p><em>La iniciativa busca reformas diversas disposiciones de las Leyes del Infonavit y Federal del Trabajo en materia de vivienda con orientaci\u00f3n social<\/em><\/p>\n\n\n\n<p>La&nbsp;<strong>Mesa Directiva del Senado de la Rep\u00fablica<\/strong>&nbsp;turn\u00f3 a las comisiones unidas de&nbsp;<strong>Reordenamiento Urbano y Vivienda<\/strong>, y de&nbsp;<strong>Estudios Legislativos<\/strong>&nbsp;la iniciativa de la presidenta, Claudia Sheinbaum Pardo, en materia de&nbsp;<strong>vivienda con orientaci\u00f3n social<\/strong>.<\/p>\n\n\n\n<p>Dicha iniciativa busca reformar diversas disposiciones de la&nbsp;<strong>Ley del Instituto del Fondo Nacional de la Vivienda para los Trabajadores&nbsp;<\/strong>(<strong>Infonavit<\/strong>) y de la&nbsp;<strong>Ley Federal del Trabajo<\/strong>&nbsp;(<strong>LFT<\/strong>).<\/p>\n\n\n\n<p>En el caso de la&nbsp;<strong>Ley del Infonavit<\/strong>, la iniciativa establece que el Instituto podr\u00e1 establecer programas para facilitar el acceso a vivienda de las y los trabajadores mediante el&nbsp;<strong>arrendamiento social<\/strong>; adem\u00e1s de que tendr\u00e1 que otorgar bajo ese esquema los inmuebles que se construyan o que sean bienes recuperados.<\/p>\n\n\n\n<p>Asimismo, indica que, al cumplir un a\u00f1o de cotizaci\u00f3n continua, las personas trabajadoras podr\u00e1n participar en el&nbsp;<strong>programa de arrendamiento social de vivienda construida o administrada por el&nbsp;<a href=\"https:\/\/centrourbano.com\/revista\/vivienda\/infonavit-mas-creditos-congelados\/\" target=\"_blank\" rel=\"noreferrer noopener nofollow\">Infonavit<\/a><\/strong>&nbsp;que se encuentre cerca de su centro de trabajo, as\u00ed como en los programas de opci\u00f3n de compra de dichas viviendas.<\/p>\n\n\n\n<p>Y, sobre los esquemas de arrendamiento social, se\u00f1ala que las y los derechohabientes tendr\u00e1n derecho a utilizar su subcuenta de vivienda como mecanismo de garant\u00eda conforme a los programas, reglas, requisitos y criterios de prelaci\u00f3n que establezca el&nbsp;<strong>Consejo de Administraci\u00f3n del Infonavit<\/strong>.<\/p>\n\n\n\n<p>No obstante, las personas trabajadoras derechohabientes tendr\u00e1n la obligaci\u00f3n de&nbsp;<strong>cuidar la vivienda<\/strong>&nbsp;que se le otorgue como si fuera propia, as\u00ed como desocuparla y entregarla al terminar el arrendamiento.<\/p>\n\n\n\n<p>La iniciativa, adem\u00e1s, proh\u00edbe que las personas trabajadoras usen la vivienda para&nbsp;<strong>fines distintos a su habitaci\u00f3n y residencia<\/strong>, as\u00ed como darla en subarrendamiento; mientras que la enajenaci\u00f3n de vivienda a favor de las personas trabajadoras dar\u00e1 preferencia a aquellas que no cuenten con vivienda propia.<\/p>\n\n\n\n<p>Por otro lado, con respecto a la&nbsp;<strong>LFT<\/strong>, el documento establece que los&nbsp;<strong>salarios m\u00ednimos<\/strong>&nbsp;no podr\u00e1n ser objeto de compensaci\u00f3n, descuento o reducci\u00f3n, salvo en los casos de rentas del Infonavit destinadas el arrendamiento social; sin embargo, dichos descuentos no podr\u00e1n sobrepasar el 30 por ciento.<\/p>\n\n\n\n<p>De igual manera, refiere que el&nbsp;<strong>Infonavit<\/strong>&nbsp;coordinar\u00e1 el&nbsp;<strong>arrendamiento social<\/strong>&nbsp;de vivienda para su habitaci\u00f3n por las personas trabajadoras, bajo criterios sociales, sin fines de lucro o especulaci\u00f3n comercial y considerando su nivel salarial.<\/p>\n\n\n\n<p>El Instituto tambi\u00e9n intervendr\u00e1 en la&nbsp;<strong>administraci\u00f3n de los inmuebles y viviendas<\/strong>&nbsp;que sean de su propiedad o se encuentren bajo su administraci\u00f3n, a efecto de mantenerlas en condiciones de habitabilidad adecuada.<\/p>\n\n\n\n<p>Finalmente, se indica que en los casos en que una persona trabajadora incapacitada haya adquirido una nueva relaci\u00f3n de trabajo y la pierda, podr\u00eda reiniciar el tr\u00e1mite de su&nbsp;<strong>cancelaci\u00f3n del cr\u00e9dito ante el Infonavit<\/strong>&nbsp;cuantas veces le resulte necesario, siempre que no se revoque la determinaci\u00f3n de su incapacidad en los t\u00e9rminos de la Ley del Seguro Social.<\/p>\n","protected":false},"excerpt":{"rendered":"<p>Por: Fernanda Hern\u00e1ndez La iniciativa busca reformas diversas disposiciones de las Leyes del Infonavit y Federal del Trabajo en materia de vivienda con orientaci\u00f3n social La&nbsp;Mesa Directiva del Senado de la Rep\u00fablica&nbsp;turn\u00f3 a las comisiones unidas de&nbsp;Reordenamiento Urbano y Vivienda, y de&nbsp;Estudios Legislativos&nbsp;la iniciativa de la presidenta, Claudia Sheinbaum Pardo, en materia de&nbsp;vivienda con orientaci\u00f3n [&hellip;]<\/p>\n","protected":false},"author":1,"featured_media":16342,"comment_status":"open","ping_status":"closed","sticky":false,"template":"","format":"standard","meta":{"site-sidebar-layout":"default","site-content-layout":"","ast-site-content-layout":"default","site-content-style":"default","site-sidebar-style":"default","ast-global-header-display":"","ast-banner-title-visibility":"","ast-main-header-display":"","ast-hfb-above-header-display":"","ast-hfb-below-header-display":"","ast-hfb-mobile-header-display":"","site-post-title":"","ast-breadcrumbs-content":"","ast-featured-img":"","footer-sml-layout":"","ast-disable-related-posts":"","theme-transparent-header-meta":"","adv-header-id-meta":"","stick-header-meta":"","header-above-stick-meta":"","header-main-stick-meta":"","header-below-stick-meta":"","astra-migrate-meta-layouts":"set","ast-page-background-enabled":"default","ast-page-background-meta":{"desktop":{"background-color":"var(--ast-global-color-4)","background-image":"","background-repeat":"repeat","background-position":"center center","background-size":"auto","background-attachment":"scroll","background-type":"","background-media":"","overlay-type":"","overlay-color":"","overlay-opacity":"","overlay-gradient":""},"tablet":{"background-color":"","background-image":"","background-repeat":"repeat","background-position":"center center","background-size":"auto","background-attachment":"scroll","background-type":"","background-media":"","overlay-type":"","overlay-color":"","overlay-opacity":"","overlay-gradient":""},"mobile":{"background-color":"","background-image":"","background-repeat":"repeat","background-position":"center center","background-size":"auto","background-attachment":"scroll","background-type":"","background-media":"","overlay-type":"","overlay-color":"","overlay-opacity":"","overlay-gradient":""}},"ast-content-background-meta":{"desktop":{"background-color":"var(--ast-global-color-5)","background-image":"","background-repeat":"repeat","background-position":"center center","background-size":"auto","background-attachment":"scroll","background-type":"","background-media":"","overlay-type":"","overlay-color":"","overlay-opacity":"","overlay-gradient":""},"tablet":{"background-color":"var(--ast-global-color-5)","background-image":"","background-repeat":"repeat","background-position":"center center","background-size":"auto","background-attachment":"scroll","background-type":"","background-media":"","overlay-type":"","overlay-color":"","overlay-opacity":"","overlay-gradient":""},"mobile":{"background-color":"var(--ast-global-color-5)","background-image":"","background-repeat":"repeat","background-position":"center center","background-size":"auto","background-attachment":"scroll","background-type":"","background-media":"","overlay-type":"","overlay-color":"","overlay-opacity":"","overlay-gradient":""}},"footnotes":""},"categories":[4],"tags":[6546,1399,177],"class_list":["post-16341","post","type-post","status-publish","format-standard","has-post-thumbnail","hentry","category-noticias","tag-iniciativa-de-vivienda","tag-senado","tag-vivienda"],"_links":{"self":[{"href":"https:\/\/hombresymujeresdelacasa.com\/home\/wp-json\/wp\/v2\/posts\/16341","targetHints":{"allow":["GET"]}}],"collection":[{"href":"https:\/\/hombresymujeresdelacasa.com\/home\/wp-json\/wp\/v2\/posts"}],"about":[{"href":"https:\/\/hombresymujeresdelacasa.com\/home\/wp-json\/wp\/v2\/types\/post"}],"author":[{"embeddable":true,"href":"https:\/\/hombresymujeresdelacasa.com\/home\/wp-json\/wp\/v2\/users\/1"}],"replies":[{"embeddable":true,"href":"https:\/\/hombresymujeresdelacasa.com\/home\/wp-json\/wp\/v2\/comments?post=16341"}],"version-history":[{"count":1,"href":"https:\/\/hombresymujeresdelacasa.com\/home\/wp-json\/wp\/v2\/posts\/16341\/revisions"}],"predecessor-version":[{"id":16343,"href":"https:\/\/hombresymujeresdelacasa.com\/home\/wp-json\/wp\/v2\/posts\/16341\/revisions\/16343"}],"wp:featuredmedia":[{"embeddable":true,"href":"https:\/\/hombresymujeresdelacasa.com\/home\/wp-json\/wp\/v2\/media\/16342"}],"wp:attachment":[{"href":"https:\/\/hombresymujeresdelacasa.com\/home\/wp-json\/wp\/v2\/media?parent=16341"}],"wp:term":[{"taxonomy":"category","embeddable":true,"href":"https:\/\/hombresymujeresdelacasa.com\/home\/wp-json\/wp\/v2\/categories?post=16341"},{"taxonomy":"post_tag","embeddable":true,"href":"https:\/\/hombresymujeresdelacasa.com\/home\/wp-json\/wp\/v2\/tags?post=16341"}],"curies":[{"name":"wp","href":"https:\/\/api.w.org\/{rel}","templated":true}]}}