{"id":1634,"date":"2017-07-12T14:02:47","date_gmt":"2017-07-12T19:02:47","guid":{"rendered":"http:\/\/hombresymujeresdelacasa.com\/?p=1634"},"modified":"2017-07-12T14:02:47","modified_gmt":"2017-07-12T19:02:47","slug":"necesario-separar-pensiones-en-infonavit-empresarios","status":"publish","type":"post","link":"https:\/\/hombresymujeresdelacasa.com\/home\/necesario-separar-pensiones-en-infonavit-empresarios\/","title":{"rendered":"Necesario separar pensiones en Infonavit: empresarios"},"content":{"rendered":"<p>Por: Edgar Rosas<\/p>\n<p><em>Sebasti\u00e1n Fern\u00e1ndez Cortina destac\u00f3 que el objetivo es mantener los recursos bajo el tutelaje del organismo, pero lograr una mayor eficiencia en la operaci\u00f3n<\/em><span id=\"more-56094\"><\/span><\/p>\n<p>Separar los mandatos hipotecario y pensionario del\u00a0<a href=\"http:\/\/portal.infonavit.org.mx\/wps\/wcm\/connect\/infonavit\/inicio\" target=\"_blank\" rel=\"noopener nofollow\">Infonavit<\/a>\u00a0ser\u00eda una forma de mejorar nuestra eficiencia, la calidad de los servicios para los derechohabientes, y generar mejor rentabilidad, asegur\u00f3\u00a0<a href=\"https:\/\/twitter.com\/sebastian3k\" target=\"_blank\" rel=\"noopener nofollow\">Sebasti\u00e1n Fern\u00e1ndez Cortina<\/a>, director Sectorial Empresarial de este organismo.<\/p>\n<p>Al participar en la\u00a0<a href=\"https:\/\/centrourbano.com\/reunion-sector-empresarial-infonavit\/\" target=\"_blank\" rel=\"noopener nofollow\">Reuni\u00f3n Nacional del Sector Empresarial 2017<\/a>, el directivo sostuvo que es necesario enfocar de manera correcta los esfuerzos en ambos puntos. Insisti\u00f3 en que las capacidades y nivel de especializaci\u00f3n de cada uno de los rubros son distintos.<\/p>\n<p>\u201cCon la separaci\u00f3n se pueden poner metas sim\u00e9tricas diferenciadas por tipos de veh\u00edculos financieros. Y esto genera presi\u00f3n de desempe\u00f1o en ambos rubros. Hoy las ineficiencias que se pueden dar en la operaci\u00f3n hipotecaria, se vienen cubriendo con el fondo pensionario, y eso hace que, en la dimensi\u00f3n hipotecaria, seamos m\u00e1s complacientes.<\/p>\n<p>\u201cPor otro lado, eso afecta el desempe\u00f1o pensionario de cara al futuro, y separarlos lo que hace es: obliga a que la eficiencia en ambos se d\u00e9 por dise\u00f1o para que sean eficientes ambas\u201d, dijo.<\/p>\n<p>Fern\u00e1ndez Cortina Se\u00f1al\u00f3 que separar los mandatos abonar\u00eda en la transparencia de los subsidios cruzados; adem\u00e1s de optimizar la toma de decisiones, y evitar el uso ineficiente de recurso excedentes.<\/p>\n<p>En lo referente, el Director Sectorial destac\u00f3 que el Infonavit tendr\u00e1 una acumulaci\u00f3n de recursos importante, lo que otorga una responsabilidad adicional al organismo.<\/p>\n<p>\u201cCuando nosotros hablamos de separar los mandatos y poner a otros actores a invertir los recursos del Instituto nunca hemos planteado que el dinero se salga del velo corporativo-institucional tripartito del Instituto.<\/p>\n<p>\u201cLo que hemos planteado es que estos recursos permitan la oportunidad de salir a buscar qui\u00e9n es el o los mejores administradores de fondos que pudi\u00e9semos encontrar, y por mandato o instrucciones revocable, demos a administrar todo o parte de nuestros recursos a un tercero, y con esto generar competencia, y m\u00e1s capacidades internas\u201d, a\u00f1adi\u00f3.<\/p>\n<p>En lo referente, Fern\u00e1ndez Cortina explic\u00f3 que desde el sector empresarial se han promovido cambios operativos. Destac\u00f3 que entre lo planteamientos del sector que encabeza se encuentra:<\/p>\n<p>\u2022 Redirigir tres quintas partes de las aportaciones patronales a un fondo patrimonial.<br \/>\n\u2022 Optimizar las inversiones de recursos de fondo patrimonial en los mercados financieros en un esquema para maximizar los rendimientos.<br \/>\n\u2022 Robustecer el Comit\u00e9 de Inversiones Tripartita, que ser\u00e1 responsable de velar por la buena inversi\u00f3n del fondo patrimonial.<br \/>\n\u2022 Establecer un plan de transici\u00f3n para pasar los recursos excedentes del Infonavit al esquema de administraci\u00f3n en el fondo patrimonial.<\/p>\n<p>Sebasti\u00e1n Fern\u00e1ndez record\u00f3 que el sector empresarial planeta una agenda de 4 puntos estrat\u00e9gicos, con lo que se busca mantener el cauce del Instituto, entre ellos: desarrollar las capacidades digitales y anal\u00edticas del Infonavit; desarrollar estrategia de capital humano para captar personal especializado; as\u00ed como impulsar medidas en contra del cambio clim\u00e1tico.<\/p>\n","protected":false},"excerpt":{"rendered":"<p>Por: Edgar Rosas Sebasti\u00e1n Fern\u00e1ndez Cortina destac\u00f3 que el objetivo es mantener los recursos bajo el tutelaje del organismo, pero lograr una mayor eficiencia en la operaci\u00f3n Separar los mandatos hipotecario y pensionario del\u00a0Infonavit\u00a0ser\u00eda una forma de mejorar nuestra eficiencia, la calidad de los servicios para los derechohabientes, y generar mejor rentabilidad, asegur\u00f3\u00a0Sebasti\u00e1n Fern\u00e1ndez Cortina, [&hellip;]<\/p>\n","protected":false},"author":2,"featured_media":1635,"comment_status":"open","ping_status":"open","sticky":false,"template":"","format":"standard","meta":{"site-sidebar-layout":"default","site-content-layout":"","ast-site-content-layout":"default","site-content-style":"default","site-sidebar-style":"default","ast-global-header-display":"","ast-banner-title-visibility":"","ast-main-header-display":"","ast-hfb-above-header-display":"","ast-hfb-below-header-display":"","ast-hfb-mobile-header-display":"","site-post-title":"","ast-breadcrumbs-content":"","ast-featured-img":"","footer-sml-layout":"","ast-disable-related-posts":"","theme-transparent-header-meta":"","adv-header-id-meta":"","stick-header-meta":"","header-above-stick-meta":"","header-main-stick-meta":"","header-below-stick-meta":"","astra-migrate-meta-layouts":"default","ast-page-background-enabled":"default","ast-page-background-meta":{"desktop":{"background-color":"var(--ast-global-color-4)","background-image":"","background-repeat":"repeat","background-position":"center center","background-size":"auto","background-attachment":"scroll","background-type":"","background-media":"","overlay-type":"","overlay-color":"","overlay-opacity":"","overlay-gradient":""},"tablet":{"background-color":"","background-image":"","background-repeat":"repeat","background-position":"center center","background-size":"auto","background-attachment":"scroll","background-type":"","background-media":"","overlay-type":"","overlay-color":"","overlay-opacity":"","overlay-gradient":""},"mobile":{"background-color":"","background-image":"","background-repeat":"repeat","background-position":"center center","background-size":"auto","background-attachment":"scroll","background-type":"","background-media":"","overlay-type":"","overlay-color":"","overlay-opacity":"","overlay-gradient":""}},"ast-content-background-meta":{"desktop":{"background-color":"var(--ast-global-color-5)","background-image":"","background-repeat":"repeat","background-position":"center center","background-size":"auto","background-attachment":"scroll","background-type":"","background-media":"","overlay-type":"","overlay-color":"","overlay-opacity":"","overlay-gradient":""},"tablet":{"background-color":"var(--ast-global-color-5)","background-image":"","background-repeat":"repeat","background-position":"center center","background-size":"auto","background-attachment":"scroll","background-type":"","background-media":"","overlay-type":"","overlay-color":"","overlay-opacity":"","overlay-gradient":""},"mobile":{"background-color":"var(--ast-global-color-5)","background-image":"","background-repeat":"repeat","background-position":"center center","background-size":"auto","background-attachment":"scroll","background-type":"","background-media":"","overlay-type":"","overlay-color":"","overlay-opacity":"","overlay-gradient":""}},"footnotes":""},"categories":[4],"tags":[66,73,102,135,148],"class_list":["post-1634","post","type-post","status-publish","format-standard","has-post-thumbnail","hentry","category-noticias","tag-direccion-sectorial","tag-empresarial","tag-infonavit","tag-reunion-nacional-del-sector-empresarial","tag-sebastian-fernandez-cortina"],"_links":{"self":[{"href":"https:\/\/hombresymujeresdelacasa.com\/home\/wp-json\/wp\/v2\/posts\/1634","targetHints":{"allow":["GET"]}}],"collection":[{"href":"https:\/\/hombresymujeresdelacasa.com\/home\/wp-json\/wp\/v2\/posts"}],"about":[{"href":"https:\/\/hombresymujeresdelacasa.com\/home\/wp-json\/wp\/v2\/types\/post"}],"author":[{"embeddable":true,"href":"https:\/\/hombresymujeresdelacasa.com\/home\/wp-json\/wp\/v2\/users\/2"}],"replies":[{"embeddable":true,"href":"https:\/\/hombresymujeresdelacasa.com\/home\/wp-json\/wp\/v2\/comments?post=1634"}],"version-history":[{"count":0,"href":"https:\/\/hombresymujeresdelacasa.com\/home\/wp-json\/wp\/v2\/posts\/1634\/revisions"}],"wp:featuredmedia":[{"embeddable":true,"href":"https:\/\/hombresymujeresdelacasa.com\/home\/wp-json\/"}],"wp:attachment":[{"href":"https:\/\/hombresymujeresdelacasa.com\/home\/wp-json\/wp\/v2\/media?parent=1634"}],"wp:term":[{"taxonomy":"category","embeddable":true,"href":"https:\/\/hombresymujeresdelacasa.com\/home\/wp-json\/wp\/v2\/categories?post=1634"},{"taxonomy":"post_tag","embeddable":true,"href":"https:\/\/hombresymujeresdelacasa.com\/home\/wp-json\/wp\/v2\/tags?post=1634"}],"curies":[{"name":"wp","href":"https:\/\/api.w.org\/{rel}","templated":true}]}}