{"id":16333,"date":"2024-12-13T12:22:14","date_gmt":"2024-12-13T18:22:14","guid":{"rendered":"https:\/\/hombresymujeresdelacasa.com\/home\/?p=16333"},"modified":"2024-12-13T12:22:18","modified_gmt":"2024-12-13T18:22:18","slug":"onu-habitat-abre-convocatoria-para-albergar-el-wuf-14","status":"publish","type":"post","link":"https:\/\/hombresymujeresdelacasa.com\/home\/onu-habitat-abre-convocatoria-para-albergar-el-wuf-14\/","title":{"rendered":"ONU-Habitat abre convocatoria para albergar el WUF 14"},"content":{"rendered":"\n<p>Por: Fernanda Hern\u00e1ndez<\/p>\n\n\n\n<p><em>Las ciudades que deseen ser anfitrionas del WUF14 deber\u00e1n enviar a ONU-Habitat un comunicado oficial antes del 15 de abril de 2025<\/em><\/p>\n\n\n\n<p><strong>ONU-Habitat<\/strong>, el programa de las Naciones Unidas para los asentamientos humanos, abri\u00f3 la convocatoria de expresi\u00f3n de inter\u00e9s para las ciudades interesadas en ser la sede de la&nbsp;<strong>Decimocuarta Sesi\u00f3n del Foro Urbano Mundial<\/strong>&nbsp;(<strong>WUF14<\/strong>), que se llevar\u00e1 a cabo en 2028.<\/p>\n\n\n\n<p>El Foro se ha consolidado como la principal conferencia mundial sobre temas urbanos, y ha sido convocado por&nbsp;<strong>ONU-Habitat<\/strong>&nbsp;desde 2001. Y, desde entonces, el&nbsp;<strong>WUF<\/strong>&nbsp;se ha llevado a cabo cada dos a\u00f1os en un pa\u00eds y una ciudad anfitriona diferentes.<\/p>\n\n\n\n<p>\u201cLa naturaleza inclusiva del&nbsp;<strong>WUF<\/strong>, combinada con una participaci\u00f3n de alto nivel, la convierte en una conferencia \u00fanica de las Naciones Unidas. Y es el escenario mundial m\u00e1s importante para la interacci\u00f3n entre los encargados de formular pol\u00edticas, los l\u00edderes de los gobiernos locales, las organizaciones no gubernamentales y los profesionales expertos en el campo del desarrollo urbano sostenible y asentamientos humanos\u201d, se\u00f1ala la agencia.<\/p>\n\n\n\n<p>Asimismo,&nbsp;<strong>ONU-Habitat<\/strong>&nbsp;destaca que el&nbsp;<strong>WUF<\/strong>&nbsp;busca reunir a gobiernos nacionales, regionales y locales; organizaciones no gubernamentales y comunitarias; profesionales; instituciones de investigaci\u00f3n y academias; sector privado, instituciones financieras de desarrollo, fundaciones, medios de comunicaci\u00f3n y otros organismos internacionales. Esto con el prop\u00f3sito de discutir y abordar la forma en que se planifican, dise\u00f1an, financian, desarrollan, gobiernan y gestionan las ciudades.<\/p>\n\n\n\n<h2 class=\"wp-block-heading\"><strong>Objetivos del WUF<\/strong><\/h2>\n\n\n\n<p>El Foro&nbsp;<strong>Urbano Mundial<\/strong>&nbsp;tiene los siguientes objetivos:<\/p>\n\n\n\n<ul class=\"wp-block-list\">\n<li>Aumentar la conciencia sobre la\u00a0<strong>vivienda adecuada<\/strong>\u00a0y la\u00a0<strong>urbanizaci\u00f3n sostenible\u00a0<\/strong>entre las partes y grupos de inter\u00e9s, incluido el p\u00fablico en general.<\/li>\n\n\n\n<li>Mejorar el conocimiento colectivo del\u00a0<strong>desarrollo urbano sostenible<\/strong>\u00a0a trav\u00e9s de debates abiertos inclusivos, el intercambio de lecciones aprendidas y el intercambio de mejores pr\u00e1cticas y buenas pol\u00edticas.<\/li>\n\n\n\n<li>Aumentar la coordinaci\u00f3n y la cooperaci\u00f3n entre las diferentes partes y grupos de inter\u00e9s para el avance y la implementaci\u00f3n de la\u00a0<strong>urbanizaci\u00f3n sostenible<\/strong>.<\/li>\n\n\n\n<li>Ser una plataforma para incorporar los aportes de las organizaciones multilaterales y las partes interesadas en la presentaci\u00f3n de informes sobre la implementaci\u00f3n de la\u00a0<strong>Nueva Agenda Urbana<\/strong>.<\/li>\n\n\n\n<li>Construir coaliciones globales para ampliar el conocimiento, los recursos y el impacto para la\u00a0<strong>urbanizaci\u00f3n sostenible<\/strong>.<\/li>\n<\/ul>\n\n\n\n<p>Adem\u00e1s, el&nbsp;<strong>WUF14<\/strong>&nbsp;tambi\u00e9n contribuir\u00e1 a la movilizaci\u00f3n global que aboga por una visi\u00f3n com\u00fan sobre el desarrollo urbano sostenible y acelerar\u00e1 la implementaci\u00f3n de los&nbsp;<strong>Objetivos de Desarrollo Sostenible<\/strong>&nbsp;(<strong>ODS<\/strong>) para el logro de la Agenda 2030.<\/p>\n\n\n\n<h2 class=\"wp-block-heading\"><strong>\u00bfC\u00f3mo ser anfitri\u00f3n del WUF13?<\/strong><\/h2>\n\n\n\n<p>Las ciudades que deseen ser anfitrionas del&nbsp;<strong>WUF14<\/strong>&nbsp;podr\u00e1n expresar su inter\u00e9s mediante un comunicado oficial que deber\u00e1n enviar antes del&nbsp;<strong>15 de abril de 2025<\/strong>&nbsp;a la Divisi\u00f3n de Estrategia de Relaciones Externas, Conocimiento e Innovaci\u00f3n de ONU-Habitat, dirigido a la directora ejecutiva de la agencia, Anacl\u00e1udia Rossbach.<\/p>\n\n\n\n<figure class=\"wp-block-image aligncenter size-full\"><img fetchpriority=\"high\" decoding=\"async\" width=\"768\" height=\"503\" src=\"https:\/\/hombresymujeresdelacasa.com\/home\/wp-content\/uploads\/2024\/12\/image-3.png\" alt=\"\" class=\"wp-image-16334\" srcset=\"https:\/\/hombresymujeresdelacasa.com\/home\/wp-content\/uploads\/2024\/12\/image-3.png 768w, https:\/\/hombresymujeresdelacasa.com\/home\/wp-content\/uploads\/2024\/12\/image-3-300x196.png 300w\" sizes=\"(max-width: 768px) 100vw, 768px\" \/><\/figure>\n","protected":false},"excerpt":{"rendered":"<p>Por: Fernanda Hern\u00e1ndez Las ciudades que deseen ser anfitrionas del WUF14 deber\u00e1n enviar a ONU-Habitat un comunicado oficial antes del 15 de abril de 2025 ONU-Habitat, el programa de las Naciones Unidas para los asentamientos humanos, abri\u00f3 la convocatoria de expresi\u00f3n de inter\u00e9s para las ciudades interesadas en ser la sede de la&nbsp;Decimocuarta Sesi\u00f3n del [&hellip;]<\/p>\n","protected":false},"author":1,"featured_media":16335,"comment_status":"open","ping_status":"closed","sticky":false,"template":"","format":"standard","meta":{"site-sidebar-layout":"default","site-content-layout":"","ast-site-content-layout":"default","site-content-style":"default","site-sidebar-style":"default","ast-global-header-display":"","ast-banner-title-visibility":"","ast-main-header-display":"","ast-hfb-above-header-display":"","ast-hfb-below-header-display":"","ast-hfb-mobile-header-display":"","site-post-title":"","ast-breadcrumbs-content":"","ast-featured-img":"","footer-sml-layout":"","ast-disable-related-posts":"","theme-transparent-header-meta":"","adv-header-id-meta":"","stick-header-meta":"","header-above-stick-meta":"","header-main-stick-meta":"","header-below-stick-meta":"","astra-migrate-meta-layouts":"set","ast-page-background-enabled":"default","ast-page-background-meta":{"desktop":{"background-color":"var(--ast-global-color-4)","background-image":"","background-repeat":"repeat","background-position":"center center","background-size":"auto","background-attachment":"scroll","background-type":"","background-media":"","overlay-type":"","overlay-color":"","overlay-opacity":"","overlay-gradient":""},"tablet":{"background-color":"","background-image":"","background-repeat":"repeat","background-position":"center center","background-size":"auto","background-attachment":"scroll","background-type":"","background-media":"","overlay-type":"","overlay-color":"","overlay-opacity":"","overlay-gradient":""},"mobile":{"background-color":"","background-image":"","background-repeat":"repeat","background-position":"center center","background-size":"auto","background-attachment":"scroll","background-type":"","background-media":"","overlay-type":"","overlay-color":"","overlay-opacity":"","overlay-gradient":""}},"ast-content-background-meta":{"desktop":{"background-color":"var(--ast-global-color-5)","background-image":"","background-repeat":"repeat","background-position":"center center","background-size":"auto","background-attachment":"scroll","background-type":"","background-media":"","overlay-type":"","overlay-color":"","overlay-opacity":"","overlay-gradient":""},"tablet":{"background-color":"var(--ast-global-color-5)","background-image":"","background-repeat":"repeat","background-position":"center center","background-size":"auto","background-attachment":"scroll","background-type":"","background-media":"","overlay-type":"","overlay-color":"","overlay-opacity":"","overlay-gradient":""},"mobile":{"background-color":"var(--ast-global-color-5)","background-image":"","background-repeat":"repeat","background-position":"center center","background-size":"auto","background-attachment":"scroll","background-type":"","background-media":"","overlay-type":"","overlay-color":"","overlay-opacity":"","overlay-gradient":""}},"footnotes":""},"categories":[4],"tags":[635,569,522,1469,6544],"class_list":["post-16333","post","type-post","status-publish","format-standard","has-post-thumbnail","hentry","category-noticias","tag-desarrollo-sostenible","tag-foro-urbano-mundial","tag-onu-habitat","tag-vivienda-adecuada","tag-wuf14"],"_links":{"self":[{"href":"https:\/\/hombresymujeresdelacasa.com\/home\/wp-json\/wp\/v2\/posts\/16333","targetHints":{"allow":["GET"]}}],"collection":[{"href":"https:\/\/hombresymujeresdelacasa.com\/home\/wp-json\/wp\/v2\/posts"}],"about":[{"href":"https:\/\/hombresymujeresdelacasa.com\/home\/wp-json\/wp\/v2\/types\/post"}],"author":[{"embeddable":true,"href":"https:\/\/hombresymujeresdelacasa.com\/home\/wp-json\/wp\/v2\/users\/1"}],"replies":[{"embeddable":true,"href":"https:\/\/hombresymujeresdelacasa.com\/home\/wp-json\/wp\/v2\/comments?post=16333"}],"version-history":[{"count":1,"href":"https:\/\/hombresymujeresdelacasa.com\/home\/wp-json\/wp\/v2\/posts\/16333\/revisions"}],"predecessor-version":[{"id":16336,"href":"https:\/\/hombresymujeresdelacasa.com\/home\/wp-json\/wp\/v2\/posts\/16333\/revisions\/16336"}],"wp:featuredmedia":[{"embeddable":true,"href":"https:\/\/hombresymujeresdelacasa.com\/home\/wp-json\/wp\/v2\/media\/16335"}],"wp:attachment":[{"href":"https:\/\/hombresymujeresdelacasa.com\/home\/wp-json\/wp\/v2\/media?parent=16333"}],"wp:term":[{"taxonomy":"category","embeddable":true,"href":"https:\/\/hombresymujeresdelacasa.com\/home\/wp-json\/wp\/v2\/categories?post=16333"},{"taxonomy":"post_tag","embeddable":true,"href":"https:\/\/hombresymujeresdelacasa.com\/home\/wp-json\/wp\/v2\/tags?post=16333"}],"curies":[{"name":"wp","href":"https:\/\/api.w.org\/{rel}","templated":true}]}}