{"id":16329,"date":"2024-12-12T13:23:56","date_gmt":"2024-12-12T19:23:56","guid":{"rendered":"https:\/\/hombresymujeresdelacasa.com\/home\/?p=16329"},"modified":"2024-12-12T13:23:58","modified_gmt":"2024-12-12T19:23:58","slug":"jabnely-maldonado-meza-nueva-vocal-ejecutiva-del-fovissste","status":"publish","type":"post","link":"https:\/\/hombresymujeresdelacasa.com\/home\/jabnely-maldonado-meza-nueva-vocal-ejecutiva-del-fovissste\/","title":{"rendered":"Jabnely Maldonado Meza, nueva vocal ejecutiva del Fovissste"},"content":{"rendered":"\n<p>Por: Fernanda Hern\u00e1ndez<\/p>\n\n\n\n<p><em>Jabnely Maldonado estuvo a cargo de la Comisi\u00f3n para la Reconstrucci\u00f3n de la Ciudad de M\u00e9xico desde julio de 2021<\/em><\/p>\n\n\n\n<p>En el marco de la sesi\u00f3n ordinaria de la Junta Directiva del Instituto de Seguridad y Servicios Sociales de los Trabajadores del Estado (ISSSTE),&nbsp;<strong>Mart\u00ed Batres Guadarrama<\/strong>, director general de dicha instituci\u00f3n, design\u00f3 a&nbsp;<strong>Jabnely Maldonado Meza como vocal ejecutiva del Fondo de la Vivienda<\/strong>&nbsp;(<strong>Fovissste<\/strong>).<\/p>\n\n\n\n<p>De esta manera,&nbsp;<strong>Maldonado<\/strong>, quien asumir\u00e1 el cargo a partir del pr\u00f3ximo 16 de diciembre, contribuir\u00e1 en la estrategia de promover el bienestar de las familias y de la comunidad derechohabiente al garantizar el&nbsp;<strong>derecho a una vivienda adecuada<\/strong>.<\/p>\n\n\n\n<p>Al respecto,&nbsp;<strong>Batres<\/strong>&nbsp;destac\u00f3 la trayectoria de la&nbsp;<strong>nueva titular del Fovissste<\/strong>, quien estuvo a cargo de la&nbsp;<strong>Comisi\u00f3n para la Reconstrucci\u00f3n de la Ciudad de M\u00e9xico<\/strong>&nbsp;desde julio de 2021; y tambi\u00e9n, anteriormente, se desempe\u00f1\u00f3 como directora general de Atenci\u00f3n a Personas Damnificadas en la misma Comisi\u00f3n.<\/p>\n\n\n\n<p>Cabe mencionar que&nbsp;<strong>Jabnely Maldonado<\/strong>&nbsp;es maestra en Gesti\u00f3n P\u00fablica para la Buena Administraci\u00f3n, con licenciatura en Derecho por la Universidad Tecnol\u00f3gica de M\u00e9xico y estudios de maestr\u00eda en Derechos Humanos y Democracia en la Facultad Latinoamericana de Ciencias Sociales (FLACSO)-M\u00e9xico.<\/p>\n\n\n\n<p>A lo largo de su trayectoria, se ha desempe\u00f1ado como coordinadora de Asesores en la&nbsp;<strong>VII Legislatura de la Asamblea Legislativa del Distrito Federal<\/strong>, y asesora abogada corporativa del&nbsp;<strong>Despacho Macedo y Ortiz Pinchetti<\/strong>.<\/p>\n\n\n\n<p>Asimismo, fue asesora en la&nbsp;<strong>Subprocuradur\u00eda de Derechos Humanos<\/strong>&nbsp;y enlace interinstitucional de la entonces&nbsp;<strong>Procuradur\u00eda General de Justicia<\/strong>, y subdirectora de Normatividad Jur\u00eddica en la&nbsp;<strong>Secretar\u00eda de Desarrollo Social<\/strong>.<\/p>\n\n\n\n<p>Adem\u00e1s, en 2019, obtuvo el reconocimiento \u2018Integrity Icon y People\u2019s Choice Award\u2019 a la honestidad e integridad en el servicio p\u00fablico en el certamen&nbsp;<strong>Accountability Lab<\/strong>.<\/p>\n\n\n\n<p>\u201cSignifica una vasta sensibilidad de experiencia, conocimiento en el tema de la&nbsp;<strong>vivienda social<\/strong>&nbsp;y tambi\u00e9n de los financiamientos necesarios para hacerla posible; esas son las razones por las que se propone a esta Junta Directiva\u201d, resalt\u00f3 Mar<strong>t\u00ed Batres<\/strong>.<\/p>\n\n\n\n<p>Finalmente, el director del ISSSTE reconoci\u00f3 a&nbsp;<strong>C\u00e9sar Buenrostro Moreno<\/strong>&nbsp;por su trabajo como&nbsp;<strong>vocal ejecutivo del Fovissste<\/strong>, el cual se reflej\u00f3 en resultados como la elaboraci\u00f3n de programas para facilitar a las y los derechohabientes el&nbsp;<strong>acceso a la vivienda<\/strong>&nbsp;y la&nbsp;<strong>condonaci\u00f3n de deudas<\/strong>&nbsp;para quienes adquirieron un cr\u00e9dito.<\/p>\n\n\n\n<p>\u201cUn acuerdo muy importante es la condonaci\u00f3n de deudas de aquellos que han pagado dos veces o m\u00e1s veces los cr\u00e9ditos originales. Pero tambi\u00e9n, por otro lado, el trabajo que realizaron permiti\u00f3, por ejemplo, disminuir el peso burocr\u00e1tico de la instituci\u00f3n a efectos de tener m\u00e1s recursos disponibles para los propios derechohabientes. Esto es parte de los resultados del trabajo realizado por el arquitecto C\u00e9sar\u201d, dijo&nbsp;<strong>Batres<\/strong>.<a href=\"https:\/\/centrourbano.com\/revista\/wp-content\/uploads\/Designa-Marti%CC%81-Batres-a-Jabnely-Maldonado-Meza-como-vocal-ejecutiva-del-Fovissste-2-1-scaled.jpg\" target=\"_blank\" rel=\"noreferrer noopener nofollow\"><\/a><\/p>\n\n\n\n<figure class=\"wp-block-image aligncenter size-full\"><img fetchpriority=\"high\" decoding=\"async\" width=\"768\" height=\"512\" src=\"https:\/\/hombresymujeresdelacasa.com\/home\/wp-content\/uploads\/2024\/12\/image-2.png\" alt=\"\" class=\"wp-image-16330\" srcset=\"https:\/\/hombresymujeresdelacasa.com\/home\/wp-content\/uploads\/2024\/12\/image-2.png 768w, https:\/\/hombresymujeresdelacasa.com\/home\/wp-content\/uploads\/2024\/12\/image-2-300x200.png 300w\" sizes=\"(max-width: 768px) 100vw, 768px\" \/><\/figure>\n","protected":false},"excerpt":{"rendered":"<p>Por: Fernanda Hern\u00e1ndez Jabnely Maldonado estuvo a cargo de la Comisi\u00f3n para la Reconstrucci\u00f3n de la Ciudad de M\u00e9xico desde julio de 2021 En el marco de la sesi\u00f3n ordinaria de la Junta Directiva del Instituto de Seguridad y Servicios Sociales de los Trabajadores del Estado (ISSSTE),&nbsp;Mart\u00ed Batres Guadarrama, director general de dicha instituci\u00f3n, design\u00f3 [&hellip;]<\/p>\n","protected":false},"author":1,"featured_media":16331,"comment_status":"open","ping_status":"closed","sticky":false,"template":"","format":"standard","meta":{"site-sidebar-layout":"default","site-content-layout":"","ast-site-content-layout":"default","site-content-style":"default","site-sidebar-style":"default","ast-global-header-display":"","ast-banner-title-visibility":"","ast-main-header-display":"","ast-hfb-above-header-display":"","ast-hfb-below-header-display":"","ast-hfb-mobile-header-display":"","site-post-title":"","ast-breadcrumbs-content":"","ast-featured-img":"","footer-sml-layout":"","ast-disable-related-posts":"","theme-transparent-header-meta":"","adv-header-id-meta":"","stick-header-meta":"","header-above-stick-meta":"","header-main-stick-meta":"","header-below-stick-meta":"","astra-migrate-meta-layouts":"set","ast-page-background-enabled":"default","ast-page-background-meta":{"desktop":{"background-color":"var(--ast-global-color-4)","background-image":"","background-repeat":"repeat","background-position":"center center","background-size":"auto","background-attachment":"scroll","background-type":"","background-media":"","overlay-type":"","overlay-color":"","overlay-opacity":"","overlay-gradient":""},"tablet":{"background-color":"","background-image":"","background-repeat":"repeat","background-position":"center center","background-size":"auto","background-attachment":"scroll","background-type":"","background-media":"","overlay-type":"","overlay-color":"","overlay-opacity":"","overlay-gradient":""},"mobile":{"background-color":"","background-image":"","background-repeat":"repeat","background-position":"center center","background-size":"auto","background-attachment":"scroll","background-type":"","background-media":"","overlay-type":"","overlay-color":"","overlay-opacity":"","overlay-gradient":""}},"ast-content-background-meta":{"desktop":{"background-color":"var(--ast-global-color-5)","background-image":"","background-repeat":"repeat","background-position":"center center","background-size":"auto","background-attachment":"scroll","background-type":"","background-media":"","overlay-type":"","overlay-color":"","overlay-opacity":"","overlay-gradient":""},"tablet":{"background-color":"var(--ast-global-color-5)","background-image":"","background-repeat":"repeat","background-position":"center center","background-size":"auto","background-attachment":"scroll","background-type":"","background-media":"","overlay-type":"","overlay-color":"","overlay-opacity":"","overlay-gradient":""},"mobile":{"background-color":"var(--ast-global-color-5)","background-image":"","background-repeat":"repeat","background-position":"center center","background-size":"auto","background-attachment":"scroll","background-type":"","background-media":"","overlay-type":"","overlay-color":"","overlay-opacity":"","overlay-gradient":""}},"footnotes":""},"categories":[4],"tags":[86,6542,6541,177],"class_list":["post-16329","post","type-post","status-publish","format-standard","has-post-thumbnail","hentry","category-noticias","tag-fovissste","tag-jabnely-maldonado","tag-nueva-vocal-ejecutiva","tag-vivienda"],"_links":{"self":[{"href":"https:\/\/hombresymujeresdelacasa.com\/home\/wp-json\/wp\/v2\/posts\/16329","targetHints":{"allow":["GET"]}}],"collection":[{"href":"https:\/\/hombresymujeresdelacasa.com\/home\/wp-json\/wp\/v2\/posts"}],"about":[{"href":"https:\/\/hombresymujeresdelacasa.com\/home\/wp-json\/wp\/v2\/types\/post"}],"author":[{"embeddable":true,"href":"https:\/\/hombresymujeresdelacasa.com\/home\/wp-json\/wp\/v2\/users\/1"}],"replies":[{"embeddable":true,"href":"https:\/\/hombresymujeresdelacasa.com\/home\/wp-json\/wp\/v2\/comments?post=16329"}],"version-history":[{"count":1,"href":"https:\/\/hombresymujeresdelacasa.com\/home\/wp-json\/wp\/v2\/posts\/16329\/revisions"}],"predecessor-version":[{"id":16332,"href":"https:\/\/hombresymujeresdelacasa.com\/home\/wp-json\/wp\/v2\/posts\/16329\/revisions\/16332"}],"wp:featuredmedia":[{"embeddable":true,"href":"https:\/\/hombresymujeresdelacasa.com\/home\/wp-json\/wp\/v2\/media\/16331"}],"wp:attachment":[{"href":"https:\/\/hombresymujeresdelacasa.com\/home\/wp-json\/wp\/v2\/media?parent=16329"}],"wp:term":[{"taxonomy":"category","embeddable":true,"href":"https:\/\/hombresymujeresdelacasa.com\/home\/wp-json\/wp\/v2\/categories?post=16329"},{"taxonomy":"post_tag","embeddable":true,"href":"https:\/\/hombresymujeresdelacasa.com\/home\/wp-json\/wp\/v2\/tags?post=16329"}],"curies":[{"name":"wp","href":"https:\/\/api.w.org\/{rel}","templated":true}]}}