{"id":16314,"date":"2024-12-10T17:44:46","date_gmt":"2024-12-10T23:44:46","guid":{"rendered":"https:\/\/hombresymujeresdelacasa.com\/home\/?p=16314"},"modified":"2024-12-10T17:44:50","modified_gmt":"2024-12-10T23:44:50","slug":"llama-sedatu-a-establecer-a-la-vivienda-como-tema-prioritario","status":"publish","type":"post","link":"https:\/\/hombresymujeresdelacasa.com\/home\/llama-sedatu-a-establecer-a-la-vivienda-como-tema-prioritario\/","title":{"rendered":"Llama Sedatu a establecer a la vivienda como tema prioritario"},"content":{"rendered":"\n<p>Por: Fernanda Hern\u00e1ndez<\/p>\n\n\n\n<p><em>\u201cA trav\u00e9s de la cooperaci\u00f3n podemos construir un futuro en el que todas las personas tengan acceso a una vivienda adecuada\u201d, dijo la titular de la Sedatu<\/em><\/p>\n\n\n\n<p>Al encabezar la primera sesi\u00f3n del Grupo de Trabajo Intergubernamental Abierto de Expertos sobre \u2018Vivienda adecuada para todos\u2019,&nbsp;<strong>Edna Vega Rangel, titular de la Secretar\u00eda de Desarrollo Agrario, Territorial y Urbano<\/strong>&nbsp;(<strong>Sedatu<\/strong>)&nbsp;&nbsp;<strong>y presidenta de la Asamblea de la ONU-Habitat<\/strong>, realiz\u00f3 un llamado para establecer a la&nbsp;<strong>vivienda adecuada<\/strong>&nbsp;como un tema prioritario en las agendas locales, nacionales y mundiales.<\/p>\n\n\n\n<p>\u201cDeseo que este espacio nos lleve a discutir m\u00e1s all\u00e1 de temas coyunturales como aspectos financieros, modelos y elementos aislados de la&nbsp;<strong>vivienda<\/strong>, y logremos discutir un cambio de visi\u00f3n que se traduzca en acciones concretas en beneficio de la poblaci\u00f3n m\u00e1s vulnerable.<\/p>\n\n\n\n<p>\u201cAbordemos el problema desde una perspectiva integral considerando tem\u00e1ticas vinculadas como el ordenamiento y planeaci\u00f3n territorial, el suelo, la gesti\u00f3n integral de riesgo, y el cambio clim\u00e1tico\u201d, expres\u00f3&nbsp;<strong>Vega Rangel<\/strong>.<\/p>\n\n\n\n<p>Asimismo, la funcionaria dijo que espera que los resultados de este intercambio de experiencias entre representantes de varios pa\u00edses del mundo se materialicen en un&nbsp;<strong>programa de acci\u00f3n concreto<\/strong>&nbsp;en las respectivas agendas y se implemente de la mano de las comunidades.<\/p>\n\n\n\n<p>\u201cS\u00f3lo a trav\u00e9s de la cooperaci\u00f3n podemos construir un futuro en el que todas las personas tengan acceso a una&nbsp;<strong>vivienda adecuada<\/strong>, sin importar su origen, g\u00e9nero o condici\u00f3n econ\u00f3mica. Por ello, hoy m\u00e1s que nunca el di\u00e1logo entre pa\u00edses y regiones es un componente fundamental que nos permitir\u00e1 pensar en estrategias a diversas escalas que pongan en el centro de atenci\u00f3n el bienestar de todas las personas\u201d, destac\u00f3 la titular de la&nbsp;<strong>Sedatu<\/strong>.<\/p>\n\n\n\n<p>Por su parte,&nbsp;<strong>Daniel Gonz\u00e1lez, director general de Coordinaci\u00f3n T\u00e9cnica de la Sedatu<\/strong>, record\u00f3 que, desde 2019, en M\u00e9xico se estableci\u00f3 un cambio de paradigma basado en \u2018por el bien de todos, primero los pobres\u2019.<\/p>\n\n\n\n<p>En ese sentido, destac\u00f3 que, con el cambio de visi\u00f3n en las pol\u00edticas p\u00fablicas, \u201clogramos que 5 millones de mexicanos salieran de la pobreza, y espec\u00edficamente en materia de vivienda, 2 millones de personas dejaron de vivir con carencia por calidad de espacios y 1.5 millones dejaron de presentar carencia por acceso a los servicios b\u00e1sicos\u201d.<\/p>\n\n\n\n<p>Este encuentro se lleva a cabo del 9 al 11 de diciembre en la sede de\u00a0<strong>ONU-Habitat<\/strong>\u00a0en Nairobi, Kenia, con el fin de que los gobiernos miembros de ONU Habitat puedan evaluar avances, intercambiar soluciones y enfrentar los obst\u00e1culos para lograr\u00a0<strong>viviendas adecuadas<\/strong>\u00a0a nivel global.<\/p>\n\n\n\n<figure class=\"wp-block-image aligncenter size-full\"><img fetchpriority=\"high\" decoding=\"async\" width=\"768\" height=\"512\" src=\"https:\/\/hombresymujeresdelacasa.com\/home\/wp-content\/uploads\/2024\/12\/image-1.png\" alt=\"\" class=\"wp-image-16315\" srcset=\"https:\/\/hombresymujeresdelacasa.com\/home\/wp-content\/uploads\/2024\/12\/image-1.png 768w, https:\/\/hombresymujeresdelacasa.com\/home\/wp-content\/uploads\/2024\/12\/image-1-300x200.png 300w\" sizes=\"(max-width: 768px) 100vw, 768px\" \/><\/figure>\n\n\n\n<p><a href=\"https:\/\/centrourbano.com\/revista\/author\/fernanda-hernandez\/\" rel=\"nofollow noopener\" target=\"_blank\"><\/a><\/p>\n","protected":false},"excerpt":{"rendered":"<p>Por: Fernanda Hern\u00e1ndez \u201cA trav\u00e9s de la cooperaci\u00f3n podemos construir un futuro en el que todas las personas tengan acceso a una vivienda adecuada\u201d, dijo la titular de la Sedatu Al encabezar la primera sesi\u00f3n del Grupo de Trabajo Intergubernamental Abierto de Expertos sobre \u2018Vivienda adecuada para todos\u2019,&nbsp;Edna Vega Rangel, titular de la Secretar\u00eda de [&hellip;]<\/p>\n","protected":false},"author":1,"featured_media":16316,"comment_status":"open","ping_status":"closed","sticky":false,"template":"","format":"standard","meta":{"site-sidebar-layout":"default","site-content-layout":"","ast-site-content-layout":"default","site-content-style":"default","site-sidebar-style":"default","ast-global-header-display":"","ast-banner-title-visibility":"","ast-main-header-display":"","ast-hfb-above-header-display":"","ast-hfb-below-header-display":"","ast-hfb-mobile-header-display":"","site-post-title":"","ast-breadcrumbs-content":"","ast-featured-img":"","footer-sml-layout":"","ast-disable-related-posts":"","theme-transparent-header-meta":"","adv-header-id-meta":"","stick-header-meta":"","header-above-stick-meta":"","header-main-stick-meta":"","header-below-stick-meta":"","astra-migrate-meta-layouts":"set","ast-page-background-enabled":"default","ast-page-background-meta":{"desktop":{"background-color":"var(--ast-global-color-4)","background-image":"","background-repeat":"repeat","background-position":"center center","background-size":"auto","background-attachment":"scroll","background-type":"","background-media":"","overlay-type":"","overlay-color":"","overlay-opacity":"","overlay-gradient":""},"tablet":{"background-color":"","background-image":"","background-repeat":"repeat","background-position":"center center","background-size":"auto","background-attachment":"scroll","background-type":"","background-media":"","overlay-type":"","overlay-color":"","overlay-opacity":"","overlay-gradient":""},"mobile":{"background-color":"","background-image":"","background-repeat":"repeat","background-position":"center center","background-size":"auto","background-attachment":"scroll","background-type":"","background-media":"","overlay-type":"","overlay-color":"","overlay-opacity":"","overlay-gradient":""}},"ast-content-background-meta":{"desktop":{"background-color":"var(--ast-global-color-5)","background-image":"","background-repeat":"repeat","background-position":"center center","background-size":"auto","background-attachment":"scroll","background-type":"","background-media":"","overlay-type":"","overlay-color":"","overlay-opacity":"","overlay-gradient":""},"tablet":{"background-color":"var(--ast-global-color-5)","background-image":"","background-repeat":"repeat","background-position":"center center","background-size":"auto","background-attachment":"scroll","background-type":"","background-media":"","overlay-type":"","overlay-color":"","overlay-opacity":"","overlay-gradient":""},"mobile":{"background-color":"var(--ast-global-color-5)","background-image":"","background-repeat":"repeat","background-position":"center center","background-size":"auto","background-attachment":"scroll","background-type":"","background-media":"","overlay-type":"","overlay-color":"","overlay-opacity":"","overlay-gradient":""}},"footnotes":""},"categories":[4],"tags":[522,154,6539,177],"class_list":["post-16314","post","type-post","status-publish","format-standard","has-post-thumbnail","hentry","category-noticias","tag-onu-habitat","tag-sedatu","tag-tema-prioritario","tag-vivienda"],"_links":{"self":[{"href":"https:\/\/hombresymujeresdelacasa.com\/home\/wp-json\/wp\/v2\/posts\/16314","targetHints":{"allow":["GET"]}}],"collection":[{"href":"https:\/\/hombresymujeresdelacasa.com\/home\/wp-json\/wp\/v2\/posts"}],"about":[{"href":"https:\/\/hombresymujeresdelacasa.com\/home\/wp-json\/wp\/v2\/types\/post"}],"author":[{"embeddable":true,"href":"https:\/\/hombresymujeresdelacasa.com\/home\/wp-json\/wp\/v2\/users\/1"}],"replies":[{"embeddable":true,"href":"https:\/\/hombresymujeresdelacasa.com\/home\/wp-json\/wp\/v2\/comments?post=16314"}],"version-history":[{"count":1,"href":"https:\/\/hombresymujeresdelacasa.com\/home\/wp-json\/wp\/v2\/posts\/16314\/revisions"}],"predecessor-version":[{"id":16317,"href":"https:\/\/hombresymujeresdelacasa.com\/home\/wp-json\/wp\/v2\/posts\/16314\/revisions\/16317"}],"wp:featuredmedia":[{"embeddable":true,"href":"https:\/\/hombresymujeresdelacasa.com\/home\/wp-json\/wp\/v2\/media\/16316"}],"wp:attachment":[{"href":"https:\/\/hombresymujeresdelacasa.com\/home\/wp-json\/wp\/v2\/media?parent=16314"}],"wp:term":[{"taxonomy":"category","embeddable":true,"href":"https:\/\/hombresymujeresdelacasa.com\/home\/wp-json\/wp\/v2\/categories?post=16314"},{"taxonomy":"post_tag","embeddable":true,"href":"https:\/\/hombresymujeresdelacasa.com\/home\/wp-json\/wp\/v2\/tags?post=16314"}],"curies":[{"name":"wp","href":"https:\/\/api.w.org\/{rel}","templated":true}]}}