{"id":16311,"date":"2024-12-10T13:40:08","date_gmt":"2024-12-10T19:40:08","guid":{"rendered":"https:\/\/hombresymujeresdelacasa.com\/home\/?p=16311"},"modified":"2024-12-10T13:40:10","modified_gmt":"2024-12-10T19:40:10","slug":"infonavit-y-tecnm-colaboraran-en-la-construccion-de-viviendas","status":"publish","type":"post","link":"https:\/\/hombresymujeresdelacasa.com\/home\/infonavit-y-tecnm-colaboraran-en-la-construccion-de-viviendas\/","title":{"rendered":"Infonavit y TecNM colaborar\u00e1n en la construcci\u00f3n de viviendas"},"content":{"rendered":"\n<p>Por: Rebeca Romero <\/p>\n\n\n\n<p><em>El Infonavit y el TecNM colaborar\u00e1n en la elaboraci\u00f3n de 92 proyectos arquitect\u00f3nicos que comenzar\u00e1n a construirse en 2025<\/em><\/p>\n\n\n\n<p>Octavio Romero Oropeza, director general del Instituto del Fondo Nacional de la Vivienda para los Trabajadores (Infonavit), inform\u00f3 que el organismo firm\u00f3 un&nbsp;<strong>convenio de colaboraci\u00f3n<\/strong>&nbsp;con el&nbsp;<strong>Tecnol\u00f3gico Nacional de M\u00e9xico<\/strong>&nbsp;(TecNM) para realizar diversos&nbsp;<strong>proyectos arquitect\u00f3nicos<\/strong>&nbsp;en varios estados del pa\u00eds y cumplir con las metas del&nbsp;<a href=\"https:\/\/centrourbano.com\/revista\/?s=programa+de+vivienda+\" target=\"_blank\" rel=\"noreferrer noopener nofollow\"><strong>Programa de Vivienda<\/strong><\/a>.<\/p>\n\n\n\n<p>Durante la conferencia de prensa matutina, el ingeniero detall\u00f3 que, a trav\u00e9s de esta colaboraci\u00f3n, el Infonavit y el TecNM elaborar\u00e1n de&nbsp;<strong>92 proyectos arquitect\u00f3nicos<\/strong>. En una primera etapa de trabajo conjunto, los organismos evaluar\u00e1n y seleccionar\u00e1n las primeras 60 propuestas para los conjuntos habitacionales que representan las&nbsp;<strong>primeras 18,000 viviendas<\/strong>.<\/p>\n\n\n\n<p>Romero Oropeza detall\u00f3 que el&nbsp;<strong>22 de diciembre 2024 se presentar\u00e1n 12 proyectos<\/strong>&nbsp;que se desarrollar\u00e1n en Baja California Sur, Campeche, Guanajuato, Hidalgo, Oaxaca, Sonora, Tabasco, Tamaulipas, Veracruz y Yucat\u00e1n.<\/p>\n\n\n\n<p>Mientras que para el&nbsp;<strong>29 de enero de 2025 se presentar\u00e1n 12 proyectos m\u00e1s<\/strong>&nbsp;que ser\u00e1n instalados en Baja California Sur, Guanajuato, Hidalgo, Sonora, Tabasco. Y, el&nbsp;<strong>30 de marzo<\/strong>&nbsp;de 2025 el Infonavit tiene programado presentar&nbsp;<strong>paquete de 68 proyectos<\/strong>&nbsp;adicionales.<\/p>\n\n\n\n<p>Por otro lado, el titular del Infonavit record\u00f3 que, dentro del Programa de Vivienda para el Bienestar, el organismo aportar\u00e1 500,000 viviendas destinadas a sus derechohabientes. Al momento, el&nbsp;<strong><a href=\"https:\/\/portalmx.infonavit.org.mx\/wps\/portal\/infonavitmx\/mx2\/derechohabientes\/!ut\/p\/z1\/hY-9DoJAEISfxYKWXX6Ew-4iiQoJgQbwGgMGDxLgCJzy-l6UxkR0ut35ZjcDDHJgffFoeCEb0Retms_MuTgHxOPeNiKSEopJ5EVm6FhmQF3I_gFM2bgiiirPXsjqBWcBPM-3jZCgGRsRYpImhn_yXdyivQA_ngTAeCvKdx_alxbhwMbqVo3VqN9Hta6lHKadhhrO86xzIXhb6VfRafgtUotJQv5JwtDl2MRdRia6eQLjCZYX\/dz\/d5\/L2dBISEvZ0FBIS9nQSEh\/\" target=\"_blank\" rel=\"noreferrer noopener nofollow\">Instituto<\/a>&nbsp;ya tiene identificados \u201cpredios de reserva territorial<\/strong>&nbsp;federal, estatal, municipal y del propio Infonavit\u201d donde podr\u00e1&nbsp;<strong>construir 96,000 viviendas<\/strong>, cifra que cubrir\u00eda la&nbsp;<strong>meta de construcci\u00f3n&nbsp;para 2025<\/strong>.<a href=\"https:\/\/centrourbano.com\/revista\/author\/rebeca-romero\/\" rel=\"nofollow noopener\" target=\"_blank\"><\/a><\/p>\n","protected":false},"excerpt":{"rendered":"<p>Por: Rebeca Romero El Infonavit y el TecNM colaborar\u00e1n en la elaboraci\u00f3n de 92 proyectos arquitect\u00f3nicos que comenzar\u00e1n a construirse en 2025 Octavio Romero Oropeza, director general del Instituto del Fondo Nacional de la Vivienda para los Trabajadores (Infonavit), inform\u00f3 que el organismo firm\u00f3 un&nbsp;convenio de colaboraci\u00f3n&nbsp;con el&nbsp;Tecnol\u00f3gico Nacional de M\u00e9xico&nbsp;(TecNM) para realizar diversos&nbsp;proyectos arquitect\u00f3nicos&nbsp;en [&hellip;]<\/p>\n","protected":false},"author":1,"featured_media":16312,"comment_status":"open","ping_status":"closed","sticky":false,"template":"","format":"standard","meta":{"site-sidebar-layout":"default","site-content-layout":"","ast-site-content-layout":"default","site-content-style":"default","site-sidebar-style":"default","ast-global-header-display":"","ast-banner-title-visibility":"","ast-main-header-display":"","ast-hfb-above-header-display":"","ast-hfb-below-header-display":"","ast-hfb-mobile-header-display":"","site-post-title":"","ast-breadcrumbs-content":"","ast-featured-img":"","footer-sml-layout":"","ast-disable-related-posts":"","theme-transparent-header-meta":"","adv-header-id-meta":"","stick-header-meta":"","header-above-stick-meta":"","header-main-stick-meta":"","header-below-stick-meta":"","astra-migrate-meta-layouts":"set","ast-page-background-enabled":"default","ast-page-background-meta":{"desktop":{"background-color":"var(--ast-global-color-4)","background-image":"","background-repeat":"repeat","background-position":"center center","background-size":"auto","background-attachment":"scroll","background-type":"","background-media":"","overlay-type":"","overlay-color":"","overlay-opacity":"","overlay-gradient":""},"tablet":{"background-color":"","background-image":"","background-repeat":"repeat","background-position":"center center","background-size":"auto","background-attachment":"scroll","background-type":"","background-media":"","overlay-type":"","overlay-color":"","overlay-opacity":"","overlay-gradient":""},"mobile":{"background-color":"","background-image":"","background-repeat":"repeat","background-position":"center center","background-size":"auto","background-attachment":"scroll","background-type":"","background-media":"","overlay-type":"","overlay-color":"","overlay-opacity":"","overlay-gradient":""}},"ast-content-background-meta":{"desktop":{"background-color":"var(--ast-global-color-5)","background-image":"","background-repeat":"repeat","background-position":"center center","background-size":"auto","background-attachment":"scroll","background-type":"","background-media":"","overlay-type":"","overlay-color":"","overlay-opacity":"","overlay-gradient":""},"tablet":{"background-color":"var(--ast-global-color-5)","background-image":"","background-repeat":"repeat","background-position":"center center","background-size":"auto","background-attachment":"scroll","background-type":"","background-media":"","overlay-type":"","overlay-color":"","overlay-opacity":"","overlay-gradient":""},"mobile":{"background-color":"var(--ast-global-color-5)","background-image":"","background-repeat":"repeat","background-position":"center center","background-size":"auto","background-attachment":"scroll","background-type":"","background-media":"","overlay-type":"","overlay-color":"","overlay-opacity":"","overlay-gradient":""}},"footnotes":""},"categories":[4],"tags":[102,1505,6538,177],"class_list":["post-16311","post","type-post","status-publish","format-standard","has-post-thumbnail","hentry","category-noticias","tag-infonavit","tag-programa-de-vivienda","tag-tecnm","tag-vivienda"],"_links":{"self":[{"href":"https:\/\/hombresymujeresdelacasa.com\/home\/wp-json\/wp\/v2\/posts\/16311","targetHints":{"allow":["GET"]}}],"collection":[{"href":"https:\/\/hombresymujeresdelacasa.com\/home\/wp-json\/wp\/v2\/posts"}],"about":[{"href":"https:\/\/hombresymujeresdelacasa.com\/home\/wp-json\/wp\/v2\/types\/post"}],"author":[{"embeddable":true,"href":"https:\/\/hombresymujeresdelacasa.com\/home\/wp-json\/wp\/v2\/users\/1"}],"replies":[{"embeddable":true,"href":"https:\/\/hombresymujeresdelacasa.com\/home\/wp-json\/wp\/v2\/comments?post=16311"}],"version-history":[{"count":1,"href":"https:\/\/hombresymujeresdelacasa.com\/home\/wp-json\/wp\/v2\/posts\/16311\/revisions"}],"predecessor-version":[{"id":16313,"href":"https:\/\/hombresymujeresdelacasa.com\/home\/wp-json\/wp\/v2\/posts\/16311\/revisions\/16313"}],"wp:featuredmedia":[{"embeddable":true,"href":"https:\/\/hombresymujeresdelacasa.com\/home\/wp-json\/wp\/v2\/media\/16312"}],"wp:attachment":[{"href":"https:\/\/hombresymujeresdelacasa.com\/home\/wp-json\/wp\/v2\/media?parent=16311"}],"wp:term":[{"taxonomy":"category","embeddable":true,"href":"https:\/\/hombresymujeresdelacasa.com\/home\/wp-json\/wp\/v2\/categories?post=16311"},{"taxonomy":"post_tag","embeddable":true,"href":"https:\/\/hombresymujeresdelacasa.com\/home\/wp-json\/wp\/v2\/tags?post=16311"}],"curies":[{"name":"wp","href":"https:\/\/api.w.org\/{rel}","templated":true}]}}