{"id":1628,"date":"2017-07-12T13:58:49","date_gmt":"2017-07-12T18:58:49","guid":{"rendered":"http:\/\/hombresymujeresdelacasa.com\/?p=1628"},"modified":"2017-10-23T14:22:04","modified_gmt":"2017-10-23T20:22:04","slug":"impulsaremos-reformas-en-el-infonavit-penchyna","status":"publish","type":"post","link":"https:\/\/hombresymujeresdelacasa.com\/home\/impulsaremos-reformas-en-el-infonavit-penchyna\/","title":{"rendered":"Impulsaremos reformas en el Infonavit: Penchyna"},"content":{"rendered":"<p>Por: Edgar Rosas<\/p>\n<p><em>El Director General destac\u00f3 que se analiza el marco normativo del organismo en aras de transformar lo que sea necesario para ofrecer mejor servicio a los trabajadores<\/em><\/p>\n<p>&nbsp;<\/p>\n<p>En el\u00a0<a href=\"http:\/\/portal.infonavit.org.mx\/wps\/wcm\/connect\/infonavit\/inicio\" target=\"_blank\" rel=\"noopener nofollow\">Infonavit\u00a0<\/a>impulsaremos reformas que nos permitan atender de mejor manera a la derechohabiencia, asegur\u00f3\u00a0<a href=\"https:\/\/twitter.com\/davidpenchyna\" target=\"_blank\" rel=\"noopener nofollow\">David Penchyan Grub<\/a>, director general del organismo.<\/p>\n<p>Al participar en la sesi\u00f3n de clausura de la\u00a0<strong>Reuni\u00f3n Nacional del Sector Empresarial<\/strong>, el directivo subray\u00f3 que para tener un mejor Instituto, el organismo debe tener la capacidad de mirarse en el espejo de la autocr\u00edtica, y modificar lo que sea necesario para seguir avanzando.<\/p>\n<p>\u201cRequerimos dar los pasos para contar con un Infonavit que asegure su permanec\u00eda como instituci\u00f3n de seguridad social (\u2026) estamos estudiando cuidadosamente nuestro marco normativo para introducir las reformas que sean necesarias para que este instituto haga frente a las demandas actuales y futuras\u201d, dijo.<\/p>\n<p>El Director enfatiz\u00f3 que a poco m\u00e1s de un a\u00f1o de su llegada, se ha fortalecido al Instituto gracias al trabajo tripartito de los sectores que conforman al Infonavit. En este sentido, reconoci\u00f3 el esfuerzo del Sector Empresarial.<\/p>\n<p>\u201cTenemos la base para lanzar una estrategia de fondo, integral y sin titubeos para darle al derechohabiente el servicio que espera, el trato que merece y el hogar que tanto anhela\u201d, dijo.<\/p>\n<p>Por otro lado, Penchyna Grub destac\u00f3 que el Infonavit se ha transformado, y con el nuevo esquema, no s\u00f3lo se otorga m\u00e1s monto de cr\u00e9dito, sino que se vela por la salud financiera del Instituto.<\/p>\n<p>En lo referente puntualiz\u00f3 que el Infonavit cuenta con fortaleza financiera, hecho que ha permitido desarrollar mejores producto que atiendan las necesidades de los trabajadores.<\/p>\n<p>\u201cEn los \u00faltimos 16 meses hemos fortalecido nuestra capacidad para que juntos, el tripartismo, hayamos tomado desiciones que responden a pendientes hist\u00f3ricos. A poco m\u00e1s de un a\u00f1o logramos tener un Infonavit m\u00e1s fuerte, m\u00e1s din\u00e1mico, pero sobre todas las cosas m\u00e1s \u00fatil para los trabajadores, con un producto m\u00e1s claro y mejores condiciones\u201d, se\u00f1al\u00f3.<\/p>\n<p>En su participaci\u00f3n, Penchyna Grub se posicion\u00f3 sobre el tema del manejo del fondo de pensiones por parte del Infonavit. Dijo que \u201cen el Infonavit, cr\u00e9dito y pensi\u00f3n no son excluyentes, sino que conviven en la ley\u201d.<\/p>\n","protected":false},"excerpt":{"rendered":"<p>Por: Edgar Rosas El Director General destac\u00f3 que se analiza el marco normativo del organismo en aras de transformar lo que sea necesario para ofrecer mejor servicio a los trabajadores &nbsp; En el\u00a0Infonavit\u00a0impulsaremos reformas que nos permitan atender de mejor manera a la derechohabiencia, asegur\u00f3\u00a0David Penchyan Grub, director general del organismo. Al participar en la [&hellip;]<\/p>\n","protected":false},"author":2,"featured_media":2048,"comment_status":"open","ping_status":"open","sticky":false,"template":"","format":"standard","meta":{"site-sidebar-layout":"default","site-content-layout":"","ast-site-content-layout":"default","site-content-style":"default","site-sidebar-style":"default","ast-global-header-display":"","ast-banner-title-visibility":"","ast-main-header-display":"","ast-hfb-above-header-display":"","ast-hfb-below-header-display":"","ast-hfb-mobile-header-display":"","site-post-title":"","ast-breadcrumbs-content":"","ast-featured-img":"","footer-sml-layout":"","ast-disable-related-posts":"","theme-transparent-header-meta":"","adv-header-id-meta":"","stick-header-meta":"","header-above-stick-meta":"","header-main-stick-meta":"","header-below-stick-meta":"","astra-migrate-meta-layouts":"default","ast-page-background-enabled":"default","ast-page-background-meta":{"desktop":{"background-color":"var(--ast-global-color-4)","background-image":"","background-repeat":"repeat","background-position":"center center","background-size":"auto","background-attachment":"scroll","background-type":"","background-media":"","overlay-type":"","overlay-color":"","overlay-opacity":"","overlay-gradient":""},"tablet":{"background-color":"","background-image":"","background-repeat":"repeat","background-position":"center center","background-size":"auto","background-attachment":"scroll","background-type":"","background-media":"","overlay-type":"","overlay-color":"","overlay-opacity":"","overlay-gradient":""},"mobile":{"background-color":"","background-image":"","background-repeat":"repeat","background-position":"center center","background-size":"auto","background-attachment":"scroll","background-type":"","background-media":"","overlay-type":"","overlay-color":"","overlay-opacity":"","overlay-gradient":""}},"ast-content-background-meta":{"desktop":{"background-color":"var(--ast-global-color-5)","background-image":"","background-repeat":"repeat","background-position":"center center","background-size":"auto","background-attachment":"scroll","background-type":"","background-media":"","overlay-type":"","overlay-color":"","overlay-opacity":"","overlay-gradient":""},"tablet":{"background-color":"var(--ast-global-color-5)","background-image":"","background-repeat":"repeat","background-position":"center center","background-size":"auto","background-attachment":"scroll","background-type":"","background-media":"","overlay-type":"","overlay-color":"","overlay-opacity":"","overlay-gradient":""},"mobile":{"background-color":"var(--ast-global-color-5)","background-image":"","background-repeat":"repeat","background-position":"center center","background-size":"auto","background-attachment":"scroll","background-type":"","background-media":"","overlay-type":"","overlay-color":"","overlay-opacity":"","overlay-gradient":""}},"footnotes":""},"categories":[4],"tags":[59,102,135],"class_list":["post-1628","post","type-post","status-publish","format-standard","has-post-thumbnail","hentry","category-noticias","tag-david-penchyna","tag-infonavit","tag-reunion-nacional-del-sector-empresarial"],"_links":{"self":[{"href":"https:\/\/hombresymujeresdelacasa.com\/home\/wp-json\/wp\/v2\/posts\/1628","targetHints":{"allow":["GET"]}}],"collection":[{"href":"https:\/\/hombresymujeresdelacasa.com\/home\/wp-json\/wp\/v2\/posts"}],"about":[{"href":"https:\/\/hombresymujeresdelacasa.com\/home\/wp-json\/wp\/v2\/types\/post"}],"author":[{"embeddable":true,"href":"https:\/\/hombresymujeresdelacasa.com\/home\/wp-json\/wp\/v2\/users\/2"}],"replies":[{"embeddable":true,"href":"https:\/\/hombresymujeresdelacasa.com\/home\/wp-json\/wp\/v2\/comments?post=1628"}],"version-history":[{"count":1,"href":"https:\/\/hombresymujeresdelacasa.com\/home\/wp-json\/wp\/v2\/posts\/1628\/revisions"}],"predecessor-version":[{"id":2049,"href":"https:\/\/hombresymujeresdelacasa.com\/home\/wp-json\/wp\/v2\/posts\/1628\/revisions\/2049"}],"wp:featuredmedia":[{"embeddable":true,"href":"https:\/\/hombresymujeresdelacasa.com\/home\/wp-json\/wp\/v2\/media\/2048"}],"wp:attachment":[{"href":"https:\/\/hombresymujeresdelacasa.com\/home\/wp-json\/wp\/v2\/media?parent=1628"}],"wp:term":[{"taxonomy":"category","embeddable":true,"href":"https:\/\/hombresymujeresdelacasa.com\/home\/wp-json\/wp\/v2\/categories?post=1628"},{"taxonomy":"post_tag","embeddable":true,"href":"https:\/\/hombresymujeresdelacasa.com\/home\/wp-json\/wp\/v2\/tags?post=1628"}],"curies":[{"name":"wp","href":"https:\/\/api.w.org\/{rel}","templated":true}]}}