{"id":16145,"date":"2024-12-09T15:40:47","date_gmt":"2024-12-09T21:40:47","guid":{"rendered":"https:\/\/hombresymujeresdelacasa.com\/home\/?p=16145"},"modified":"2024-12-09T15:40:50","modified_gmt":"2024-12-09T21:40:50","slug":"infonavit-congelara-el-saldo-de-2-millones-de-creditos-mas","status":"publish","type":"post","link":"https:\/\/hombresymujeresdelacasa.com\/home\/infonavit-congelara-el-saldo-de-2-millones-de-creditos-mas\/","title":{"rendered":"Infonavit congelar\u00e1 el saldo de 2 millones de cr\u00e9ditos m\u00e1s"},"content":{"rendered":"\n<p>Por: Rebeca Romero <\/p>\n\n\n\n<p><em>Infonavit cuenta con 6.2 millones de cr\u00e9ditos activos, a trav\u00e9s de la iniciativa, el organismo de congelamiento atender\u00e1 a 4 millones de pr\u00e9stamos<\/em><\/p>\n\n\n\n<p>Octavio Romero Oropeza, director general del Instituto del Fondo Nacional de la Vivienda para los Trabajadores (Infonavit), inform\u00f3 que el organismo ampliar\u00e1 el programa de congelamiento de cr\u00e9ditos. En&nbsp;<strong>una nueva fase, el organismo busca cubrir 2 millones de pr\u00e9stamos<\/strong>, que se sumar\u00edan a los&nbsp;<a href=\"https:\/\/centrourbano.com\/revista\/vivienda\/infonavit-congelara-saldo-mensualidades-creditos\/\" target=\"_blank\" rel=\"noreferrer noopener nofollow\">2 millones de la primera parte.<\/a><\/p>\n\n\n\n<p>Durante la conferencia de prensa matutina, el ingeniero se\u00f1al\u00f3 que el Infonavit cuenta con una cartera estimada 6.2 millones de cr\u00e9ditos activos. De ellos,&nbsp;<strong>4 millones estaban calculados en Veces Salarios M\u00ednimos<\/strong>&nbsp;(VSM), por lo que cada a\u00f1o el saldo de la deuda aumentaba.<\/p>\n\n\n\n<p>El titular del&nbsp;<a href=\"https:\/\/portalmx.infonavit.org.mx\/wps\/portal\/infonavitmx\/mx2\/derechohabientes\/!ut\/p\/z1\/hY-9DoJAEISfxYKWXX6Ew-4iiQoJgQbwGgMGDxLgCJzy-l6UxkR0ut35ZjcDDHJgffFoeCEb0Retms_MuTgHxOPeNiKSEopJ5EVm6FhmQF3I_gFM2bgiiirPXsjqBWcBPM-3jZCgGRsRYpImhn_yXdyivQA_ngTAeCvKdx_alxbhwMbqVo3VqN9Hta6lHKadhhrO86xzIXhb6VfRafgtUotJQv5JwtDl2MRdRia6eQLjCZYX\/dz\/d5\/L2dBISEvZ0FBIS9nQSEh\/\" target=\"_blank\" rel=\"noreferrer noopener nofollow\">Infonavit<\/a>&nbsp;indic\u00f3 que, en los pr\u00f3ximos d\u00edas, la&nbsp;<strong>ley del organismo contar\u00e1 con cambios<\/strong>, los cuales permitir\u00e1n el congelamiento de los 2 millones de financiamientos extras.<\/p>\n\n\n\n<blockquote class=\"wp-block-quote is-layout-flow wp-block-quote-is-layout-flow\">\n<p>\u201cEn los pr\u00f3ximos d\u00edas se dar\u00e1 el cambio de&nbsp;Ley de Infonavit&nbsp;y a partir de ah\u00ed, estos 2 millones de&nbsp;cr\u00e9ditos&nbsp;tambi\u00e9n van a ser congelados, van a ser congeladas las mensualidades y se van a otorgar suspensiones de los pagos\u201d, coment\u00f3.<\/p>\n<\/blockquote>\n\n\n\n<p>Los&nbsp;<strong>2 millones de pr\u00e9stamos adicionales ser\u00e1n los originados entre 2014 y<\/strong>&nbsp;<strong>2021<\/strong>. Al igual que los cr\u00e9ditos de la primera fase, contar\u00e1n con congelamiento de saldos y mensualidades. La diferencia es que estos financiamientos no generar\u00e1n intereses, en caso de que el trabajador pierda su empleo.<\/p>\n\n\n\n<blockquote class=\"wp-block-quote is-layout-flow wp-block-quote-is-layout-flow\">\n<p>\u201cEn caso de que el derechohabiente pierda su empleo y deje de realizar sus pagos, se le otorgar\u00e1 la suspensi\u00f3n de estos sin generar intereses hasta por 12 meses continuos o 24 discontinuos durante toda la vida del cr\u00e9dito\u201d, detall\u00f3 Romero.<\/p>\n<\/blockquote>\n\n\n\n<p>Los primeros 500,000 cr\u00e9ditos ya pueden acudir a los Centros de Servicio Infonavit (CESI) para obtener los beneficios de este programa. Mientras que, durante el primer semestre de 2025, el mill\u00f3n y medio restante&nbsp;<strong>recibir\u00e1 de manera autom\u00e1tica los beneficios<\/strong>, que podr\u00edan ser: mantener o disminuir la tasa de inter\u00e9s o aplicar descuento al saldo actual.<\/p>\n\n\n\n<p>En cuanto a los primeros 2 millones de cr\u00e9ditos congelados, Romero Oropeza explic\u00f3 que desde octubre de 2024 ya se atienden 700.000 financiamientos. No obstante, a partir de ma\u00f1ana, a partir de ma\u00f1ana 10 de diciembre, tendr\u00e1n beneficios adicionales, como&nbsp;<strong>reducci\u00f3n a tasa de inter\u00e9s, de las mensualidades o descuentos en los saldos<\/strong>&nbsp;pendientes.<\/p>\n\n\n\n<p><strong>500,000 acreditados<\/strong>&nbsp;ver\u00e1n reflejados estos&nbsp;<strong>beneficios<\/strong>&nbsp;en el&nbsp;<strong>primer estado de cuenta de 2025<\/strong>, pero retroactivo al 10 de diciembre. Mientras que los&nbsp;<strong>800,000 cr\u00e9ditos restantes<\/strong>&nbsp;ver\u00e1n reflejadas est\u00e1s ventajas en&nbsp;<strong>febrero<\/strong>.<\/p>\n","protected":false},"excerpt":{"rendered":"<p>Por: Rebeca Romero Infonavit cuenta con 6.2 millones de cr\u00e9ditos activos, a trav\u00e9s de la iniciativa, el organismo de congelamiento atender\u00e1 a 4 millones de pr\u00e9stamos Octavio Romero Oropeza, director general del Instituto del Fondo Nacional de la Vivienda para los Trabajadores (Infonavit), inform\u00f3 que el organismo ampliar\u00e1 el programa de congelamiento de cr\u00e9ditos. En&nbsp;una [&hellip;]<\/p>\n","protected":false},"author":1,"featured_media":16146,"comment_status":"open","ping_status":"closed","sticky":false,"template":"","format":"standard","meta":{"site-sidebar-layout":"default","site-content-layout":"","ast-site-content-layout":"default","site-content-style":"default","site-sidebar-style":"default","ast-global-header-display":"","ast-banner-title-visibility":"","ast-main-header-display":"","ast-hfb-above-header-display":"","ast-hfb-below-header-display":"","ast-hfb-mobile-header-display":"","site-post-title":"","ast-breadcrumbs-content":"","ast-featured-img":"","footer-sml-layout":"","ast-disable-related-posts":"","theme-transparent-header-meta":"","adv-header-id-meta":"","stick-header-meta":"","header-above-stick-meta":"","header-main-stick-meta":"","header-below-stick-meta":"","astra-migrate-meta-layouts":"set","ast-page-background-enabled":"default","ast-page-background-meta":{"desktop":{"background-color":"var(--ast-global-color-4)","background-image":"","background-repeat":"repeat","background-position":"center center","background-size":"auto","background-attachment":"scroll","background-type":"","background-media":"","overlay-type":"","overlay-color":"","overlay-opacity":"","overlay-gradient":""},"tablet":{"background-color":"","background-image":"","background-repeat":"repeat","background-position":"center center","background-size":"auto","background-attachment":"scroll","background-type":"","background-media":"","overlay-type":"","overlay-color":"","overlay-opacity":"","overlay-gradient":""},"mobile":{"background-color":"","background-image":"","background-repeat":"repeat","background-position":"center center","background-size":"auto","background-attachment":"scroll","background-type":"","background-media":"","overlay-type":"","overlay-color":"","overlay-opacity":"","overlay-gradient":""}},"ast-content-background-meta":{"desktop":{"background-color":"var(--ast-global-color-5)","background-image":"","background-repeat":"repeat","background-position":"center center","background-size":"auto","background-attachment":"scroll","background-type":"","background-media":"","overlay-type":"","overlay-color":"","overlay-opacity":"","overlay-gradient":""},"tablet":{"background-color":"var(--ast-global-color-5)","background-image":"","background-repeat":"repeat","background-position":"center center","background-size":"auto","background-attachment":"scroll","background-type":"","background-media":"","overlay-type":"","overlay-color":"","overlay-opacity":"","overlay-gradient":""},"mobile":{"background-color":"var(--ast-global-color-5)","background-image":"","background-repeat":"repeat","background-position":"center center","background-size":"auto","background-attachment":"scroll","background-type":"","background-media":"","overlay-type":"","overlay-color":"","overlay-opacity":"","overlay-gradient":""}},"footnotes":""},"categories":[1],"tags":[],"class_list":["post-16145","post","type-post","status-publish","format-standard","has-post-thumbnail","hentry","category-sin-categoria"],"_links":{"self":[{"href":"https:\/\/hombresymujeresdelacasa.com\/home\/wp-json\/wp\/v2\/posts\/16145","targetHints":{"allow":["GET"]}}],"collection":[{"href":"https:\/\/hombresymujeresdelacasa.com\/home\/wp-json\/wp\/v2\/posts"}],"about":[{"href":"https:\/\/hombresymujeresdelacasa.com\/home\/wp-json\/wp\/v2\/types\/post"}],"author":[{"embeddable":true,"href":"https:\/\/hombresymujeresdelacasa.com\/home\/wp-json\/wp\/v2\/users\/1"}],"replies":[{"embeddable":true,"href":"https:\/\/hombresymujeresdelacasa.com\/home\/wp-json\/wp\/v2\/comments?post=16145"}],"version-history":[{"count":1,"href":"https:\/\/hombresymujeresdelacasa.com\/home\/wp-json\/wp\/v2\/posts\/16145\/revisions"}],"predecessor-version":[{"id":16147,"href":"https:\/\/hombresymujeresdelacasa.com\/home\/wp-json\/wp\/v2\/posts\/16145\/revisions\/16147"}],"wp:featuredmedia":[{"embeddable":true,"href":"https:\/\/hombresymujeresdelacasa.com\/home\/wp-json\/wp\/v2\/media\/16146"}],"wp:attachment":[{"href":"https:\/\/hombresymujeresdelacasa.com\/home\/wp-json\/wp\/v2\/media?parent=16145"}],"wp:term":[{"taxonomy":"category","embeddable":true,"href":"https:\/\/hombresymujeresdelacasa.com\/home\/wp-json\/wp\/v2\/categories?post=16145"},{"taxonomy":"post_tag","embeddable":true,"href":"https:\/\/hombresymujeresdelacasa.com\/home\/wp-json\/wp\/v2\/tags?post=16145"}],"curies":[{"name":"wp","href":"https:\/\/api.w.org\/{rel}","templated":true}]}}