{"id":1613,"date":"2017-07-07T12:20:29","date_gmt":"2017-07-07T17:20:29","guid":{"rendered":"http:\/\/hombresymujeresdelacasa.com\/?p=1613"},"modified":"2017-10-30T14:46:27","modified_gmt":"2017-10-30T20:46:27","slug":"inicia-reunion-del-sector-empresarial-infonavit","status":"publish","type":"post","link":"https:\/\/hombresymujeresdelacasa.com\/home\/inicia-reunion-del-sector-empresarial-infonavit\/","title":{"rendered":"Inicia Reuni\u00f3n del Sector Empresarial Infonavit"},"content":{"rendered":"<p>Por: Edgar Rosas<\/p>\n<p><em>Reflexionar sobre los retos del instituto, es la meta, asegur\u00f3 Sebasti\u00e1n Fern\u00e1ndez Cortina<\/em><span id=\"more-55951\"><\/span><\/p>\n<p>En aras de dialogar y reflexionar sobre los retos en materia de vivienda, as\u00ed como establecer los puntos prioritarios a desarrollar en el sector en pr\u00f3ximos a\u00f1os, este jueves, dio inicio la Reuni\u00f3n Nacional del Sector Empresarial 2017 del<a href=\"http:\/\/portal.infonavit.org.mx\/wps\/wcm\/connect\/infonavit\/inicio\" rel=\"nofollow noopener\" target=\"_blank\"><strong>\u00a0Infonavit<\/strong>\u00a0<\/a>en la ciudad de\u00a0<a href=\"http:\/\/cancun.gob.mx\/\" rel=\"nofollow noopener\" target=\"_blank\"><strong>Canc\u00fan, Quintana Roo<\/strong><\/a>.<\/p>\n<p>Con la presencia de representantes empresariales de las 32 entidades, as\u00ed como autoridades del orden estatal y federal, durante este primer d\u00eda de actividades se destac\u00f3 la necesidad de impulsar la utilizaci\u00f3n del Big Data para mejorar los procesos del Instituto en el otorgamiento de cr\u00e9ditos.<\/p>\n<p>Durante el acto inaugural, Sebasti\u00e1n Fern\u00e1ndez Cortina, director Sectorial Empresarial del Infonavit, subray\u00f3 que el objetivo de la reuni\u00f3n es profundizar en temas de relevancia para la vida institucional del organismo, como lo es ahondar en el uso de las tecnolog\u00edas para eficientes la entrega de hipotecas, as\u00ed como discutir la faceta del Instituto como administrador del ahorro para el retiro de los trabajadores.<\/p>\n<p>La ceremonia de inauguraci\u00f3n fue encabezada por Jos\u00e9 Antonio Meade Kuribre\u00f1a, titular de la Secretar\u00eda de Hacienda y Cr\u00e9dito P\u00fablico (SHCP) quien se\u00f1al\u00f3 que un entorno adverso \u201cel Infonavit juega un papel muy importante en sus dos dimensiones; claramente es el actor m\u00e1s relevante por su escala, por su tama\u00f1o, por su saldo y por los recursos que recibe en el flujo en materia del cr\u00e9dito hipotecario\u201d.<\/p>\n","protected":false},"excerpt":{"rendered":"<p>Por: Edgar Rosas Reflexionar sobre los retos del instituto, es la meta, asegur\u00f3 Sebasti\u00e1n Fern\u00e1ndez Cortina En aras de dialogar y reflexionar sobre los retos en materia de vivienda, as\u00ed como establecer los puntos prioritarios a desarrollar en el sector en pr\u00f3ximos a\u00f1os, este jueves, dio inicio la Reuni\u00f3n Nacional del Sector Empresarial 2017 del\u00a0Infonavit\u00a0en [&hellip;]<\/p>\n","protected":false},"author":2,"featured_media":2076,"comment_status":"open","ping_status":"open","sticky":false,"template":"","format":"standard","meta":{"site-sidebar-layout":"default","site-content-layout":"","ast-site-content-layout":"default","site-content-style":"default","site-sidebar-style":"default","ast-global-header-display":"","ast-banner-title-visibility":"","ast-main-header-display":"","ast-hfb-above-header-display":"","ast-hfb-below-header-display":"","ast-hfb-mobile-header-display":"","site-post-title":"","ast-breadcrumbs-content":"","ast-featured-img":"","footer-sml-layout":"","ast-disable-related-posts":"","theme-transparent-header-meta":"","adv-header-id-meta":"","stick-header-meta":"","header-above-stick-meta":"","header-main-stick-meta":"","header-below-stick-meta":"","astra-migrate-meta-layouts":"default","ast-page-background-enabled":"default","ast-page-background-meta":{"desktop":{"background-color":"var(--ast-global-color-4)","background-image":"","background-repeat":"repeat","background-position":"center center","background-size":"auto","background-attachment":"scroll","background-type":"","background-media":"","overlay-type":"","overlay-color":"","overlay-opacity":"","overlay-gradient":""},"tablet":{"background-color":"","background-image":"","background-repeat":"repeat","background-position":"center center","background-size":"auto","background-attachment":"scroll","background-type":"","background-media":"","overlay-type":"","overlay-color":"","overlay-opacity":"","overlay-gradient":""},"mobile":{"background-color":"","background-image":"","background-repeat":"repeat","background-position":"center center","background-size":"auto","background-attachment":"scroll","background-type":"","background-media":"","overlay-type":"","overlay-color":"","overlay-opacity":"","overlay-gradient":""}},"ast-content-background-meta":{"desktop":{"background-color":"var(--ast-global-color-5)","background-image":"","background-repeat":"repeat","background-position":"center center","background-size":"auto","background-attachment":"scroll","background-type":"","background-media":"","overlay-type":"","overlay-color":"","overlay-opacity":"","overlay-gradient":""},"tablet":{"background-color":"var(--ast-global-color-5)","background-image":"","background-repeat":"repeat","background-position":"center center","background-size":"auto","background-attachment":"scroll","background-type":"","background-media":"","overlay-type":"","overlay-color":"","overlay-opacity":"","overlay-gradient":""},"mobile":{"background-color":"var(--ast-global-color-5)","background-image":"","background-repeat":"repeat","background-position":"center center","background-size":"auto","background-attachment":"scroll","background-type":"","background-media":"","overlay-type":"","overlay-color":"","overlay-opacity":"","overlay-gradient":""}},"footnotes":""},"categories":[4],"tags":[102,134,150,177],"class_list":["post-1613","post","type-post","status-publish","format-standard","has-post-thumbnail","hentry","category-noticias","tag-infonavit","tag-reunion","tag-sector-empresiarial","tag-vivienda"],"_links":{"self":[{"href":"https:\/\/hombresymujeresdelacasa.com\/home\/wp-json\/wp\/v2\/posts\/1613","targetHints":{"allow":["GET"]}}],"collection":[{"href":"https:\/\/hombresymujeresdelacasa.com\/home\/wp-json\/wp\/v2\/posts"}],"about":[{"href":"https:\/\/hombresymujeresdelacasa.com\/home\/wp-json\/wp\/v2\/types\/post"}],"author":[{"embeddable":true,"href":"https:\/\/hombresymujeresdelacasa.com\/home\/wp-json\/wp\/v2\/users\/2"}],"replies":[{"embeddable":true,"href":"https:\/\/hombresymujeresdelacasa.com\/home\/wp-json\/wp\/v2\/comments?post=1613"}],"version-history":[{"count":1,"href":"https:\/\/hombresymujeresdelacasa.com\/home\/wp-json\/wp\/v2\/posts\/1613\/revisions"}],"predecessor-version":[{"id":2077,"href":"https:\/\/hombresymujeresdelacasa.com\/home\/wp-json\/wp\/v2\/posts\/1613\/revisions\/2077"}],"wp:featuredmedia":[{"embeddable":true,"href":"https:\/\/hombresymujeresdelacasa.com\/home\/wp-json\/wp\/v2\/media\/2076"}],"wp:attachment":[{"href":"https:\/\/hombresymujeresdelacasa.com\/home\/wp-json\/wp\/v2\/media?parent=1613"}],"wp:term":[{"taxonomy":"category","embeddable":true,"href":"https:\/\/hombresymujeresdelacasa.com\/home\/wp-json\/wp\/v2\/categories?post=1613"},{"taxonomy":"post_tag","embeddable":true,"href":"https:\/\/hombresymujeresdelacasa.com\/home\/wp-json\/wp\/v2\/tags?post=1613"}],"curies":[{"name":"wp","href":"https:\/\/api.w.org\/{rel}","templated":true}]}}