{"id":16129,"date":"2024-12-05T17:51:59","date_gmt":"2024-12-05T23:51:59","guid":{"rendered":"https:\/\/hombresymujeresdelacasa.com\/home\/?p=16129"},"modified":"2024-12-05T17:54:16","modified_gmt":"2024-12-05T23:54:16","slug":"el-premio-hym-otorga-3-reconocimientos-especiales","status":"publish","type":"post","link":"https:\/\/hombresymujeresdelacasa.com\/home\/el-premio-hym-otorga-3-reconocimientos-especiales\/","title":{"rendered":"El Premio HyM otorga 3 Reconocimientos Especiales"},"content":{"rendered":"\n<p>Por: Rebeca Romero <\/p>\n\n\n\n<p><em>A trav\u00e9s de los distintivos, el Premio HyM reconoce el trabajo de las tres personalidades que, desde sus respectivas trincheras, han impulsado al sector vivienda<\/em><\/p>\n\n\n\n<p>La noche de este martes 3 de diciembre se realiz\u00f3 la XXIII entrega del&nbsp;<strong>Premio Hombres y Mujeres de la Casa<\/strong>&nbsp;(<a href=\"https:\/\/www.facebook.com\/portalcentrourbano\/videos\/594904256328251\" target=\"_blank\" rel=\"noreferrer noopener nofollow\"><strong>Premio HyM<\/strong><\/a>), que reconoce a las personalidades m\u00e1s destacadas del sector vivienda.<\/p>\n\n\n\n<p>En esta edici\u00f3n, el Consejo Editorial de Centro Urbano entreg\u00f3&nbsp;<strong>tres Reconocimientos<\/strong>&nbsp;<strong>Especiales<\/strong>&nbsp;a personalidades que, desde sus trincheras, han impulsado el desarrollo de la vivienda en el pa\u00eds.<\/p>\n\n\n\n<p>Gonzalo M\u00e9ndez, director general de Meda Casa, y Aurora Garc\u00eda de Le\u00f3n, directora general de Derex, fueron los encargados de presentar a los personajes del sector y sus proyectos destacados.<\/p>\n\n\n\n<h2 class=\"wp-block-heading\">Reconocimientos Especiales del Premio HyM<\/h2>\n\n\n\n<p>El primer galardonado del&nbsp;<a href=\"https:\/\/centrourbano.com\/revista\/vivienda\/vivienda-premio-hym-2024\/\" target=\"_blank\" rel=\"noreferrer noopener nofollow\">Premio HyM<\/a>&nbsp;fue&nbsp;<strong>Alfonso Mart\u00ednez Alc\u00e1zar, presidente municipal de Morelia<\/strong>, quien puso en marcha&nbsp;<strong>Morelia Next<\/strong>, proyecto que promueve la densificaci\u00f3n urbana, el uso de suelos agro log\u00edsticos y la creaci\u00f3n de corredores verdes.<\/p>\n\n\n\n<p><strong>Alfonso Mart\u00ednez Alc\u00e1zar<\/strong>, presidente municipal de Morelia, fue el primer galardonado. Su proyecto&nbsp;<strong>Morelia Next<\/strong>&nbsp;promueve la densificaci\u00f3n urbana, el uso de suelos agro-log\u00edsticos y la creaci\u00f3n de corredores verdes. Al recibir el reconocimiento, Mart\u00ednez Alc\u00e1zar destac\u00f3 que esta iniciativa tiene como objetivo planear una ciudad con visi\u00f3n a futuro \u201c con objetivo en mente \u00bfc\u00f3mo queremos la ciudad para el 2041 que cumple 500 a\u00f1os\u201d.<\/p>\n\n\n\n<p><strong>Mayra Lazcano Mart\u00ednez<\/strong>, directora de Desarrollo Urbano y Vivienda de Baja California, recibi\u00f3 el segundo reconocimiento. Presentada por Aurora Garc\u00eda, Lazcano Mart\u00ednez fue destacada por su trabajo en un&nbsp;<strong>plan estatal de vivienda<\/strong>&nbsp;enfocado en la&nbsp;<strong>reactivaci\u00f3n de la vivienda social<\/strong>, dirigido especialmente a los grupos m\u00e1s vulnerables de Baja California, bajo los criterios de vivienda adecuada.<\/p>\n\n\n\n<p>Por su parte, Lazcano Mart\u00ednez se\u00f1al\u00f3 que, para el funcionamiento de su plan, fue&nbsp;<strong>necesaria la alianza del gobierno estatal, gobiernos locales y el sector privado<\/strong>. Estas colaboraciones han permitido retomar e impulsar la construcci\u00f3n de vivienda social, no solo por el impulso econ\u00f3mico que genera, sino tambi\u00e9n para atender la necesidad de vivienda de la poblaci\u00f3n, sobre todo a mujeres y segmentos de menores ingresos.<\/p>\n\n\n\n<p>Finalmente, Gonzalo M\u00e9ndez present\u00f3&nbsp;<strong>Luis Alberto Moreno G\u00f3mez Monroy, presidente nacional&nbsp;<\/strong>de la C\u00e1mara Nacional de la Industria de Desarrollo y Promoci\u00f3n de la Vivienda (<strong>Canadevi<\/strong>), quien recibi\u00f3 el \u00faltimo Reconocimiento Especial de la noche. Este galard\u00f3n lo recibi\u00f3 por crear un&nbsp;<strong>instrumento estrat\u00e9gico que marcar\u00e1 el futuro de la vivienda<\/strong>&nbsp;en el pa\u00eds<\/p>\n\n\n\n<p>Al recibir el distintivo, el Presidente Nacional de Canadevi se mostr\u00f3 agradecido con los actores del sector y los miembros de la C\u00e1mara que participaron en la elaboraci\u00f3n del&nbsp;<strong>documento<\/strong>. Este documento, asegur\u00f3,<strong>&nbsp;dar\u00e1 pauta al crecimiento sostenible de la vivienda<\/strong>&nbsp;los pr\u00f3ximos a\u00f1os. Asimismo, se\u00f1al\u00f3 que la iniciativa es parte fundamental de la actual pol\u00edtica de vivienda.<a href=\"https:\/\/centrourbano.com\/revista\/author\/rebeca-romero\/\" rel=\"nofollow noopener\" target=\"_blank\"><\/a><\/p>\n","protected":false},"excerpt":{"rendered":"<p>Por: Rebeca Romero A trav\u00e9s de los distintivos, el Premio HyM reconoce el trabajo de las tres personalidades que, desde sus respectivas trincheras, han impulsado al sector vivienda La noche de este martes 3 de diciembre se realiz\u00f3 la XXIII entrega del&nbsp;Premio Hombres y Mujeres de la Casa&nbsp;(Premio HyM), que reconoce a las personalidades m\u00e1s [&hellip;]<\/p>\n","protected":false},"author":1,"featured_media":16130,"comment_status":"open","ping_status":"closed","sticky":false,"template":"","format":"standard","meta":{"site-sidebar-layout":"default","site-content-layout":"","ast-site-content-layout":"default","site-content-style":"default","site-sidebar-style":"default","ast-global-header-display":"","ast-banner-title-visibility":"","ast-main-header-display":"","ast-hfb-above-header-display":"","ast-hfb-below-header-display":"","ast-hfb-mobile-header-display":"","site-post-title":"","ast-breadcrumbs-content":"","ast-featured-img":"","footer-sml-layout":"","ast-disable-related-posts":"","theme-transparent-header-meta":"","adv-header-id-meta":"","stick-header-meta":"","header-above-stick-meta":"","header-main-stick-meta":"","header-below-stick-meta":"","astra-migrate-meta-layouts":"set","ast-page-background-enabled":"default","ast-page-background-meta":{"desktop":{"background-color":"var(--ast-global-color-4)","background-image":"","background-repeat":"repeat","background-position":"center center","background-size":"auto","background-attachment":"scroll","background-type":"","background-media":"","overlay-type":"","overlay-color":"","overlay-opacity":"","overlay-gradient":""},"tablet":{"background-color":"","background-image":"","background-repeat":"repeat","background-position":"center center","background-size":"auto","background-attachment":"scroll","background-type":"","background-media":"","overlay-type":"","overlay-color":"","overlay-opacity":"","overlay-gradient":""},"mobile":{"background-color":"","background-image":"","background-repeat":"repeat","background-position":"center center","background-size":"auto","background-attachment":"scroll","background-type":"","background-media":"","overlay-type":"","overlay-color":"","overlay-opacity":"","overlay-gradient":""}},"ast-content-background-meta":{"desktop":{"background-color":"var(--ast-global-color-5)","background-image":"","background-repeat":"repeat","background-position":"center center","background-size":"auto","background-attachment":"scroll","background-type":"","background-media":"","overlay-type":"","overlay-color":"","overlay-opacity":"","overlay-gradient":""},"tablet":{"background-color":"var(--ast-global-color-5)","background-image":"","background-repeat":"repeat","background-position":"center center","background-size":"auto","background-attachment":"scroll","background-type":"","background-media":"","overlay-type":"","overlay-color":"","overlay-opacity":"","overlay-gradient":""},"mobile":{"background-color":"var(--ast-global-color-5)","background-image":"","background-repeat":"repeat","background-position":"center center","background-size":"auto","background-attachment":"scroll","background-type":"","background-media":"","overlay-type":"","overlay-color":"","overlay-opacity":"","overlay-gradient":""}},"footnotes":""},"categories":[4],"tags":[34,592,6492,6535,6536,6534,177],"class_list":["post-16129","post","type-post","status-publish","format-standard","has-post-thumbnail","hentry","category-noticias","tag-canadevi","tag-morelia","tag-premiohym","tag-presidente-municial","tag-presiente-municipal","tag-reconocimientos-especiales","tag-vivienda"],"_links":{"self":[{"href":"https:\/\/hombresymujeresdelacasa.com\/home\/wp-json\/wp\/v2\/posts\/16129","targetHints":{"allow":["GET"]}}],"collection":[{"href":"https:\/\/hombresymujeresdelacasa.com\/home\/wp-json\/wp\/v2\/posts"}],"about":[{"href":"https:\/\/hombresymujeresdelacasa.com\/home\/wp-json\/wp\/v2\/types\/post"}],"author":[{"embeddable":true,"href":"https:\/\/hombresymujeresdelacasa.com\/home\/wp-json\/wp\/v2\/users\/1"}],"replies":[{"embeddable":true,"href":"https:\/\/hombresymujeresdelacasa.com\/home\/wp-json\/wp\/v2\/comments?post=16129"}],"version-history":[{"count":1,"href":"https:\/\/hombresymujeresdelacasa.com\/home\/wp-json\/wp\/v2\/posts\/16129\/revisions"}],"predecessor-version":[{"id":16131,"href":"https:\/\/hombresymujeresdelacasa.com\/home\/wp-json\/wp\/v2\/posts\/16129\/revisions\/16131"}],"wp:featuredmedia":[{"embeddable":true,"href":"https:\/\/hombresymujeresdelacasa.com\/home\/wp-json\/wp\/v2\/media\/16130"}],"wp:attachment":[{"href":"https:\/\/hombresymujeresdelacasa.com\/home\/wp-json\/wp\/v2\/media?parent=16129"}],"wp:term":[{"taxonomy":"category","embeddable":true,"href":"https:\/\/hombresymujeresdelacasa.com\/home\/wp-json\/wp\/v2\/categories?post=16129"},{"taxonomy":"post_tag","embeddable":true,"href":"https:\/\/hombresymujeresdelacasa.com\/home\/wp-json\/wp\/v2\/tags?post=16129"}],"curies":[{"name":"wp","href":"https:\/\/api.w.org\/{rel}","templated":true}]}}