{"id":1606,"date":"2017-07-06T13:45:29","date_gmt":"2017-07-06T18:45:29","guid":{"rendered":"http:\/\/hombresymujeresdelacasa.com\/?p=1606"},"modified":"2017-10-30T14:48:06","modified_gmt":"2017-10-30T20:48:06","slug":"infonavit-supera-meta-en-otorgamiento-de-hipotecas","status":"publish","type":"post","link":"https:\/\/hombresymujeresdelacasa.com\/home\/infonavit-supera-meta-en-otorgamiento-de-hipotecas\/","title":{"rendered":"Infonavit supera meta en otorgamiento de hipotecas"},"content":{"rendered":"<p>Por: Hanae Pacheco<\/p>\n<p>Durante su gira de trabajo por\u00a0<a href=\"http:\/\/www.durango.gob.mx\/\" rel=\"nofollow noopener\" target=\"_blank\"><strong>Durango<\/strong><\/a>,\u00a0<strong>David Penchyna Grub<\/strong>, director general del\u00a0<a href=\"http:\/\/portal.infonavit.org.mx\/wps\/wcm\/connect\/infonavit\/inicio\" rel=\"nofollow noopener\" target=\"_blank\"><strong>Instituto del Fondo Nacional de la Vivienda para los Trabajadores (Infonavit<\/strong><\/a>), se comprometi\u00f3 a impulsar la calidad y calidez en todas las delegaciones de esta instituci\u00f3n.<\/p>\n<p>&nbsp;<\/p>\n<p>De igual forma, inform\u00f3 que el Instituto super\u00f3 las expectativas en materia de otorgamiento de hipotecas en los primeros cinco meses del a\u00f1o, con la colocaci\u00f3n de<strong>\u00a0180,658, de los 166,039 previstos.<\/strong><\/p>\n<p>&nbsp;<\/p>\n<p>Durante abril y mayo entreg\u00f3 37,800 hipotecas, incremento que, entre otros factores, es resultado del aumento en el monto m\u00e1ximo de hasta 1,600,000 de pesos, con lo que el Instituto logr\u00f3 rebasar la meta estimada de originaci\u00f3n de cr\u00e9dito para los primeros cinco meses del a\u00f1o al colocarse en 108.8 % arriba de lo estimado.<\/p>\n<p>&nbsp;<\/p>\n<p>En el marco del evento Familia Infonavit, en la capital del estado, Penchyna indic\u00f3 que durante esta administraci\u00f3n se han logrado sanear las finanzas del Instituto y sustentar con \u00e9xito los productos crediticios y que su objetivo ahora es \u201cdar mejor atenci\u00f3n a los derechohabientes, lo cual es una justa demanda de los trabajadores, porque adem\u00e1s \u00e9sta ser\u00e1 la forma de fortalecer las metas que nos hemos fijado para este a\u00f1o\u201d.<\/p>\n","protected":false},"excerpt":{"rendered":"<p>Por: Hanae Pacheco Durante su gira de trabajo por\u00a0Durango,\u00a0David Penchyna Grub, director general del\u00a0Instituto del Fondo Nacional de la Vivienda para los Trabajadores (Infonavit), se comprometi\u00f3 a impulsar la calidad y calidez en todas las delegaciones de esta instituci\u00f3n. &nbsp; De igual forma, inform\u00f3 que el Instituto super\u00f3 las expectativas en materia de otorgamiento de [&hellip;]<\/p>\n","protected":false},"author":2,"featured_media":2078,"comment_status":"open","ping_status":"open","sticky":false,"template":"","format":"standard","meta":{"site-sidebar-layout":"default","site-content-layout":"","ast-site-content-layout":"default","site-content-style":"default","site-sidebar-style":"default","ast-global-header-display":"","ast-banner-title-visibility":"","ast-main-header-display":"","ast-hfb-above-header-display":"","ast-hfb-below-header-display":"","ast-hfb-mobile-header-display":"","site-post-title":"","ast-breadcrumbs-content":"","ast-featured-img":"","footer-sml-layout":"","ast-disable-related-posts":"","theme-transparent-header-meta":"","adv-header-id-meta":"","stick-header-meta":"","header-above-stick-meta":"","header-main-stick-meta":"","header-below-stick-meta":"","astra-migrate-meta-layouts":"default","ast-page-background-enabled":"default","ast-page-background-meta":{"desktop":{"background-color":"var(--ast-global-color-4)","background-image":"","background-repeat":"repeat","background-position":"center center","background-size":"auto","background-attachment":"scroll","background-type":"","background-media":"","overlay-type":"","overlay-color":"","overlay-opacity":"","overlay-gradient":""},"tablet":{"background-color":"","background-image":"","background-repeat":"repeat","background-position":"center center","background-size":"auto","background-attachment":"scroll","background-type":"","background-media":"","overlay-type":"","overlay-color":"","overlay-opacity":"","overlay-gradient":""},"mobile":{"background-color":"","background-image":"","background-repeat":"repeat","background-position":"center center","background-size":"auto","background-attachment":"scroll","background-type":"","background-media":"","overlay-type":"","overlay-color":"","overlay-opacity":"","overlay-gradient":""}},"ast-content-background-meta":{"desktop":{"background-color":"var(--ast-global-color-5)","background-image":"","background-repeat":"repeat","background-position":"center center","background-size":"auto","background-attachment":"scroll","background-type":"","background-media":"","overlay-type":"","overlay-color":"","overlay-opacity":"","overlay-gradient":""},"tablet":{"background-color":"var(--ast-global-color-5)","background-image":"","background-repeat":"repeat","background-position":"center center","background-size":"auto","background-attachment":"scroll","background-type":"","background-media":"","overlay-type":"","overlay-color":"","overlay-opacity":"","overlay-gradient":""},"mobile":{"background-color":"var(--ast-global-color-5)","background-image":"","background-repeat":"repeat","background-position":"center center","background-size":"auto","background-attachment":"scroll","background-type":"","background-media":"","overlay-type":"","overlay-color":"","overlay-opacity":"","overlay-gradient":""}},"footnotes":""},"categories":[4],"tags":[69,99,102],"class_list":["post-1606","post","type-post","status-publish","format-standard","has-post-thumbnail","hentry","category-noticias","tag-durango","tag-hipotecas","tag-infonavit"],"_links":{"self":[{"href":"https:\/\/hombresymujeresdelacasa.com\/home\/wp-json\/wp\/v2\/posts\/1606","targetHints":{"allow":["GET"]}}],"collection":[{"href":"https:\/\/hombresymujeresdelacasa.com\/home\/wp-json\/wp\/v2\/posts"}],"about":[{"href":"https:\/\/hombresymujeresdelacasa.com\/home\/wp-json\/wp\/v2\/types\/post"}],"author":[{"embeddable":true,"href":"https:\/\/hombresymujeresdelacasa.com\/home\/wp-json\/wp\/v2\/users\/2"}],"replies":[{"embeddable":true,"href":"https:\/\/hombresymujeresdelacasa.com\/home\/wp-json\/wp\/v2\/comments?post=1606"}],"version-history":[{"count":1,"href":"https:\/\/hombresymujeresdelacasa.com\/home\/wp-json\/wp\/v2\/posts\/1606\/revisions"}],"predecessor-version":[{"id":2079,"href":"https:\/\/hombresymujeresdelacasa.com\/home\/wp-json\/wp\/v2\/posts\/1606\/revisions\/2079"}],"wp:featuredmedia":[{"embeddable":true,"href":"https:\/\/hombresymujeresdelacasa.com\/home\/wp-json\/wp\/v2\/media\/2078"}],"wp:attachment":[{"href":"https:\/\/hombresymujeresdelacasa.com\/home\/wp-json\/wp\/v2\/media?parent=1606"}],"wp:term":[{"taxonomy":"category","embeddable":true,"href":"https:\/\/hombresymujeresdelacasa.com\/home\/wp-json\/wp\/v2\/categories?post=1606"},{"taxonomy":"post_tag","embeddable":true,"href":"https:\/\/hombresymujeresdelacasa.com\/home\/wp-json\/wp\/v2\/tags?post=1606"}],"curies":[{"name":"wp","href":"https:\/\/api.w.org\/{rel}","templated":true}]}}