{"id":1599,"date":"2017-07-04T13:15:40","date_gmt":"2017-07-04T18:15:40","guid":{"rendered":"http:\/\/hombresymujeresdelacasa.com\/?p=1599"},"modified":"2017-10-30T14:53:42","modified_gmt":"2017-10-30T20:53:42","slug":"fortalecer-al-infonavit-objetivo-de-reunion-del-sector-empresarial","status":"publish","type":"post","link":"https:\/\/hombresymujeresdelacasa.com\/home\/fortalecer-al-infonavit-objetivo-de-reunion-del-sector-empresarial\/","title":{"rendered":"Fortalecer al Infonavit, objetivo de Reuni\u00f3n del Sector Empresarial"},"content":{"rendered":"<p>Por: Edgar Rosas<\/p>\n<p><em>Sebasti\u00e1n Fern\u00e1ndez Cortina, director Sectorial Empresarial, se\u00f1al\u00f3 que durante el evento se abordar\u00e1n temas como el uso de tecnolog\u00edas para eficientar los procesos, as\u00ed como mejorar las pensiones de los trabajadores<\/em><span id=\"more-55778\"><\/span><\/p>\n<p>Con el objetivo de fortalecer al\u00a0<a href=\"http:\/\/portal.infonavit.org.mx\/wps\/wcm\/connect\/infonavit\/inicio\" target=\"_blank\" rel=\"noopener nofollow\"><strong>Infonavit\u00a0<\/strong><\/a>de cara a los retos del futuro, el pr\u00f3ximo 6 y 7 de julio, se realizar\u00e1, en Canc\u00fan, Quintana Roo, la\u00a0<a href=\"http:\/\/dseinfonavit.org.mx\/\" target=\"_blank\" rel=\"noopener nofollow\"><strong>Reuni\u00f3n Nacional del Sector Empresarial<\/strong><\/a>, en la que participar\u00e1n autoridades federales, as\u00ed como m\u00e1s de 200 actores de la industria de la vivienda y l\u00edderes de organizaciones empresariales.<\/p>\n<p>Durante las 2 jornadas de actividades, los asistentes intercambiar\u00e1n opiniones en aras de definir las estrategias y directrices para preparar al Instituto ante cuestiones como los nuevos patrones y perfiles de comportamiento de los derechohabientes, as\u00ed como la importancia del uso de las nuevas tecnolog\u00edas para eficientar los procesos del organismo.<\/p>\n<p>En palabras de\u00a0<strong>Sebasti\u00e1n Fern\u00e1ndez Cortina<\/strong>, director Sectorial Empresarial del Infonavit, en el evento se abordar\u00e1n 4 puntos fundamentales para el Instituto, entre ellos c\u00f3mo hacer para mejorar las pensiones de los trabajadores que cotizan en el organismo.<\/p>\n<p>En este sentido, a\u00f1adi\u00f3, se hablar\u00e1 sobre c\u00f3mo utilizar la tecnolog\u00eda para dar m\u00e1s y mejores cr\u00e9ditos, y brindar mejores servicios a los derechohabientes.<\/p>\n<p>\u201cAbordaremos estrategias de capital humano para que esta instituci\u00f3n pueda lograr sus objetivos planteados; y como punto importante, que todo lo que hagamos lo tenemos que hacer con un respeto profundo hacia el medio ambiente\u201d, apunt\u00f3.<\/p>\n<p>El Director Sectorial Empresarial enfatiz\u00f3 que desde el organismo es fundamental \u201cprepararnos para el futuro, fortaleciendo al Infonavit\u201d.<\/p>\n","protected":false},"excerpt":{"rendered":"<p>Por: Edgar Rosas Sebasti\u00e1n Fern\u00e1ndez Cortina, director Sectorial Empresarial, se\u00f1al\u00f3 que durante el evento se abordar\u00e1n temas como el uso de tecnolog\u00edas para eficientar los procesos, as\u00ed como mejorar las pensiones de los trabajadores Con el objetivo de fortalecer al\u00a0Infonavit\u00a0de cara a los retos del futuro, el pr\u00f3ximo 6 y 7 de julio, se realizar\u00e1, [&hellip;]<\/p>\n","protected":false},"author":2,"featured_media":2082,"comment_status":"open","ping_status":"open","sticky":false,"template":"","format":"standard","meta":{"site-sidebar-layout":"default","site-content-layout":"","ast-site-content-layout":"default","site-content-style":"default","site-sidebar-style":"default","ast-global-header-display":"","ast-banner-title-visibility":"","ast-main-header-display":"","ast-hfb-above-header-display":"","ast-hfb-below-header-display":"","ast-hfb-mobile-header-display":"","site-post-title":"","ast-breadcrumbs-content":"","ast-featured-img":"","footer-sml-layout":"","ast-disable-related-posts":"","theme-transparent-header-meta":"","adv-header-id-meta":"","stick-header-meta":"","header-above-stick-meta":"","header-main-stick-meta":"","header-below-stick-meta":"","astra-migrate-meta-layouts":"default","ast-page-background-enabled":"default","ast-page-background-meta":{"desktop":{"background-color":"var(--ast-global-color-4)","background-image":"","background-repeat":"repeat","background-position":"center center","background-size":"auto","background-attachment":"scroll","background-type":"","background-media":"","overlay-type":"","overlay-color":"","overlay-opacity":"","overlay-gradient":""},"tablet":{"background-color":"","background-image":"","background-repeat":"repeat","background-position":"center center","background-size":"auto","background-attachment":"scroll","background-type":"","background-media":"","overlay-type":"","overlay-color":"","overlay-opacity":"","overlay-gradient":""},"mobile":{"background-color":"","background-image":"","background-repeat":"repeat","background-position":"center center","background-size":"auto","background-attachment":"scroll","background-type":"","background-media":"","overlay-type":"","overlay-color":"","overlay-opacity":"","overlay-gradient":""}},"ast-content-background-meta":{"desktop":{"background-color":"var(--ast-global-color-5)","background-image":"","background-repeat":"repeat","background-position":"center center","background-size":"auto","background-attachment":"scroll","background-type":"","background-media":"","overlay-type":"","overlay-color":"","overlay-opacity":"","overlay-gradient":""},"tablet":{"background-color":"var(--ast-global-color-5)","background-image":"","background-repeat":"repeat","background-position":"center center","background-size":"auto","background-attachment":"scroll","background-type":"","background-media":"","overlay-type":"","overlay-color":"","overlay-opacity":"","overlay-gradient":""},"mobile":{"background-color":"var(--ast-global-color-5)","background-image":"","background-repeat":"repeat","background-position":"center center","background-size":"auto","background-attachment":"scroll","background-type":"","background-media":"","overlay-type":"","overlay-color":"","overlay-opacity":"","overlay-gradient":""}},"footnotes":""},"categories":[4],"tags":[36,102,147],"class_list":["post-1599","post","type-post","status-publish","format-standard","has-post-thumbnail","hentry","category-noticias","tag-cancun","tag-infonavit","tag-sebastian-fernandez"],"_links":{"self":[{"href":"https:\/\/hombresymujeresdelacasa.com\/home\/wp-json\/wp\/v2\/posts\/1599","targetHints":{"allow":["GET"]}}],"collection":[{"href":"https:\/\/hombresymujeresdelacasa.com\/home\/wp-json\/wp\/v2\/posts"}],"about":[{"href":"https:\/\/hombresymujeresdelacasa.com\/home\/wp-json\/wp\/v2\/types\/post"}],"author":[{"embeddable":true,"href":"https:\/\/hombresymujeresdelacasa.com\/home\/wp-json\/wp\/v2\/users\/2"}],"replies":[{"embeddable":true,"href":"https:\/\/hombresymujeresdelacasa.com\/home\/wp-json\/wp\/v2\/comments?post=1599"}],"version-history":[{"count":1,"href":"https:\/\/hombresymujeresdelacasa.com\/home\/wp-json\/wp\/v2\/posts\/1599\/revisions"}],"predecessor-version":[{"id":2083,"href":"https:\/\/hombresymujeresdelacasa.com\/home\/wp-json\/wp\/v2\/posts\/1599\/revisions\/2083"}],"wp:featuredmedia":[{"embeddable":true,"href":"https:\/\/hombresymujeresdelacasa.com\/home\/wp-json\/wp\/v2\/media\/2082"}],"wp:attachment":[{"href":"https:\/\/hombresymujeresdelacasa.com\/home\/wp-json\/wp\/v2\/media?parent=1599"}],"wp:term":[{"taxonomy":"category","embeddable":true,"href":"https:\/\/hombresymujeresdelacasa.com\/home\/wp-json\/wp\/v2\/categories?post=1599"},{"taxonomy":"post_tag","embeddable":true,"href":"https:\/\/hombresymujeresdelacasa.com\/home\/wp-json\/wp\/v2\/tags?post=1599"}],"curies":[{"name":"wp","href":"https:\/\/api.w.org\/{rel}","templated":true}]}}