{"id":1586,"date":"2017-06-29T13:36:06","date_gmt":"2017-06-29T18:36:06","guid":{"rendered":"http:\/\/hombresymujeresdelacasa.com\/?p=1586"},"modified":"2017-11-01T11:39:28","modified_gmt":"2017-11-01T17:39:28","slug":"mexico-referente-en-vivienda-social-sustentable-wolpert","status":"publish","type":"post","link":"https:\/\/hombresymujeresdelacasa.com\/home\/mexico-referente-en-vivienda-social-sustentable-wolpert\/","title":{"rendered":"M\u00e9xico, referente en vivienda social sustentable: Wolpert"},"content":{"rendered":"<p>Por: Edgar Rosas<\/p>\n<p><em>Desde el inicio del gobierno, destac\u00f3 el Director de Conavi, se han implementado estrategias de vivienda con visi\u00f3n sostenible y territorial<\/em><span id=\"more-55517\"><\/span><\/p>\n<p>La Comisi\u00f3n Nacional de Vivienda (Conavi) ha impulsado el desarrollo de m\u00e1s de 70,000 viviendas NAMA, con lo que M\u00e9xico se ha posicionado como la naci\u00f3n n\u00famero 1 en implementar pol\u00edticas de vivienda sustentable enfocada al segmento social.<\/p>\n<p>Lo anterior fue destacado por Jorge Wolpert Kuri, director general de la Conavi, quien durante su intervenci\u00f3n en el congreso internacional \u201cSmart City Expo Latam\u201d, se\u00f1al\u00f3 que en la actual administraci\u00f3n se han implementado pol\u00edticas en materia de vivienda desde un enfoque sostenible, as\u00ed como desde una mirada territorial, en el que las personas son el centro de la agenda.<\/p>\n<p>El funcionario manifest\u00f3 que las viviendas NAMA desarrolladas en M\u00e9xico permitir\u00e1n reducir la emisi\u00f3n de m\u00e1s de 2 millones 500,000 toneladas de CO2 en aproximadamente 40 a\u00f1os, tiempo que representa el ciclo de vida de las viviendas.<\/p>\n<p>Wolpert record\u00f3 que desde el inicio de la administraci\u00f3n se dio prioridad al tema de ordenamiento territorial, por lo que \u201cla creaci\u00f3n de la Sedatu, as\u00ed como la implementaci\u00f3n de pol\u00edticas p\u00fablicas orientadas a la sostenibilidad, son muestras claras de esta visi\u00f3n en donde la agenda de la ciudad es tan importante como la agenda clim\u00e1tica internacional\u201d.<\/p>\n<p>El Director de Conavi habl\u00f3 sobre la importancia de generar datos sobre el uso de servicios p\u00fablicos y la ciudad por parte de los habitantes, en aras de que \u201cel gobierno pueda proveer las mejores condiciones a trav\u00e9s de una pol\u00edtica p\u00fablica para la vivienda social\u201d.<\/p>\n","protected":false},"excerpt":{"rendered":"<p>Por: Edgar Rosas Desde el inicio del gobierno, destac\u00f3 el Director de Conavi, se han implementado estrategias de vivienda con visi\u00f3n sostenible y territorial La Comisi\u00f3n Nacional de Vivienda (Conavi) ha impulsado el desarrollo de m\u00e1s de 70,000 viviendas NAMA, con lo que M\u00e9xico se ha posicionado como la naci\u00f3n n\u00famero 1 en implementar pol\u00edticas [&hellip;]<\/p>\n","protected":false},"author":2,"featured_media":2097,"comment_status":"open","ping_status":"open","sticky":false,"template":"","format":"standard","meta":{"site-sidebar-layout":"default","site-content-layout":"","ast-site-content-layout":"default","site-content-style":"default","site-sidebar-style":"default","ast-global-header-display":"","ast-banner-title-visibility":"","ast-main-header-display":"","ast-hfb-above-header-display":"","ast-hfb-below-header-display":"","ast-hfb-mobile-header-display":"","site-post-title":"","ast-breadcrumbs-content":"","ast-featured-img":"","footer-sml-layout":"","ast-disable-related-posts":"","theme-transparent-header-meta":"","adv-header-id-meta":"","stick-header-meta":"","header-above-stick-meta":"","header-main-stick-meta":"","header-below-stick-meta":"","astra-migrate-meta-layouts":"default","ast-page-background-enabled":"default","ast-page-background-meta":{"desktop":{"background-color":"var(--ast-global-color-4)","background-image":"","background-repeat":"repeat","background-position":"center center","background-size":"auto","background-attachment":"scroll","background-type":"","background-media":"","overlay-type":"","overlay-color":"","overlay-opacity":"","overlay-gradient":""},"tablet":{"background-color":"","background-image":"","background-repeat":"repeat","background-position":"center center","background-size":"auto","background-attachment":"scroll","background-type":"","background-media":"","overlay-type":"","overlay-color":"","overlay-opacity":"","overlay-gradient":""},"mobile":{"background-color":"","background-image":"","background-repeat":"repeat","background-position":"center center","background-size":"auto","background-attachment":"scroll","background-type":"","background-media":"","overlay-type":"","overlay-color":"","overlay-opacity":"","overlay-gradient":""}},"ast-content-background-meta":{"desktop":{"background-color":"var(--ast-global-color-5)","background-image":"","background-repeat":"repeat","background-position":"center center","background-size":"auto","background-attachment":"scroll","background-type":"","background-media":"","overlay-type":"","overlay-color":"","overlay-opacity":"","overlay-gradient":""},"tablet":{"background-color":"var(--ast-global-color-5)","background-image":"","background-repeat":"repeat","background-position":"center center","background-size":"auto","background-attachment":"scroll","background-type":"","background-media":"","overlay-type":"","overlay-color":"","overlay-opacity":"","overlay-gradient":""},"mobile":{"background-color":"var(--ast-global-color-5)","background-image":"","background-repeat":"repeat","background-position":"center center","background-size":"auto","background-attachment":"scroll","background-type":"","background-media":"","overlay-type":"","overlay-color":"","overlay-opacity":"","overlay-gradient":""}},"footnotes":""},"categories":[4],"tags":[49,117,179],"class_list":["post-1586","post","type-post","status-publish","format-standard","has-post-thumbnail","hentry","category-noticias","tag-conavi","tag-nama","tag-vivienda-sustentable"],"_links":{"self":[{"href":"https:\/\/hombresymujeresdelacasa.com\/home\/wp-json\/wp\/v2\/posts\/1586","targetHints":{"allow":["GET"]}}],"collection":[{"href":"https:\/\/hombresymujeresdelacasa.com\/home\/wp-json\/wp\/v2\/posts"}],"about":[{"href":"https:\/\/hombresymujeresdelacasa.com\/home\/wp-json\/wp\/v2\/types\/post"}],"author":[{"embeddable":true,"href":"https:\/\/hombresymujeresdelacasa.com\/home\/wp-json\/wp\/v2\/users\/2"}],"replies":[{"embeddable":true,"href":"https:\/\/hombresymujeresdelacasa.com\/home\/wp-json\/wp\/v2\/comments?post=1586"}],"version-history":[{"count":1,"href":"https:\/\/hombresymujeresdelacasa.com\/home\/wp-json\/wp\/v2\/posts\/1586\/revisions"}],"predecessor-version":[{"id":2098,"href":"https:\/\/hombresymujeresdelacasa.com\/home\/wp-json\/wp\/v2\/posts\/1586\/revisions\/2098"}],"wp:featuredmedia":[{"embeddable":true,"href":"https:\/\/hombresymujeresdelacasa.com\/home\/wp-json\/wp\/v2\/media\/2097"}],"wp:attachment":[{"href":"https:\/\/hombresymujeresdelacasa.com\/home\/wp-json\/wp\/v2\/media?parent=1586"}],"wp:term":[{"taxonomy":"category","embeddable":true,"href":"https:\/\/hombresymujeresdelacasa.com\/home\/wp-json\/wp\/v2\/categories?post=1586"},{"taxonomy":"post_tag","embeddable":true,"href":"https:\/\/hombresymujeresdelacasa.com\/home\/wp-json\/wp\/v2\/tags?post=1586"}],"curies":[{"name":"wp","href":"https:\/\/api.w.org\/{rel}","templated":true}]}}