{"id":15420,"date":"2024-08-28T13:12:26","date_gmt":"2024-08-28T19:12:26","guid":{"rendered":"https:\/\/hombresymujeresdelacasa.com\/home\/?p=15420"},"modified":"2024-08-28T13:12:40","modified_gmt":"2024-08-28T19:12:40","slug":"subcuenta-de-vivienda-infonavit-como-funciona","status":"publish","type":"post","link":"https:\/\/hombresymujeresdelacasa.com\/home\/subcuenta-de-vivienda-infonavit-como-funciona\/","title":{"rendered":"Subcuenta de Vivienda Infonavit, \u00bfc\u00f3mo funciona?"},"content":{"rendered":"\n<p>Por: Rebeca Romero <\/p>\n\n\n\n<p><em>Los trabajadores pueden utilizar la Subcuenta de Vivienda como aportaci\u00f3n parcial de un cr\u00e9dito Infonavit o como garant\u00eda de pago del mismo<\/em><\/p>\n\n\n\n<p>Desde que las personas inician en un empleo formal, comienzan a&nbsp;<strong>acumular un ahorro<\/strong>&nbsp;en el Fondo Nacional de la Vivienda para los Trabajadores (<a href=\"https:\/\/portalmx.infonavit.org.mx\/wps\/portal\/infonavitmx\/mx2\/derechohabientes\/!ut\/p\/z1\/hY-9DoJAEISfxYKWXX6Ew-4iiQoJgQbwGgMGDxLgCJzy-l6UxkR0ut35ZjcDDHJgffFoeCEb0Retms_MuTgHxOPeNiKSEopJ5EVm6FhmQF3I_gFM2bgiiirPXsjqBWcBPM-3jZCgGRsRYpImhn_yXdyivQA_ngTAeCvKdx_alxbhwMbqVo3VqN9Hta6lHKadhhrO86xzIXhb6VfRafgtUotJQv5JwtDl2MRdRia6eQLjCZYX\/dz\/d5\/L2dBISEvZ0FBIS9nQSEh\/\" target=\"_blank\" rel=\"noreferrer noopener nofollow\">Infonavit<\/a>), dicho ahorro es la<strong>&nbsp;Subcuenta de Vivienda<\/strong>, la cual tiene el objetivo de ser un<strong>&nbsp;fondo para el retiro<\/strong>, sin embargo, puede tener otros usos.<\/p>\n\n\n\n<p>Cada bimestre, los empleadores formales est\u00e1n obligados a aportar el&nbsp;<strong>5% del salario diario integrado<\/strong>&nbsp;de todos los trabajadores a la Subcuenta de Vivienda, cuenta que maneja el Infonavit. De acuerdo con la Ley del Instituto, el manejo de&nbsp;<strong>este dinero debe generar ganancias<\/strong>, de modo que los empleados puedan conseguir un mayor ahorro para el final de su vida laboral.<\/p>\n\n\n\n<p>Adem\u00e1s, los derechohabientes pueden realizar&nbsp;<strong>aportaciones extraordinarias<\/strong>&nbsp;a la cuenta&nbsp;<strong>para incrementar el ahorro<\/strong>. Los trabajadores pueden hacer este proceso en l\u00ednea desde&nbsp;<a href=\"https:\/\/centrourbano.com\/vivienda\/tramites-mi-cuenta-infonavit\/\" target=\"_blank\" rel=\"noreferrer noopener nofollow\">Mi Cuenta Infonavit<\/a>; en la plataforma, los derechohabientes tienen la posibilidad de generar una ficha de pago para hacer el dep\u00f3sito a su Subcuenta de Vivienda. Los afiliados pueden hacer&nbsp;<strong>aportaciones m\u00e1s de una vez al mes<\/strong>, pero no deben rebasar el l\u00edmite permitido: el 5% de 25 Salarios M\u00ednimos Mensuales; es decir, 5,384 pesos.<\/p>\n\n\n\n<h2 class=\"wp-block-heading\">\u00bfC\u00f3mo funciona la Subcuenta de Vivienda?<\/h2>\n\n\n\n<p>Como ya se mencion\u00f3, el principal uso de la Subcuenta de Vivienda es ser una&nbsp;<strong>aportaci\u00f3n para la jubilaci\u00f3n<\/strong>, no obstante, el ahorro puede ser utilizado para&nbsp;<strong>obtener un cr\u00e9dito Infonavit<\/strong>, dependiendo del producto que elija. Por ejemplo, en las modalidades Cr\u00e9dito Infonavit, Cofinavit, y Infonavit Total, el Instituto utiliza todo el fondo de la Subcuenta como&nbsp;<strong>pago parcial del financiamiento<\/strong>, de esta forma el trabajador aumentar\u00e1 su capacidad de compra.<\/p>\n\n\n\n<p>Por otro lado, en los financiamientos Apoyo Infonavit y Mejoravit, el total del fondo queda como&nbsp;<strong>garant\u00eda de pago<\/strong>. As\u00ed, al liquidar el cr\u00e9dito, el Instituto liberar\u00e1 el fondo, permitiendo que el trabajador pueda volver a utilizarlo en caso de necesitar otra hipoteca.<a href=\"https:\/\/centrourbano.com\/revista\/author\/rebeca-romero\/\" rel=\"nofollow noopener\" target=\"_blank\"><\/a><\/p>\n","protected":false},"excerpt":{"rendered":"<p>Por: Rebeca Romero Los trabajadores pueden utilizar la Subcuenta de Vivienda como aportaci\u00f3n parcial de un cr\u00e9dito Infonavit o como garant\u00eda de pago del mismo Desde que las personas inician en un empleo formal, comienzan a&nbsp;acumular un ahorro&nbsp;en el Fondo Nacional de la Vivienda para los Trabajadores (Infonavit), dicho ahorro es la&nbsp;Subcuenta de Vivienda, la [&hellip;]<\/p>\n","protected":false},"author":1,"featured_media":15421,"comment_status":"open","ping_status":"closed","sticky":false,"template":"","format":"standard","meta":{"site-sidebar-layout":"default","site-content-layout":"","ast-site-content-layout":"default","site-content-style":"default","site-sidebar-style":"default","ast-global-header-display":"","ast-banner-title-visibility":"","ast-main-header-display":"","ast-hfb-above-header-display":"","ast-hfb-below-header-display":"","ast-hfb-mobile-header-display":"","site-post-title":"","ast-breadcrumbs-content":"","ast-featured-img":"","footer-sml-layout":"","ast-disable-related-posts":"","theme-transparent-header-meta":"","adv-header-id-meta":"","stick-header-meta":"","header-above-stick-meta":"","header-main-stick-meta":"","header-below-stick-meta":"","astra-migrate-meta-layouts":"set","ast-page-background-enabled":"default","ast-page-background-meta":{"desktop":{"background-color":"var(--ast-global-color-4)","background-image":"","background-repeat":"repeat","background-position":"center center","background-size":"auto","background-attachment":"scroll","background-type":"","background-media":"","overlay-type":"","overlay-color":"","overlay-opacity":"","overlay-gradient":""},"tablet":{"background-color":"","background-image":"","background-repeat":"repeat","background-position":"center center","background-size":"auto","background-attachment":"scroll","background-type":"","background-media":"","overlay-type":"","overlay-color":"","overlay-opacity":"","overlay-gradient":""},"mobile":{"background-color":"","background-image":"","background-repeat":"repeat","background-position":"center center","background-size":"auto","background-attachment":"scroll","background-type":"","background-media":"","overlay-type":"","overlay-color":"","overlay-opacity":"","overlay-gradient":""}},"ast-content-background-meta":{"desktop":{"background-color":"var(--ast-global-color-5)","background-image":"","background-repeat":"repeat","background-position":"center center","background-size":"auto","background-attachment":"scroll","background-type":"","background-media":"","overlay-type":"","overlay-color":"","overlay-opacity":"","overlay-gradient":""},"tablet":{"background-color":"var(--ast-global-color-5)","background-image":"","background-repeat":"repeat","background-position":"center center","background-size":"auto","background-attachment":"scroll","background-type":"","background-media":"","overlay-type":"","overlay-color":"","overlay-opacity":"","overlay-gradient":""},"mobile":{"background-color":"var(--ast-global-color-5)","background-image":"","background-repeat":"repeat","background-position":"center center","background-size":"auto","background-attachment":"scroll","background-type":"","background-media":"","overlay-type":"","overlay-color":"","overlay-opacity":"","overlay-gradient":""}},"footnotes":""},"categories":[4],"tags":[6440,5335,102,826,541,177],"class_list":["post-15420","post","type-post","status-publish","format-standard","has-post-thumbnail","hentry","category-noticias","tag-acumulo-para-el-ahorro","tag-fondo-para-el-retiro","tag-infonavit","tag-mi-cuenta-infonavit","tag-subcuenta-de-vivienda","tag-vivienda"],"_links":{"self":[{"href":"https:\/\/hombresymujeresdelacasa.com\/home\/wp-json\/wp\/v2\/posts\/15420","targetHints":{"allow":["GET"]}}],"collection":[{"href":"https:\/\/hombresymujeresdelacasa.com\/home\/wp-json\/wp\/v2\/posts"}],"about":[{"href":"https:\/\/hombresymujeresdelacasa.com\/home\/wp-json\/wp\/v2\/types\/post"}],"author":[{"embeddable":true,"href":"https:\/\/hombresymujeresdelacasa.com\/home\/wp-json\/wp\/v2\/users\/1"}],"replies":[{"embeddable":true,"href":"https:\/\/hombresymujeresdelacasa.com\/home\/wp-json\/wp\/v2\/comments?post=15420"}],"version-history":[{"count":1,"href":"https:\/\/hombresymujeresdelacasa.com\/home\/wp-json\/wp\/v2\/posts\/15420\/revisions"}],"predecessor-version":[{"id":15422,"href":"https:\/\/hombresymujeresdelacasa.com\/home\/wp-json\/wp\/v2\/posts\/15420\/revisions\/15422"}],"wp:featuredmedia":[{"embeddable":true,"href":"https:\/\/hombresymujeresdelacasa.com\/home\/wp-json\/wp\/v2\/media\/15421"}],"wp:attachment":[{"href":"https:\/\/hombresymujeresdelacasa.com\/home\/wp-json\/wp\/v2\/media?parent=15420"}],"wp:term":[{"taxonomy":"category","embeddable":true,"href":"https:\/\/hombresymujeresdelacasa.com\/home\/wp-json\/wp\/v2\/categories?post=15420"},{"taxonomy":"post_tag","embeddable":true,"href":"https:\/\/hombresymujeresdelacasa.com\/home\/wp-json\/wp\/v2\/tags?post=15420"}],"curies":[{"name":"wp","href":"https:\/\/api.w.org\/{rel}","templated":true}]}}