{"id":15417,"date":"2024-08-28T12:59:40","date_gmt":"2024-08-28T18:59:40","guid":{"rendered":"https:\/\/hombresymujeresdelacasa.com\/home\/?p=15417"},"modified":"2024-08-28T12:59:44","modified_gmt":"2024-08-28T18:59:44","slug":"mercado-de-vivienda-de-merida-continua-en-crecimiento-tinsa","status":"publish","type":"post","link":"https:\/\/hombresymujeresdelacasa.com\/home\/mercado-de-vivienda-de-merida-continua-en-crecimiento-tinsa\/","title":{"rendered":"Mercado de vivienda de M\u00e9rida contin\u00faa en crecimiento: Tinsa"},"content":{"rendered":"\n<p>Por: Fernanda Hern\u00e1ndez <\/p>\n\n\n\n<p><em>El 51% de la oferta en M\u00e9rida corresponde al segmento de la vivienda Media, seguida por 18% Tradicional y 16% Residencial<\/em><\/p>\n\n\n\n<p>Actualmente, la&nbsp;<strong>zona metropolitana de M\u00e9rida<\/strong>, Yucat\u00e1n, cuenta con una poblaci\u00f3n de 1.4 millones de habitantes y crece a un ritmo de 3.3% anual, lo que significa que se forman poco m\u00e1s de 9,000 hogares cada a\u00f1o.<\/p>\n\n\n\n<p>Adem\u00e1s, en la \u00faltima d\u00e9cada, se report\u00f3 un incremento del 80% en el&nbsp;<strong>n\u00famero de personas que llegaron a M\u00e9rida<\/strong>&nbsp;desde otras ciudades de Yucat\u00e1n, de otros estados y hasta otros pa\u00edses, ya sea por motivos familiares, de vivienda, razones econ\u00f3micas, personales o laborales.<\/p>\n\n\n\n<p>En ese sentido,&nbsp;<strong>Tinsa M\u00e9xico<\/strong>&nbsp;indic\u00f3 que el&nbsp;<strong>crecimiento poblacional<\/strong>&nbsp;que ha registrado la capital de Yucat\u00e1n ha favorecido el&nbsp;<strong>incremento en la oferta de vivienda<\/strong>.<\/p>\n\n\n\n<p>\u201cSe tiene registro, actualmente, de m\u00e1s de&nbsp;<strong>300 proyectos a la venta<\/strong>&nbsp;y un stock disponible de 11,845 unidades\u201d, se\u00f1al\u00f3&nbsp;<strong>Justino Moreno, director de Consultor\u00eda de la firma<\/strong>.<\/p>\n\n\n\n<p>Asimismo, explic\u00f3 que, en este mercado, a\u00fan hay preferencia por la&nbsp;<strong>vivienda horizontal<\/strong>, ya que \u00e9sta acumula el 75% del stock disponible, a diferencia de otras ciudades del pa\u00eds donde se observa una creciente tendencia hacia la&nbsp;<strong>verticalizaci\u00f3n<\/strong>.<\/p>\n\n\n\n<p>Adem\u00e1s, en cuanto a la distribuci\u00f3n por segmento, datos de Tinsa precisan que el 51% de la oferta de M\u00e9rida corresponde a&nbsp;<strong>vivienda Media<\/strong>; seguida por 18%&nbsp;<strong>Tradicional<\/strong>, 16%&nbsp;<strong>Residencial<\/strong>, 8%&nbsp;<strong>Popular<\/strong>&nbsp;y 6%&nbsp;<strong>Residencial Plus\/Luxury<\/strong>.<\/p>\n\n\n\n<figure class=\"wp-block-image aligncenter\"><a href=\"https:\/\/centrourbano.com\/revista\/wp-content\/uploads\/1.-Distribucion-de-stock-por-segmento_Me%CC%81rida_TINSA.png\" target=\"_blank\" rel=\"noreferrer noopener nofollow\"><img decoding=\"async\" src=\"https:\/\/centrourbano.com\/revista\/wp-content\/uploads\/1.-Distribucion-de-stock-por-segmento_Me%CC%81rida_TINSA.png\" alt=\"\" class=\"wp-image-150322\"\/><\/a><\/figure>\n\n\n\n<p>Por otro lado, la firma detall\u00f3 que, trimestralmente, se han registrado ventas de&nbsp;<strong>2,400 unidades<\/strong>, por lo que la absorci\u00f3n promedio es de 2.5 u\/m, siendo Um\u00e1n el municipio que concentra el segmento de inter\u00e9s social con una cuota del 36% de la absorci\u00f3n.<\/p>\n\n\n\n<figure class=\"wp-block-image aligncenter\"><a href=\"https:\/\/centrourbano.com\/revista\/wp-content\/uploads\/3.Absorcion-de-segmento-por-municipio_Me%CC%81rida_TINSA.png\" target=\"_blank\" rel=\"noreferrer noopener nofollow\"><img decoding=\"async\" src=\"https:\/\/centrourbano.com\/revista\/wp-content\/uploads\/3.Absorcion-de-segmento-por-municipio_Me%CC%81rida_TINSA.png\" alt=\"\" class=\"wp-image-150323\"\/><\/a><\/figure>\n\n\n\n<p>Finalmente, en cuanto a&nbsp;<strong>precios<\/strong>, la vivienda usada tuvo un incremento anual de 14.6%, mientras que la vivienda nueva present\u00f3 un incremento de 15.6 por ciento.<\/p>\n\n\n\n<figure class=\"wp-block-image aligncenter\"><a href=\"https:\/\/centrourbano.com\/revista\/wp-content\/uploads\/4.Evolucio%CC%81n-de-precio-de-venta_Me%CC%81rida_TINSA.png\" target=\"_blank\" rel=\"noreferrer noopener nofollow\"><img decoding=\"async\" src=\"https:\/\/centrourbano.com\/revista\/wp-content\/uploads\/4.Evolucio%CC%81n-de-precio-de-venta_Me%CC%81rida_TINSA.png\" alt=\"\" class=\"wp-image-150324\"\/><\/a><\/figure>\n","protected":false},"excerpt":{"rendered":"<p>Por: Fernanda Hern\u00e1ndez El 51% de la oferta en M\u00e9rida corresponde al segmento de la vivienda Media, seguida por 18% Tradicional y 16% Residencial Actualmente, la&nbsp;zona metropolitana de M\u00e9rida, Yucat\u00e1n, cuenta con una poblaci\u00f3n de 1.4 millones de habitantes y crece a un ritmo de 3.3% anual, lo que significa que se forman poco m\u00e1s [&hellip;]<\/p>\n","protected":false},"author":1,"featured_media":15418,"comment_status":"open","ping_status":"closed","sticky":false,"template":"","format":"standard","meta":{"site-sidebar-layout":"default","site-content-layout":"","ast-site-content-layout":"default","site-content-style":"default","site-sidebar-style":"default","ast-global-header-display":"","ast-banner-title-visibility":"","ast-main-header-display":"","ast-hfb-above-header-display":"","ast-hfb-below-header-display":"","ast-hfb-mobile-header-display":"","site-post-title":"","ast-breadcrumbs-content":"","ast-featured-img":"","footer-sml-layout":"","ast-disable-related-posts":"","theme-transparent-header-meta":"","adv-header-id-meta":"","stick-header-meta":"","header-above-stick-meta":"","header-main-stick-meta":"","header-below-stick-meta":"","astra-migrate-meta-layouts":"set","ast-page-background-enabled":"default","ast-page-background-meta":{"desktop":{"background-color":"var(--ast-global-color-4)","background-image":"","background-repeat":"repeat","background-position":"center center","background-size":"auto","background-attachment":"scroll","background-type":"","background-media":"","overlay-type":"","overlay-color":"","overlay-opacity":"","overlay-gradient":""},"tablet":{"background-color":"","background-image":"","background-repeat":"repeat","background-position":"center center","background-size":"auto","background-attachment":"scroll","background-type":"","background-media":"","overlay-type":"","overlay-color":"","overlay-opacity":"","overlay-gradient":""},"mobile":{"background-color":"","background-image":"","background-repeat":"repeat","background-position":"center center","background-size":"auto","background-attachment":"scroll","background-type":"","background-media":"","overlay-type":"","overlay-color":"","overlay-opacity":"","overlay-gradient":""}},"ast-content-background-meta":{"desktop":{"background-color":"var(--ast-global-color-5)","background-image":"","background-repeat":"repeat","background-position":"center center","background-size":"auto","background-attachment":"scroll","background-type":"","background-media":"","overlay-type":"","overlay-color":"","overlay-opacity":"","overlay-gradient":""},"tablet":{"background-color":"var(--ast-global-color-5)","background-image":"","background-repeat":"repeat","background-position":"center center","background-size":"auto","background-attachment":"scroll","background-type":"","background-media":"","overlay-type":"","overlay-color":"","overlay-opacity":"","overlay-gradient":""},"mobile":{"background-color":"var(--ast-global-color-5)","background-image":"","background-repeat":"repeat","background-position":"center center","background-size":"auto","background-attachment":"scroll","background-type":"","background-media":"","overlay-type":"","overlay-color":"","overlay-opacity":"","overlay-gradient":""}},"footnotes":""},"categories":[4],"tags":[6439,6438,5185,1941],"class_list":["post-15417","post","type-post","status-publish","format-standard","has-post-thumbnail","hentry","category-noticias","tag-crecimiento-poblacional","tag-mercado-de-vivienda","tag-merida-3","tag-tinsa"],"_links":{"self":[{"href":"https:\/\/hombresymujeresdelacasa.com\/home\/wp-json\/wp\/v2\/posts\/15417","targetHints":{"allow":["GET"]}}],"collection":[{"href":"https:\/\/hombresymujeresdelacasa.com\/home\/wp-json\/wp\/v2\/posts"}],"about":[{"href":"https:\/\/hombresymujeresdelacasa.com\/home\/wp-json\/wp\/v2\/types\/post"}],"author":[{"embeddable":true,"href":"https:\/\/hombresymujeresdelacasa.com\/home\/wp-json\/wp\/v2\/users\/1"}],"replies":[{"embeddable":true,"href":"https:\/\/hombresymujeresdelacasa.com\/home\/wp-json\/wp\/v2\/comments?post=15417"}],"version-history":[{"count":1,"href":"https:\/\/hombresymujeresdelacasa.com\/home\/wp-json\/wp\/v2\/posts\/15417\/revisions"}],"predecessor-version":[{"id":15419,"href":"https:\/\/hombresymujeresdelacasa.com\/home\/wp-json\/wp\/v2\/posts\/15417\/revisions\/15419"}],"wp:featuredmedia":[{"embeddable":true,"href":"https:\/\/hombresymujeresdelacasa.com\/home\/wp-json\/wp\/v2\/media\/15418"}],"wp:attachment":[{"href":"https:\/\/hombresymujeresdelacasa.com\/home\/wp-json\/wp\/v2\/media?parent=15417"}],"wp:term":[{"taxonomy":"category","embeddable":true,"href":"https:\/\/hombresymujeresdelacasa.com\/home\/wp-json\/wp\/v2\/categories?post=15417"},{"taxonomy":"post_tag","embeddable":true,"href":"https:\/\/hombresymujeresdelacasa.com\/home\/wp-json\/wp\/v2\/tags?post=15417"}],"curies":[{"name":"wp","href":"https:\/\/api.w.org\/{rel}","templated":true}]}}