{"id":15367,"date":"2024-08-20T18:28:37","date_gmt":"2024-08-21T00:28:37","guid":{"rendered":"https:\/\/hombresymujeresdelacasa.com\/home\/?p=15367"},"modified":"2024-08-20T18:28:46","modified_gmt":"2024-08-21T00:28:46","slug":"alejandro-encinas-titular-de-planeacion-de-cdmx-en-2024-2030","status":"publish","type":"post","link":"https:\/\/hombresymujeresdelacasa.com\/home\/alejandro-encinas-titular-de-planeacion-de-cdmx-en-2024-2030\/","title":{"rendered":"Alejandro Encinas, titular de Planeaci\u00f3n de CDMX en 2024-2030"},"content":{"rendered":"\n<p>Por: Fernanda Hern\u00e1ndez<\/p>\n\n\n\n<p><em>Actualmente, Alejandro Encinas es coordinador del equipo de Transici\u00f3n de Clara Brugada, quien ser\u00e1 la jefa de Gobierno de la CDMX<\/em><\/p>\n\n\n\n<p><strong>Clara Brugada Molina, pr\u00f3xima jefa de Gobierno de la Ciudad de M\u00e9xico<\/strong>, dio a conocer que, durante su sexenio,&nbsp;<strong>Alejandro Encinas Rodr\u00edguez<\/strong>&nbsp;ser\u00e1 el titular de la&nbsp;<strong>Secretar\u00eda de Planeaci\u00f3n, Ordenamiento Territorial y de Metr\u00f3polis<\/strong>, dependencia que sustituir\u00e1 a la actual Secretar\u00eda de Desarrollo Urbano y Vivienda (Seduvi).<\/p>\n\n\n\n<p>Al realizar el anuncio, la exalcaldesa de Iztapalapa destac\u00f3 la experiencia de&nbsp;<strong>Encinas<\/strong>&nbsp;en materia de administraci\u00f3n p\u00fablica, as\u00ed como en temas urbanos y de planificaci\u00f3n territorial.<\/p>\n\n\n\n<p>Cabe mencionar que la&nbsp;<strong>Secretar\u00eda de Planeaci\u00f3n, Ordenamiento Territorial y de Metr\u00f3polis<\/strong>, que encabezar\u00e1 Encinas, ser\u00e1 responsable del crecimiento urbano, la construcci\u00f3n de vivienda, la recuperaci\u00f3n de espacios p\u00fablicos y la conservaci\u00f3n del paisaje urbano de la CDMX.<\/p>\n\n\n\n<h2 class=\"wp-block-heading\"><strong>\u00bfQui\u00e9n es Alejandro Encinas?<\/strong><\/h2>\n\n\n\n<p><strong>Alejandro Encinas Rodr\u00edguez<\/strong>, actual coordinador del equipo de Transici\u00f3n de Clara Brugada, es licenciado en Econom\u00eda por la&nbsp;<strong>Universidad Nacional Aut\u00f3noma de M\u00e9xico&nbsp;<\/strong>(<strong>UNAM<\/strong>), con especialidad en Desarrollo y Planificaci\u00f3n.<\/p>\n\n\n\n<p>Entre 1985 y 1994 fue suplente y titular de una&nbsp;<strong>diputaci\u00f3n federal<\/strong>, y en 1997 se incorpor\u00f3 al Gobierno del entonces Distrito Federal, encabezado por Cuauht\u00e9moc C\u00e1rdenas, donde se desempe\u00f1\u00f3 como titular de la&nbsp;<strong>Secretar\u00eda del Medio Ambiente<\/strong>&nbsp;(<strong>Sedema<\/strong>).<\/p>\n\n\n\n<p>Posteriormente,&nbsp;<strong>Encinas<\/strong>&nbsp;se integr\u00f3 a la administraci\u00f3n de Andr\u00e9s Manuel L\u00f3pez Obrador en la capital del pa\u00eds, donde se desempe\u00f1\u00f3 como secretario de&nbsp;<strong>Desarrollo Econ\u00f3mico<\/strong>, posteriormente, como&nbsp;<strong>subsecretario de Gobierno<\/strong>, y despu\u00e9s como&nbsp;<strong>secretario de Gobierno<\/strong>.<\/p>\n\n\n\n<p>Y, entre 2005 y 2006, asumi\u00f3 el cargo de&nbsp;<strong>jefe de Gobierno<\/strong>&nbsp;en sustituci\u00f3n de L\u00f3pez Obrador, quien se postul\u00f3 como candidato a la Presidencia.<\/p>\n\n\n\n<p>A\u00f1os m\u00e1s tarde, en 2009, fue&nbsp;<strong>diputado<\/strong>&nbsp;por el entonces Distrito Federal, y en 2012 fue designado como&nbsp;<strong>Senador<\/strong>, al tiempo que form\u00f3 parte de la Asamblea Constituyente.<\/p>\n\n\n\n<p>De igual manera, en la actual administraci\u00f3n federal, encabezada por L\u00f3pez Obrador,&nbsp;<strong>Alejandro Encinas<\/strong>&nbsp;fue subsecretario de&nbsp;<strong>Derechos Humanos, Poblaci\u00f3n y Migraci\u00f3n<\/strong>, y, durante pocos d\u00edas, fue encargado de despacho de la&nbsp;<strong>Secretar\u00eda de Gobernaci\u00f3n<\/strong>.<\/p>\n\n\n\n<p>Adem\u00e1s, es catedr\u00e1tico en la Facultad de Econom\u00eda de la UNAM y fue coordinador de Extensi\u00f3n Universitaria en la Universidad Aut\u00f3noma de Chapingo.<\/p>\n\n\n\n<p>Tambi\u00e9n ha sido consultor de la\u00a0<strong>Comisi\u00f3n Econ\u00f3mica para Am\u00e9rica Latina y el Caribe<\/strong>\u00a0(<strong>Cepal<\/strong>) y de la\u00a0<strong>Organizaci\u00f3n de los Estados Americanos<\/strong>\u00a0(<strong>OEA<\/strong>).<\/p>\n","protected":false},"excerpt":{"rendered":"<p>Por: Fernanda Hern\u00e1ndez Actualmente, Alejandro Encinas es coordinador del equipo de Transici\u00f3n de Clara Brugada, quien ser\u00e1 la jefa de Gobierno de la CDMX Clara Brugada Molina, pr\u00f3xima jefa de Gobierno de la Ciudad de M\u00e9xico, dio a conocer que, durante su sexenio,&nbsp;Alejandro Encinas Rodr\u00edguez&nbsp;ser\u00e1 el titular de la&nbsp;Secretar\u00eda de Planeaci\u00f3n, Ordenamiento Territorial y de [&hellip;]<\/p>\n","protected":false},"author":1,"featured_media":15368,"comment_status":"open","ping_status":"closed","sticky":false,"template":"","format":"standard","meta":{"site-sidebar-layout":"default","site-content-layout":"","ast-site-content-layout":"default","site-content-style":"default","site-sidebar-style":"default","ast-global-header-display":"","ast-banner-title-visibility":"","ast-main-header-display":"","ast-hfb-above-header-display":"","ast-hfb-below-header-display":"","ast-hfb-mobile-header-display":"","site-post-title":"","ast-breadcrumbs-content":"","ast-featured-img":"","footer-sml-layout":"","ast-disable-related-posts":"","theme-transparent-header-meta":"","adv-header-id-meta":"","stick-header-meta":"","header-above-stick-meta":"","header-main-stick-meta":"","header-below-stick-meta":"","astra-migrate-meta-layouts":"set","ast-page-background-enabled":"default","ast-page-background-meta":{"desktop":{"background-color":"var(--ast-global-color-4)","background-image":"","background-repeat":"repeat","background-position":"center center","background-size":"auto","background-attachment":"scroll","background-type":"","background-media":"","overlay-type":"","overlay-color":"","overlay-opacity":"","overlay-gradient":""},"tablet":{"background-color":"","background-image":"","background-repeat":"repeat","background-position":"center center","background-size":"auto","background-attachment":"scroll","background-type":"","background-media":"","overlay-type":"","overlay-color":"","overlay-opacity":"","overlay-gradient":""},"mobile":{"background-color":"","background-image":"","background-repeat":"repeat","background-position":"center center","background-size":"auto","background-attachment":"scroll","background-type":"","background-media":"","overlay-type":"","overlay-color":"","overlay-opacity":"","overlay-gradient":""}},"ast-content-background-meta":{"desktop":{"background-color":"var(--ast-global-color-5)","background-image":"","background-repeat":"repeat","background-position":"center center","background-size":"auto","background-attachment":"scroll","background-type":"","background-media":"","overlay-type":"","overlay-color":"","overlay-opacity":"","overlay-gradient":""},"tablet":{"background-color":"var(--ast-global-color-5)","background-image":"","background-repeat":"repeat","background-position":"center center","background-size":"auto","background-attachment":"scroll","background-type":"","background-media":"","overlay-type":"","overlay-color":"","overlay-opacity":"","overlay-gradient":""},"mobile":{"background-color":"var(--ast-global-color-5)","background-image":"","background-repeat":"repeat","background-position":"center center","background-size":"auto","background-attachment":"scroll","background-type":"","background-media":"","overlay-type":"","overlay-color":"","overlay-opacity":"","overlay-gradient":""}},"footnotes":""},"categories":[4],"tags":[6371,6422,41,3963,6424],"class_list":["post-15367","post","type-post","status-publish","format-standard","has-post-thumbnail","hentry","category-noticias","tag-2024-2030","tag-alejandro-encinas","tag-cdmx","tag-nuevo-titular","tag-secretaria-de-planeacion-ordenamiento-territorial-y-de-metropolis"],"_links":{"self":[{"href":"https:\/\/hombresymujeresdelacasa.com\/home\/wp-json\/wp\/v2\/posts\/15367","targetHints":{"allow":["GET"]}}],"collection":[{"href":"https:\/\/hombresymujeresdelacasa.com\/home\/wp-json\/wp\/v2\/posts"}],"about":[{"href":"https:\/\/hombresymujeresdelacasa.com\/home\/wp-json\/wp\/v2\/types\/post"}],"author":[{"embeddable":true,"href":"https:\/\/hombresymujeresdelacasa.com\/home\/wp-json\/wp\/v2\/users\/1"}],"replies":[{"embeddable":true,"href":"https:\/\/hombresymujeresdelacasa.com\/home\/wp-json\/wp\/v2\/comments?post=15367"}],"version-history":[{"count":1,"href":"https:\/\/hombresymujeresdelacasa.com\/home\/wp-json\/wp\/v2\/posts\/15367\/revisions"}],"predecessor-version":[{"id":15369,"href":"https:\/\/hombresymujeresdelacasa.com\/home\/wp-json\/wp\/v2\/posts\/15367\/revisions\/15369"}],"wp:featuredmedia":[{"embeddable":true,"href":"https:\/\/hombresymujeresdelacasa.com\/home\/wp-json\/wp\/v2\/media\/15368"}],"wp:attachment":[{"href":"https:\/\/hombresymujeresdelacasa.com\/home\/wp-json\/wp\/v2\/media?parent=15367"}],"wp:term":[{"taxonomy":"category","embeddable":true,"href":"https:\/\/hombresymujeresdelacasa.com\/home\/wp-json\/wp\/v2\/categories?post=15367"},{"taxonomy":"post_tag","embeddable":true,"href":"https:\/\/hombresymujeresdelacasa.com\/home\/wp-json\/wp\/v2\/tags?post=15367"}],"curies":[{"name":"wp","href":"https:\/\/api.w.org\/{rel}","templated":true}]}}