{"id":15335,"date":"2024-08-16T13:22:33","date_gmt":"2024-08-16T19:22:33","guid":{"rendered":"https:\/\/hombresymujeresdelacasa.com\/home\/?p=15335"},"modified":"2024-08-16T13:22:54","modified_gmt":"2024-08-16T19:22:54","slug":"presentan-acuerdo-nacional-para-atender-demanda-de-vivienda","status":"publish","type":"post","link":"https:\/\/hombresymujeresdelacasa.com\/home\/presentan-acuerdo-nacional-para-atender-demanda-de-vivienda\/","title":{"rendered":"Presentan acuerdo nacional para atender demanda de vivienda"},"content":{"rendered":"\n<p>Por: Fernanda Hern\u00e1ndez <\/p>\n\n\n\n<p><em>Mario Mac\u00edas Robles detall\u00f3 que este acuerdo se fundamenta en 10 ejes estrat\u00e9gicos para atender diversas necesidades de vivienda<\/em><\/p>\n\n\n\n<p>Este jueves, se dio a conocer que el pr\u00f3ximo 30 de agosto se presentar\u00e1 a la presidenta electa, Claudia Sheinbaum Pardo, el&nbsp;<strong>Acuerdo Nacional por la Prosperidad con Vivienda<\/strong>, derivado del Encuentro Nacional por la Vivienda, que se realiz\u00f3 el pasado 7 de agosto.<\/p>\n\n\n\n<p>Dicho evento reuni\u00f3 a autoridades, empresarios, trabajadores y desarrolladores para establecer este acuerdo que permita contribuir al cumplimiento de la&nbsp;<strong>Pol\u00edtica de Vivienda de Sheinbaum<\/strong>, que consiste en la construcci\u00f3n de 1 mill\u00f3n de viviendas durante el pr\u00f3ximo sexenio.<\/p>\n\n\n\n<p>\u201cEsperamos tener la versi\u00f3n final del&nbsp;<strong>Acuerdo Nacional para Fomento e Impulso a la Construcci\u00f3n de la Vivienda en M\u00e9xico<\/strong>&nbsp;el pr\u00f3ximo 30 de agosto\u201d, coment\u00f3 la&nbsp;<strong>arquitecta Ana Mar\u00eda Sinecio<\/strong>.<\/p>\n\n\n\n<p>Por su parte,&nbsp;<strong><a href=\"https:\/\/centrourbano.com\/revista\/vivienda\/evitar-vicios-viviendas-infonavit\/\" target=\"_blank\" rel=\"noreferrer noopener nofollow\">Mario Mac\u00edas Robles<\/a>, titular de la Direcci\u00f3n Sectorial de los Trabajadores (DST) del Instituto del Fondo Nacional de la Vivienda para los Trabajadores (Infonavit<\/strong>), explic\u00f3 que el acuerdo nacional se fundamenta en diez ejes estrat\u00e9gicos.<\/p>\n\n\n\n<p>Lo anterior, dijo, con el fin de atender&nbsp;<strong>necesidades clave<\/strong>&nbsp;como la vivienda para familias de bajos ingresos, soluciones para j\u00f3venes, nuevas soluciones de cr\u00e9dito y una planificaci\u00f3n urbana que responda a la demanda generada por los procesos de relocalizaci\u00f3n.<\/p>\n\n\n\n<p>Adem\u00e1s, se buscar\u00e1&nbsp;<strong>diversificar el acceso a la vivienda<\/strong>&nbsp;mediante alternativas como el arrendamiento social, la complementaci\u00f3n de desarrollos habitacionales con centros de salud p\u00fablica y comunitarios, y la garant\u00eda de un ordenamiento territorial eficaz.<\/p>\n\n\n\n<h2 class=\"wp-block-heading\"><strong>Ejes del Acuerdo Nacional por la Prosperidad con Vivienda<\/strong><\/h2>\n\n\n\n<p>Los 10 ejes estrat\u00e9gicos del acuerdo son:<\/p>\n\n\n\n<p><strong>Decreto de emergencia por la vivienda social y obrera<\/strong>: Promover acciones de mejora en infraestructura, equipamiento y servicios para aumentar la oferta de vivienda a corto plazo<a href=\"https:\/\/centrourbano.com\/revista\/author\/fernanda-hernandez\/\" rel=\"nofollow noopener\" target=\"_blank\"><\/a><\/p>\n\n\n\n<p><strong>Compromiso y consenso<\/strong>: Coordinaci\u00f3n intergubernamental liderada por la Secretar\u00eda de Desarrollo Agrario, Territorial y Urbano (Sedatu) para promover est\u00edmulos fiscales, facilitar tr\u00e1mites, destinar recursos a infraestructura y vivienda social.<\/p>\n\n\n\n<p><strong>Vivienda Econ\u00f3mica y Popular<\/strong>: Financiar 100,000 viviendas asequibles al a\u00f1o a trav\u00e9s del Infonavit, adicionales a las 435,000 acciones anuales. As\u00ed como acelerar la comercializaci\u00f3n de 200,000 viviendas recuperadas y construir nuevas viviendas para sectores de bajos ingresos.<\/p>\n\n\n\n<p><strong>Vivienda para J\u00f3venes<\/strong>: Dise\u00f1ar productos de cr\u00e9dito flexibles para atender las necesidades habitacionales de la juventud.<\/p>\n\n\n\n<p><strong>Nuevos programas y estrategias de financiamiento<\/strong>: Modelo de financiamiento complementario en Infonavit y Fovissste para ampliar la capacidad de compra.<\/p>\n\n\n\n<p><strong>Estrategia de adquisici\u00f3n y gesti\u00f3n de suelo<\/strong>: Convenios con gobiernos estatales y municipales para aportar reservas territoriales y promover la adquisici\u00f3n directa de suelo por el Infonavit para reducir el costo de la vivienda social.<\/p>\n\n\n\n<p><strong>Vivienda Social y desarrollo regional<\/strong>: Atender la demanda de vivienda en corredores industriales y Polos de Desarrollo para el Bienestar. Promover proyectos inmobiliarios en ciudades con alta demanda y desarrollar un modelo crediticio adaptado a las caracter\u00edsticas regionales y productivas.<\/p>\n\n\n\n<p><strong>Vivienda para Renta<\/strong>: Ofrecer productos de cr\u00e9dito enfocados en renta social con opci\u00f3n a compra.<\/p>\n\n\n\n<p><strong>Vivienda y Bienestar Social<\/strong>: Coordinar pol\u00edticas de salud y bienestar mediante Cl\u00ednicas de Salud y Pilares para el Bienestar en desarrollos habitacionales.<\/p>\n\n\n\n<p><strong>Vivienda y Ciudad<\/strong>: Fortalecer controles de calidad y sustentabilidad de la vivienda, simplificar tr\u00e1mites y dise\u00f1ar instrumentos de ordenamiento territorial para garantizar la sustentabilidad y seguridad.<\/p>\n","protected":false},"excerpt":{"rendered":"<p>Por: Fernanda Hern\u00e1ndez Mario Mac\u00edas Robles detall\u00f3 que este acuerdo se fundamenta en 10 ejes estrat\u00e9gicos para atender diversas necesidades de vivienda Este jueves, se dio a conocer que el pr\u00f3ximo 30 de agosto se presentar\u00e1 a la presidenta electa, Claudia Sheinbaum Pardo, el&nbsp;Acuerdo Nacional por la Prosperidad con Vivienda, derivado del Encuentro Nacional por [&hellip;]<\/p>\n","protected":false},"author":1,"featured_media":15336,"comment_status":"open","ping_status":"closed","sticky":false,"template":"","format":"standard","meta":{"site-sidebar-layout":"default","site-content-layout":"","ast-site-content-layout":"default","site-content-style":"default","site-sidebar-style":"default","ast-global-header-display":"","ast-banner-title-visibility":"","ast-main-header-display":"","ast-hfb-above-header-display":"","ast-hfb-below-header-display":"","ast-hfb-mobile-header-display":"","site-post-title":"","ast-breadcrumbs-content":"","ast-featured-img":"","footer-sml-layout":"","ast-disable-related-posts":"","theme-transparent-header-meta":"","adv-header-id-meta":"","stick-header-meta":"","header-above-stick-meta":"","header-main-stick-meta":"","header-below-stick-meta":"","astra-migrate-meta-layouts":"set","ast-page-background-enabled":"default","ast-page-background-meta":{"desktop":{"background-color":"var(--ast-global-color-4)","background-image":"","background-repeat":"repeat","background-position":"center center","background-size":"auto","background-attachment":"scroll","background-type":"","background-media":"","overlay-type":"","overlay-color":"","overlay-opacity":"","overlay-gradient":""},"tablet":{"background-color":"","background-image":"","background-repeat":"repeat","background-position":"center center","background-size":"auto","background-attachment":"scroll","background-type":"","background-media":"","overlay-type":"","overlay-color":"","overlay-opacity":"","overlay-gradient":""},"mobile":{"background-color":"","background-image":"","background-repeat":"repeat","background-position":"center center","background-size":"auto","background-attachment":"scroll","background-type":"","background-media":"","overlay-type":"","overlay-color":"","overlay-opacity":"","overlay-gradient":""}},"ast-content-background-meta":{"desktop":{"background-color":"var(--ast-global-color-5)","background-image":"","background-repeat":"repeat","background-position":"center center","background-size":"auto","background-attachment":"scroll","background-type":"","background-media":"","overlay-type":"","overlay-color":"","overlay-opacity":"","overlay-gradient":""},"tablet":{"background-color":"var(--ast-global-color-5)","background-image":"","background-repeat":"repeat","background-position":"center center","background-size":"auto","background-attachment":"scroll","background-type":"","background-media":"","overlay-type":"","overlay-color":"","overlay-opacity":"","overlay-gradient":""},"mobile":{"background-color":"var(--ast-global-color-5)","background-image":"","background-repeat":"repeat","background-position":"center center","background-size":"auto","background-attachment":"scroll","background-type":"","background-media":"","overlay-type":"","overlay-color":"","overlay-opacity":"","overlay-gradient":""}},"footnotes":""},"categories":[4],"tags":[6420,6421,2159,102,1442,177,178],"class_list":["post-15335","post","type-post","status-publish","format-standard","has-post-thumbnail","hentry","category-noticias","tag-acuerdo-nacional-por-la-prosperidad-con-vivienda","tag-ana-maria-sinecio","tag-claudia-sheinbaum-pardo","tag-infonavit","tag-mario-macias-robles","tag-vivienda","tag-vivienda-social"],"_links":{"self":[{"href":"https:\/\/hombresymujeresdelacasa.com\/home\/wp-json\/wp\/v2\/posts\/15335","targetHints":{"allow":["GET"]}}],"collection":[{"href":"https:\/\/hombresymujeresdelacasa.com\/home\/wp-json\/wp\/v2\/posts"}],"about":[{"href":"https:\/\/hombresymujeresdelacasa.com\/home\/wp-json\/wp\/v2\/types\/post"}],"author":[{"embeddable":true,"href":"https:\/\/hombresymujeresdelacasa.com\/home\/wp-json\/wp\/v2\/users\/1"}],"replies":[{"embeddable":true,"href":"https:\/\/hombresymujeresdelacasa.com\/home\/wp-json\/wp\/v2\/comments?post=15335"}],"version-history":[{"count":1,"href":"https:\/\/hombresymujeresdelacasa.com\/home\/wp-json\/wp\/v2\/posts\/15335\/revisions"}],"predecessor-version":[{"id":15337,"href":"https:\/\/hombresymujeresdelacasa.com\/home\/wp-json\/wp\/v2\/posts\/15335\/revisions\/15337"}],"wp:featuredmedia":[{"embeddable":true,"href":"https:\/\/hombresymujeresdelacasa.com\/home\/wp-json\/wp\/v2\/media\/15336"}],"wp:attachment":[{"href":"https:\/\/hombresymujeresdelacasa.com\/home\/wp-json\/wp\/v2\/media?parent=15335"}],"wp:term":[{"taxonomy":"category","embeddable":true,"href":"https:\/\/hombresymujeresdelacasa.com\/home\/wp-json\/wp\/v2\/categories?post=15335"},{"taxonomy":"post_tag","embeddable":true,"href":"https:\/\/hombresymujeresdelacasa.com\/home\/wp-json\/wp\/v2\/tags?post=15335"}],"curies":[{"name":"wp","href":"https:\/\/api.w.org\/{rel}","templated":true}]}}