{"id":14254,"date":"2024-03-05T14:57:34","date_gmt":"2024-03-05T20:57:34","guid":{"rendered":"https:\/\/hombresymujeresdelacasa.com\/home\/?p=14254"},"modified":"2024-03-05T14:57:39","modified_gmt":"2024-03-05T20:57:39","slug":"pide-dst-infonavit-a-candidatos-atender-crisis-de-vivienda-economica","status":"publish","type":"post","link":"https:\/\/hombresymujeresdelacasa.com\/home\/pide-dst-infonavit-a-candidatos-atender-crisis-de-vivienda-economica\/","title":{"rendered":"Pide DST Infonavit a candidatos atender crisis de vivienda econ\u00f3mica"},"content":{"rendered":"\n<p>Por: Fernanda Hern\u00e1ndez <\/p>\n\n\n\n<p><em>\u201cDesde el inicio de a\u00f1o, recorremos todo el pa\u00eds para abordar las demandas y propuestas del sector laboral\u201d, dijo el titular de la DST Infonavit<\/em><\/p>\n\n\n\n<p>En el marco de la iniciativa \u2018<strong>El Infonavit que queremos las y los trabajadores\u2019<\/strong>, la&nbsp;<strong>Direcci\u00f3n Sectorial de los Trabajadores<\/strong>&nbsp;(<strong>DST<\/strong>)&nbsp;<strong>del Instituto del Fondo Nacional de la Vivienda para los Trabajadores<\/strong>&nbsp;(<strong>Infonavit<\/strong>) demanda a los candidatos a la presidencia de la Rep\u00fablica abordar la&nbsp;<a href=\"https:\/\/centrourbano.com\/vivienda\/vivienda-economica-infonavit\/\" target=\"_blank\" rel=\"noreferrer noopener nofollow\"><strong>crisis de vivienda econ\u00f3mica<\/strong><\/a>&nbsp;en el pa\u00eds.<\/p>\n\n\n\n<p>\u201cDesde el inicio de a\u00f1o, estamos volviendo a recorrer todo el territorio nacional para abordar de manera integral las demandas y propuestas del sector laboral, como el reclamo hist\u00f3rico para que sus aportaciones sean empleadas para financiar&nbsp;<strong>oferta de vivienda econ\u00f3mica y de calidad<\/strong>, as\u00ed como evitar la imposici\u00f3n de una agenda alejada de las necesidades reales del Instituto\u201d, dijo&nbsp;<strong><a href=\"https:\/\/www.facebook.com\/watch\/live\/?ref=watch_permalink&amp;v=494419999095028&amp;t=0\" target=\"_blank\" rel=\"noreferrer noopener nofollow\">Mario Mac\u00edas Robles<\/a>, titular de la DST Infonavit<\/strong>.<\/p>\n\n\n\n<p>Cabe recordar que la iniciativa \u2018<strong>El Infonavit que queremos las y los trabajadores\u2019<\/strong>&nbsp;surgi\u00f3 del pasado&nbsp;<strong>Congreso Nacional de la DST Infonavit<\/strong>, en octubre de 2023, con el prop\u00f3sito de hacer valer la voz de los casi 76.2 millones de trabajadores afiliados al Instituto, para que sea considerada en el programa de gobierno a 2030.<\/p>\n\n\n\n<p>De esta manera, la&nbsp;<strong>DST<\/strong>&nbsp;lidera un di\u00e1logo permanente con las organizaciones sindicales para diversas problem\u00e1ticas y construir colectivamente un Infonavit m\u00e1s social, eficiente, cercano, s\u00f3lido y que ofrezca mejores soluciones habitacionales, en especial, para los trabajadores con menores ingresos.<\/p>\n\n\n\n<p>Y, entre las iniciativas derivadas de este di\u00e1logo nacional, destaca promover la participaci\u00f3n de las organizaciones sindicales en la&nbsp;<strong>compra de vivienda recuperada<\/strong>&nbsp;para ofrecerlas a precios accesibles<\/p>\n\n\n\n<p>Asimismo, se busca generar&nbsp;<strong>desarrollos inmobiliarios acordes a las necesidades regionales<\/strong>&nbsp;y establecer estrategias de vinculaci\u00f3n del Instituto con autoridades locales, estatales y nacionales para adquirir y administrar&nbsp;<strong>reservas territoriales<\/strong>&nbsp;que cuenten con todos los servicios urbanos b\u00e1sicos para contribuir al desarrollo habitacional.<\/p>\n\n\n\n<p><a href=\"https:\/\/centrourbano.com\/author\/fernanda-hernandez\/\" rel=\"nofollow noopener\" target=\"_blank\"><\/a><\/p>\n","protected":false},"excerpt":{"rendered":"<p>Por: Fernanda Hern\u00e1ndez \u201cDesde el inicio de a\u00f1o, recorremos todo el pa\u00eds para abordar las demandas y propuestas del sector laboral\u201d, dijo el titular de la DST Infonavit En el marco de la iniciativa \u2018El Infonavit que queremos las y los trabajadores\u2019, la&nbsp;Direcci\u00f3n Sectorial de los Trabajadores&nbsp;(DST)&nbsp;del Instituto del Fondo Nacional de la Vivienda para [&hellip;]<\/p>\n","protected":false},"author":1,"featured_media":14255,"comment_status":"open","ping_status":"closed","sticky":false,"template":"","format":"standard","meta":{"site-sidebar-layout":"default","site-content-layout":"","ast-site-content-layout":"default","site-content-style":"default","site-sidebar-style":"default","ast-global-header-display":"","ast-banner-title-visibility":"","ast-main-header-display":"","ast-hfb-above-header-display":"","ast-hfb-below-header-display":"","ast-hfb-mobile-header-display":"","site-post-title":"","ast-breadcrumbs-content":"","ast-featured-img":"","footer-sml-layout":"","ast-disable-related-posts":"","theme-transparent-header-meta":"","adv-header-id-meta":"","stick-header-meta":"","header-above-stick-meta":"","header-main-stick-meta":"","header-below-stick-meta":"","astra-migrate-meta-layouts":"set","ast-page-background-enabled":"default","ast-page-background-meta":{"desktop":{"background-color":"var(--ast-global-color-4)","background-image":"","background-repeat":"repeat","background-position":"center center","background-size":"auto","background-attachment":"scroll","background-type":"","background-media":"","overlay-type":"","overlay-color":"","overlay-opacity":"","overlay-gradient":""},"tablet":{"background-color":"","background-image":"","background-repeat":"repeat","background-position":"center center","background-size":"auto","background-attachment":"scroll","background-type":"","background-media":"","overlay-type":"","overlay-color":"","overlay-opacity":"","overlay-gradient":""},"mobile":{"background-color":"","background-image":"","background-repeat":"repeat","background-position":"center center","background-size":"auto","background-attachment":"scroll","background-type":"","background-media":"","overlay-type":"","overlay-color":"","overlay-opacity":"","overlay-gradient":""}},"ast-content-background-meta":{"desktop":{"background-color":"var(--ast-global-color-5)","background-image":"","background-repeat":"repeat","background-position":"center center","background-size":"auto","background-attachment":"scroll","background-type":"","background-media":"","overlay-type":"","overlay-color":"","overlay-opacity":"","overlay-gradient":""},"tablet":{"background-color":"var(--ast-global-color-5)","background-image":"","background-repeat":"repeat","background-position":"center center","background-size":"auto","background-attachment":"scroll","background-type":"","background-media":"","overlay-type":"","overlay-color":"","overlay-opacity":"","overlay-gradient":""},"mobile":{"background-color":"var(--ast-global-color-5)","background-image":"","background-repeat":"repeat","background-position":"center center","background-size":"auto","background-attachment":"scroll","background-type":"","background-media":"","overlay-type":"","overlay-color":"","overlay-opacity":"","overlay-gradient":""}},"footnotes":""},"categories":[4],"tags":[6074,1431,102,6075,177],"class_list":["post-14254","post","type-post","status-publish","format-standard","has-post-thumbnail","hentry","category-noticias","tag-crisis-economica-2","tag-dst-infonavit","tag-infonavit","tag-mario-macias-robles-2","tag-vivienda"],"_links":{"self":[{"href":"https:\/\/hombresymujeresdelacasa.com\/home\/wp-json\/wp\/v2\/posts\/14254","targetHints":{"allow":["GET"]}}],"collection":[{"href":"https:\/\/hombresymujeresdelacasa.com\/home\/wp-json\/wp\/v2\/posts"}],"about":[{"href":"https:\/\/hombresymujeresdelacasa.com\/home\/wp-json\/wp\/v2\/types\/post"}],"author":[{"embeddable":true,"href":"https:\/\/hombresymujeresdelacasa.com\/home\/wp-json\/wp\/v2\/users\/1"}],"replies":[{"embeddable":true,"href":"https:\/\/hombresymujeresdelacasa.com\/home\/wp-json\/wp\/v2\/comments?post=14254"}],"version-history":[{"count":1,"href":"https:\/\/hombresymujeresdelacasa.com\/home\/wp-json\/wp\/v2\/posts\/14254\/revisions"}],"predecessor-version":[{"id":14256,"href":"https:\/\/hombresymujeresdelacasa.com\/home\/wp-json\/wp\/v2\/posts\/14254\/revisions\/14256"}],"wp:featuredmedia":[{"embeddable":true,"href":"https:\/\/hombresymujeresdelacasa.com\/home\/wp-json\/wp\/v2\/media\/14255"}],"wp:attachment":[{"href":"https:\/\/hombresymujeresdelacasa.com\/home\/wp-json\/wp\/v2\/media?parent=14254"}],"wp:term":[{"taxonomy":"category","embeddable":true,"href":"https:\/\/hombresymujeresdelacasa.com\/home\/wp-json\/wp\/v2\/categories?post=14254"},{"taxonomy":"post_tag","embeddable":true,"href":"https:\/\/hombresymujeresdelacasa.com\/home\/wp-json\/wp\/v2\/tags?post=14254"}],"curies":[{"name":"wp","href":"https:\/\/api.w.org\/{rel}","templated":true}]}}