{"id":14225,"date":"2024-03-01T12:53:31","date_gmt":"2024-03-01T18:53:31","guid":{"rendered":"https:\/\/hombresymujeresdelacasa.com\/home\/?p=14225"},"modified":"2024-03-01T12:53:34","modified_gmt":"2024-03-01T18:53:34","slug":"planeacion-fundamental-para-proteger-medio-ambiente-sedatu","status":"publish","type":"post","link":"https:\/\/hombresymujeresdelacasa.com\/home\/planeacion-fundamental-para-proteger-medio-ambiente-sedatu\/","title":{"rendered":"Planeaci\u00f3n, fundamental para proteger medio ambiente: Sedatu"},"content":{"rendered":"\n<p>Por: Fernanda Hern\u00e1ndez <\/p>\n\n\n\n<p><em>Daniel Fajardo destac\u00f3 la necesidad de impulsar estrategias para mitigar los efectos del cambio clim\u00e1tico a trav\u00e9s de la planeaci\u00f3n y el desarrollo urbano<\/em><\/p>\n\n\n\n<p>Al participar en el foro \u2018<strong>Estrategia General para la Planeaci\u00f3n del Territorio\u2019<\/strong>, organizado con la Comisi\u00f3n Ambiental de la Megal\u00f3polis (CAMe), el&nbsp;<strong>subsecretario de Desarrollo Urbano y Vivienda de la Secretar\u00eda de Desarrollo Agrario, Territorial y Urbano<\/strong>&nbsp;(<a href=\"https:\/\/twitter.com\/SEDATU_mx\" target=\"_blank\" rel=\"noreferrer noopener nofollow\"><strong>Sedatu<\/strong><\/a>),&nbsp;<strong>Daniel Fajardo Ort\u00edz<\/strong>, destac\u00f3 que la planeaci\u00f3n urbana es fundamental para la protecci\u00f3n del medio ambiente.<\/p>\n\n\n\n<p>\u201cEstamos convencidos de que una buena&nbsp;<strong>planeaci\u00f3n del desarrollo urbano<\/strong>&nbsp;va a generar&nbsp;<strong>protecci\u00f3n del medio ambiente<\/strong>. Tiene que tener ese eje fundamental, saber d\u00f3nde pueden crecer las ciudades y donde no, qu\u00e9 territorio debe preservarse por tener un alto valor ambiental y qu\u00e9 tipo de ciudades funcionan\u201d, expres\u00f3.<\/p>\n\n\n\n<p>En ese sentido, el funcionario destac\u00f3 la necesidad de impulsar estrategias que permitan&nbsp;<strong>mitigar los efectos del cambio clim\u00e1tico<\/strong>&nbsp;a trav\u00e9s de la planeaci\u00f3n y el desarrollo urbano.<\/p>\n\n\n\n<p>Asimismo,&nbsp;<strong>Fajardo<\/strong>&nbsp;llam\u00f3 a crear sinergias para regular el&nbsp;<strong>ordenamiento territorial de las zonas metropolitanas<\/strong>&nbsp;con perspectiva ambiental y cambio clim\u00e1tico, a fin de que la poblaci\u00f3n se desarrolle en espacios saludables y sustentables.<\/p>\n\n\n\n<p>Por su parte,&nbsp;<strong>V\u00edctor Hugo P\u00e1ramo, coordinador ejecutivo de la CAMe<\/strong>, mencion\u00f3 que la comisi\u00f3n ha trabajado, por m\u00e1s de una d\u00e9cada, en la armonizaci\u00f3n de acciones y programas para atender diversas&nbsp;<strong>problem\u00e1ticas ambientales<\/strong>.<\/p>\n\n\n\n<p>Y, de igual manera, mencion\u00f3 que se ha impulsado una&nbsp;<strong>movilidad sostenible<\/strong>&nbsp;y equitativa con veh\u00edculos cero emisiones en las ciudades de la megal\u00f3polis.<\/p>\n\n\n\n<p>\u201cEstos problemas tienen una \u00edntima relaci\u00f3n con la&nbsp;<strong>planeaci\u00f3n del desarrollo urbano<\/strong>&nbsp;y el&nbsp;<strong>ordenamiento territorial<\/strong>, por lo que se considera que las pol\u00edticas enfocadas a limitar la expansi\u00f3n urbana, la mezcla de usos del suelo, la ampliaci\u00f3n y creaci\u00f3n de parques y jardines, y el ordenamiento territorial tienen un impacto en la calidad del aire, as\u00ed como la adaptaci\u00f3n y mitigaci\u00f3n al cambio clim\u00e1tico\u201d, expres\u00f3.<\/p>\n\n\n\n<p>Cabe mencionar que, durante el foro se present\u00f3 el documento&nbsp;<strong>Metr\u00f3polis de M\u00e9xico 2020: el caso de la Megal\u00f3polis<\/strong>, que incluye un an\u00e1lisis focalizado de los territorios que la conforman, derivado del trabajo interinstitucional del Consejo Nacional de Poblaci\u00f3n (Conapo), el Instituto Nacional de Estad\u00edstica y Geograf\u00eda (Inegi) y la Sedatu.<\/p>\n\n\n\n<figure class=\"wp-block-image aligncenter\"><a href=\"https:\/\/centrourbano.com\/revista\/wp-content\/uploads\/daniel-fajardo.jpeg\" target=\"_blank\" rel=\"noreferrer noopener nofollow\"><img decoding=\"async\" src=\"https:\/\/centrourbano.com\/revista\/wp-content\/uploads\/daniel-fajardo.jpeg\" alt=\"Planeaci\u00f3n, fundamental para proteger medio ambiente: Sedatu - daniel fajardo\" class=\"wp-image-146650\" title=\"Planeaci\u00f3n, fundamental para proteger medio ambiente: Sedatu 2\"\/><\/a><\/figure>\n\n\n\n<p><a href=\"https:\/\/centrourbano.com\/author\/fernanda-hernandez\/\" rel=\"nofollow noopener\" target=\"_blank\"><\/a><\/p>\n","protected":false},"excerpt":{"rendered":"<p>Por: Fernanda Hern\u00e1ndez Daniel Fajardo destac\u00f3 la necesidad de impulsar estrategias para mitigar los efectos del cambio clim\u00e1tico a trav\u00e9s de la planeaci\u00f3n y el desarrollo urbano Al participar en el foro \u2018Estrategia General para la Planeaci\u00f3n del Territorio\u2019, organizado con la Comisi\u00f3n Ambiental de la Megal\u00f3polis (CAMe), el&nbsp;subsecretario de Desarrollo Urbano y Vivienda de [&hellip;]<\/p>\n","protected":false},"author":1,"featured_media":14226,"comment_status":"open","ping_status":"closed","sticky":false,"template":"","format":"standard","meta":{"site-sidebar-layout":"default","site-content-layout":"","ast-site-content-layout":"default","site-content-style":"default","site-sidebar-style":"default","ast-global-header-display":"","ast-banner-title-visibility":"","ast-main-header-display":"","ast-hfb-above-header-display":"","ast-hfb-below-header-display":"","ast-hfb-mobile-header-display":"","site-post-title":"","ast-breadcrumbs-content":"","ast-featured-img":"","footer-sml-layout":"","ast-disable-related-posts":"","theme-transparent-header-meta":"","adv-header-id-meta":"","stick-header-meta":"","header-above-stick-meta":"","header-main-stick-meta":"","header-below-stick-meta":"","astra-migrate-meta-layouts":"set","ast-page-background-enabled":"default","ast-page-background-meta":{"desktop":{"background-color":"var(--ast-global-color-4)","background-image":"","background-repeat":"repeat","background-position":"center center","background-size":"auto","background-attachment":"scroll","background-type":"","background-media":"","overlay-type":"","overlay-color":"","overlay-opacity":"","overlay-gradient":""},"tablet":{"background-color":"","background-image":"","background-repeat":"repeat","background-position":"center center","background-size":"auto","background-attachment":"scroll","background-type":"","background-media":"","overlay-type":"","overlay-color":"","overlay-opacity":"","overlay-gradient":""},"mobile":{"background-color":"","background-image":"","background-repeat":"repeat","background-position":"center center","background-size":"auto","background-attachment":"scroll","background-type":"","background-media":"","overlay-type":"","overlay-color":"","overlay-opacity":"","overlay-gradient":""}},"ast-content-background-meta":{"desktop":{"background-color":"var(--ast-global-color-5)","background-image":"","background-repeat":"repeat","background-position":"center center","background-size":"auto","background-attachment":"scroll","background-type":"","background-media":"","overlay-type":"","overlay-color":"","overlay-opacity":"","overlay-gradient":""},"tablet":{"background-color":"var(--ast-global-color-5)","background-image":"","background-repeat":"repeat","background-position":"center center","background-size":"auto","background-attachment":"scroll","background-type":"","background-media":"","overlay-type":"","overlay-color":"","overlay-opacity":"","overlay-gradient":""},"mobile":{"background-color":"var(--ast-global-color-5)","background-image":"","background-repeat":"repeat","background-position":"center center","background-size":"auto","background-attachment":"scroll","background-type":"","background-media":"","overlay-type":"","overlay-color":"","overlay-opacity":"","overlay-gradient":""}},"footnotes":""},"categories":[4],"tags":[5038,6060,793,4007,6061,6059,154,6062],"class_list":["post-14225","post","type-post","status-publish","format-standard","has-post-thumbnail","hentry","category-noticias","tag-daniel-fajardo-ortiz-2","tag-estrategia-general-para-la-planeacion-del-territorio","tag-inegi","tag-planeacion-2","tag-planeacion-de-desarrollo-urbano","tag-proteccion-de-medio-ambiente","tag-sedatu","tag-victor-hugo-paramo"],"_links":{"self":[{"href":"https:\/\/hombresymujeresdelacasa.com\/home\/wp-json\/wp\/v2\/posts\/14225","targetHints":{"allow":["GET"]}}],"collection":[{"href":"https:\/\/hombresymujeresdelacasa.com\/home\/wp-json\/wp\/v2\/posts"}],"about":[{"href":"https:\/\/hombresymujeresdelacasa.com\/home\/wp-json\/wp\/v2\/types\/post"}],"author":[{"embeddable":true,"href":"https:\/\/hombresymujeresdelacasa.com\/home\/wp-json\/wp\/v2\/users\/1"}],"replies":[{"embeddable":true,"href":"https:\/\/hombresymujeresdelacasa.com\/home\/wp-json\/wp\/v2\/comments?post=14225"}],"version-history":[{"count":1,"href":"https:\/\/hombresymujeresdelacasa.com\/home\/wp-json\/wp\/v2\/posts\/14225\/revisions"}],"predecessor-version":[{"id":14227,"href":"https:\/\/hombresymujeresdelacasa.com\/home\/wp-json\/wp\/v2\/posts\/14225\/revisions\/14227"}],"wp:featuredmedia":[{"embeddable":true,"href":"https:\/\/hombresymujeresdelacasa.com\/home\/wp-json\/wp\/v2\/media\/14226"}],"wp:attachment":[{"href":"https:\/\/hombresymujeresdelacasa.com\/home\/wp-json\/wp\/v2\/media?parent=14225"}],"wp:term":[{"taxonomy":"category","embeddable":true,"href":"https:\/\/hombresymujeresdelacasa.com\/home\/wp-json\/wp\/v2\/categories?post=14225"},{"taxonomy":"post_tag","embeddable":true,"href":"https:\/\/hombresymujeresdelacasa.com\/home\/wp-json\/wp\/v2\/tags?post=14225"}],"curies":[{"name":"wp","href":"https:\/\/api.w.org\/{rel}","templated":true}]}}