{"id":14210,"date":"2024-02-28T14:50:26","date_gmt":"2024-02-28T20:50:26","guid":{"rendered":"https:\/\/hombresymujeresdelacasa.com\/home\/?p=14210"},"modified":"2024-02-28T14:50:35","modified_gmt":"2024-02-28T20:50:35","slug":"infonavit-pintara-murales-en-26-unidades-habitacionales","status":"publish","type":"post","link":"https:\/\/hombresymujeresdelacasa.com\/home\/infonavit-pintara-murales-en-26-unidades-habitacionales\/","title":{"rendered":"Infonavit pintar\u00e1 murales en 26 unidades habitacionales"},"content":{"rendered":"\n<p>Por: Fernanda Hern\u00e1ndez<\/p>\n\n\n\n<p><em>Unidad Mural pretende fomentar la reflexi\u00f3n y la transformaci\u00f3n del tejido social a trav\u00e9s del arte urbano\u201d, dijo el director del Infonavit<\/em><\/p>\n\n\n\n<p>El&nbsp;<strong>Instituto del Fondo Nacional de la Vivienda para los Trabajadores<\/strong>&nbsp;(<strong>Infonavit<\/strong>), a trav\u00e9s del&nbsp;<strong>Espacio Cultural Infonavit<\/strong>&nbsp;(<strong>ECI<\/strong>), present\u00f3 el proyecto&nbsp;<strong>Unidad Mural<\/strong>, con el que se realizar\u00e1n murales en 26 unidades habitacionales de 20 municipios del pa\u00eds.<\/p>\n\n\n\n<p>Al respecto,&nbsp;<strong><a href=\"https:\/\/www.facebook.com\/watch\/live\/?ref=watch_permalink&amp;v=426670433144056&amp;t=0\" target=\"_blank\" rel=\"noreferrer noopener nofollow\">Carlos Mart\u00ednez Vel\u00e1zquez<\/a>, director general del Instituto<\/strong>, explic\u00f3 que, mediante&nbsp;<strong>Unidad Mural<\/strong>, se busca impulsar y promover el derecho a la ciudad, a trav\u00e9s de la generaci\u00f3n de identidad colectiva y la concientizaci\u00f3n de la poblaci\u00f3n sobre la importancia que tiene el espacio p\u00fablico en la calidad de vida y el bienestar de las familias.<\/p>\n\n\n\n<p>\u201c<strong>Unidad Mural<\/strong>&nbsp;pretende fomentar el di\u00e1logo, la reflexi\u00f3n y la transformaci\u00f3n del tejido social a trav\u00e9s del arte urbano y talleres participativos. Adem\u00e1s, tambi\u00e9n tiene como objetivo promover el derecho a la ciudad y el h\u00e1bitat digno, llevando a cabo intervenciones art\u00edsticas en las unidades habitacionales\u201d, dijo.<\/p>\n\n\n\n<p>Por su parte,&nbsp;<strong>Alejandra de la Mora, gerente del ECI<\/strong>, detall\u00f3 que los objetivos de la iniciativa son:<\/p>\n\n\n\n<ul class=\"wp-block-list\">\n<li>Transformar la&nbsp;<strong>imagen urbana<\/strong>&nbsp;de las unidades habitacionales por medio del trabajo comunitario.<\/li>\n\n\n\n<li>Dignificar los&nbsp;<strong>espacios p\u00fablicos<\/strong>&nbsp;a trav\u00e9s del arte y la cultura.<\/li>\n\n\n\n<li>Fortalecer el&nbsp;<strong>sentido de orgullo, pertenencia, arraigo y comunidad<\/strong>.<\/li>\n\n\n\n<li>Impulsar el trabajo de&nbsp;<strong>artistas locales y agentes culturales locales<\/strong>.<\/li>\n<\/ul>\n\n\n\n<p>Asimismo, destac\u00f3 que, con&nbsp;<strong>Unidad Mural<\/strong>&nbsp;se contempla la realizaci\u00f3n de 30 murales con una superficie total de 4,500 metros cuadrados, mismos que ser\u00e1n elaborados por artistas locales, a partir de bocetos creados en talleres participativos con la comunidad.<\/p>\n\n\n\n<p>Cabe mencionar que esta iniciativa forma parte de la campa\u00f1a \u2018<strong>Est\u00e9s en donde est\u00e9s\u2019<\/strong>&nbsp;del Infonavit, y se llevar\u00e1 a cabo del 2 de marzo al 25 de mayo.<\/p>\n\n\n\n<p>Las unidades habitaciones donde se implementar\u00e1&nbsp;<strong>Unidad Mural<\/strong>&nbsp;son:<\/p>\n\n\n\n<ul class=\"wp-block-list\">\n<li>Balcones de Alcal\u00e1<\/li>\n\n\n\n<li>Ciudad Caucel<\/li>\n\n\n\n<li>Ciudad Natura<\/li>\n\n\n\n<li>CTM Culhuac\u00e1n<\/li>\n\n\n\n<li>El Rosario<\/li>\n\n\n\n<li>Fraccionamiento Villas del Refugio<\/li>\n\n\n\n<li>Le\u00f3n II<\/li>\n\n\n\n<li>Lomas del Ajedrez<\/li>\n\n\n\n<li>Paseo de las Palmas II<\/li>\n\n\n\n<li>Real de San Jos\u00e9 (Ciudadela)<\/li>\n\n\n\n<li>Real Solare<\/li>\n\n\n\n<li>Riberas del Sacramento<\/li>\n\n\n\n<li>San Francisco Coacalco<\/li>\n\n\n\n<li>San Nicol\u00e1s<\/li>\n\n\n\n<li>Santa Cruz Amilpas<\/li>\n\n\n\n<li>Unidad Habitacional Lomas de Cort\u00e9s<\/li>\n\n\n\n<li>Unidad Habitacional Los Reyes Iztacala<\/li>\n\n\n\n<li>Unidad Habitacional Teopanzolco<\/li>\n\n\n\n<li>Unidad Infonavit Iztacalco<\/li>\n\n\n\n<li>Villa California<\/li>\n\n\n\n<li>Villa Fontana<\/li>\n\n\n\n<li>Villa Fontana Diamante<\/li>\n\n\n\n<li>Villas de Nuestra Se\u00f1ora de la Asunci\u00f3n<\/li>\n\n\n\n<li>Villas del Pedregal<\/li>\n\n\n\n<li>Vistas del Norte<\/li>\n\n\n\n<li>Wallis<\/li>\n<\/ul>\n\n\n\n<figure class=\"wp-block-image aligncenter\"><a href=\"https:\/\/centrourbano.com\/revista\/wp-content\/uploads\/WhatsApp-Image-2024-02-27-at-20.00.54.jpeg\" target=\"_blank\" rel=\"noreferrer noopener nofollow\"><img decoding=\"async\" src=\"https:\/\/centrourbano.com\/revista\/wp-content\/uploads\/WhatsApp-Image-2024-02-27-at-20.00.54.jpeg\" alt=\"Infonavit pintar\u00e1 murales en 26 unidades habitacionales - WhatsApp Image 2024 02 27 at 20.00.54\" class=\"wp-image-146596\" title=\"Infonavit pintar\u00e1 murales en 26 unidades habitacionales 2\"\/><\/a><\/figure>\n\n\n\n<p><a href=\"https:\/\/centrourbano.com\/author\/fernanda-hernandez\/\" rel=\"nofollow noopener\" target=\"_blank\"><\/a><\/p>\n","protected":false},"excerpt":{"rendered":"<p>Por: Fernanda Hern\u00e1ndez Unidad Mural pretende fomentar la reflexi\u00f3n y la transformaci\u00f3n del tejido social a trav\u00e9s del arte urbano\u201d, dijo el director del Infonavit El&nbsp;Instituto del Fondo Nacional de la Vivienda para los Trabajadores&nbsp;(Infonavit), a trav\u00e9s del&nbsp;Espacio Cultural Infonavit&nbsp;(ECI), present\u00f3 el proyecto&nbsp;Unidad Mural, con el que se realizar\u00e1n murales en 26 unidades habitacionales de [&hellip;]<\/p>\n","protected":false},"author":1,"featured_media":14211,"comment_status":"open","ping_status":"closed","sticky":false,"template":"","format":"standard","meta":{"site-sidebar-layout":"default","site-content-layout":"","ast-site-content-layout":"default","site-content-style":"default","site-sidebar-style":"default","ast-global-header-display":"","ast-banner-title-visibility":"","ast-main-header-display":"","ast-hfb-above-header-display":"","ast-hfb-below-header-display":"","ast-hfb-mobile-header-display":"","site-post-title":"","ast-breadcrumbs-content":"","ast-featured-img":"","footer-sml-layout":"","ast-disable-related-posts":"","theme-transparent-header-meta":"","adv-header-id-meta":"","stick-header-meta":"","header-above-stick-meta":"","header-main-stick-meta":"","header-below-stick-meta":"","astra-migrate-meta-layouts":"set","ast-page-background-enabled":"default","ast-page-background-meta":{"desktop":{"background-color":"var(--ast-global-color-4)","background-image":"","background-repeat":"repeat","background-position":"center center","background-size":"auto","background-attachment":"scroll","background-type":"","background-media":"","overlay-type":"","overlay-color":"","overlay-opacity":"","overlay-gradient":""},"tablet":{"background-color":"","background-image":"","background-repeat":"repeat","background-position":"center center","background-size":"auto","background-attachment":"scroll","background-type":"","background-media":"","overlay-type":"","overlay-color":"","overlay-opacity":"","overlay-gradient":""},"mobile":{"background-color":"","background-image":"","background-repeat":"repeat","background-position":"center center","background-size":"auto","background-attachment":"scroll","background-type":"","background-media":"","overlay-type":"","overlay-color":"","overlay-opacity":"","overlay-gradient":""}},"ast-content-background-meta":{"desktop":{"background-color":"var(--ast-global-color-5)","background-image":"","background-repeat":"repeat","background-position":"center center","background-size":"auto","background-attachment":"scroll","background-type":"","background-media":"","overlay-type":"","overlay-color":"","overlay-opacity":"","overlay-gradient":""},"tablet":{"background-color":"var(--ast-global-color-5)","background-image":"","background-repeat":"repeat","background-position":"center center","background-size":"auto","background-attachment":"scroll","background-type":"","background-media":"","overlay-type":"","overlay-color":"","overlay-opacity":"","overlay-gradient":""},"mobile":{"background-color":"var(--ast-global-color-5)","background-image":"","background-repeat":"repeat","background-position":"center center","background-size":"auto","background-attachment":"scroll","background-type":"","background-media":"","overlay-type":"","overlay-color":"","overlay-opacity":"","overlay-gradient":""}},"footnotes":""},"categories":[4],"tags":[6056,1165,102,6055],"class_list":["post-14210","post","type-post","status-publish","format-standard","has-post-thumbnail","hentry","category-noticias","tag-alejandra-de-la-mora","tag-carlos-martinez-velazquez","tag-infonavit","tag-murales"],"_links":{"self":[{"href":"https:\/\/hombresymujeresdelacasa.com\/home\/wp-json\/wp\/v2\/posts\/14210","targetHints":{"allow":["GET"]}}],"collection":[{"href":"https:\/\/hombresymujeresdelacasa.com\/home\/wp-json\/wp\/v2\/posts"}],"about":[{"href":"https:\/\/hombresymujeresdelacasa.com\/home\/wp-json\/wp\/v2\/types\/post"}],"author":[{"embeddable":true,"href":"https:\/\/hombresymujeresdelacasa.com\/home\/wp-json\/wp\/v2\/users\/1"}],"replies":[{"embeddable":true,"href":"https:\/\/hombresymujeresdelacasa.com\/home\/wp-json\/wp\/v2\/comments?post=14210"}],"version-history":[{"count":1,"href":"https:\/\/hombresymujeresdelacasa.com\/home\/wp-json\/wp\/v2\/posts\/14210\/revisions"}],"predecessor-version":[{"id":14212,"href":"https:\/\/hombresymujeresdelacasa.com\/home\/wp-json\/wp\/v2\/posts\/14210\/revisions\/14212"}],"wp:featuredmedia":[{"embeddable":true,"href":"https:\/\/hombresymujeresdelacasa.com\/home\/wp-json\/wp\/v2\/media\/14211"}],"wp:attachment":[{"href":"https:\/\/hombresymujeresdelacasa.com\/home\/wp-json\/wp\/v2\/media?parent=14210"}],"wp:term":[{"taxonomy":"category","embeddable":true,"href":"https:\/\/hombresymujeresdelacasa.com\/home\/wp-json\/wp\/v2\/categories?post=14210"},{"taxonomy":"post_tag","embeddable":true,"href":"https:\/\/hombresymujeresdelacasa.com\/home\/wp-json\/wp\/v2\/tags?post=14210"}],"curies":[{"name":"wp","href":"https:\/\/api.w.org\/{rel}","templated":true}]}}