{"id":14195,"date":"2024-02-27T14:04:04","date_gmt":"2024-02-27T20:04:04","guid":{"rendered":"https:\/\/hombresymujeresdelacasa.com\/home\/?p=14195"},"modified":"2024-02-27T14:04:06","modified_gmt":"2024-02-27T20:04:06","slug":"de-que-va-el-plan-de-vivienda-de-amlo-esto-dice-el-infonavit","status":"publish","type":"post","link":"https:\/\/hombresymujeresdelacasa.com\/home\/de-que-va-el-plan-de-vivienda-de-amlo-esto-dice-el-infonavit\/","title":{"rendered":"\u00bfDe qu\u00e9 va el plan de vivienda de AMLO? Esto dice el Infonavit"},"content":{"rendered":"\n<p>Por: Fernanda Hern\u00e1ndez<\/p>\n\n\n\n<p><em>El titular del Infonavit explic\u00f3 que la iniciativa busca que el Infonavit complemente la oferta de vivienda disponible para los trabajadores<\/em><\/p>\n\n\n\n<p>El pasado 23 de febrero,&nbsp;<strong>Carlos Mart\u00ednez Vel\u00e1zquez, director general del Instituto del Fondo Nacional de la Vivienda para los Trabajadores<\/strong>&nbsp;(<strong>Infonavit<\/strong>), detall\u00f3 el nuevo plan de vivienda que se incluye en el paquete de reformas presentado por el presidente&nbsp;<strong>Andr\u00e9s Manuel L\u00f3pez Obrador<\/strong>&nbsp;a inicios de febrero.<\/p>\n\n\n\n<p>En conferencia matutina,&nbsp;<a href=\"https:\/\/twitter.com\/lopezobrador_\/status\/1761016795534950416\" target=\"_blank\" rel=\"noreferrer noopener nofollow\"><strong>Mart\u00ednez<\/strong><\/a>&nbsp;explic\u00f3 que esta iniciativa busca que el&nbsp;<strong>Infonavit<\/strong>&nbsp;complemente la oferta de vivienda disponible para los trabajadores de menores ingresos; esto mediante&nbsp;<strong>dos pilares<\/strong>&nbsp;principales.<\/p>\n\n\n\n<p>El primero de ellos es que el Infonavit pueda volver a&nbsp;<strong>construir vivienda cercana a los centros de trabajo<\/strong>&nbsp;y a menores costos.<\/p>\n\n\n\n<p>El directivo record\u00f3 que, en sexenios anteriores, se financiaban viviendas de 27 metros cuadrados (m\u00b2) y en las periferias, lo que obligaba a los trabajadores a vivir lejos de sus centros de trabajo y, por consiguiente, a pasar varias horas en el transporte p\u00fablico.<\/p>\n\n\n\n<p>\u201cEl&nbsp;<strong>Infonavit<\/strong>&nbsp;tendr\u00eda, por necesidad, que construir cerca de los centros de trabajo, en comunidades consolidadas y donde haya servicios, porque se trata de dar una garant\u00eda de la seguridad social. Con esto, y con los recursos disponibles que tiene el Instituto, se podr\u00edan construir&nbsp;<strong>hasta 75,000 viviendas al a\u00f1o<\/strong>&nbsp;y generar, con esto, 1 mill\u00f3n de empleos en el sector de la construcci\u00f3n\u201d, dijo.<\/p>\n\n\n\n<p>Asimismo, se\u00f1al\u00f3 que se puede colaborar con&nbsp;<strong>instituciones p\u00fablicas y privadas<\/strong>&nbsp;para obtener suelo disponible en las mejores ubicaciones para la construcci\u00f3n de vivienda de inter\u00e9s social.<\/p>\n\n\n\n<p>El segundo pilar del plan de vivienda tiene que ver con los derechos de los trabajadores, especialmente los j\u00f3venes; y consiste en que, tras un a\u00f1o de cotizar con el Infonavit, puedan acceder a un&nbsp;<strong>departamento en renta<\/strong>, cuyo costo no exceda el 30% de su salario.<\/p>\n\n\n\n<p>Adem\u00e1s, con esa renta se ir\u00e1 pagando ese departamento y, tras 10 a\u00f1os de ocuparlo, el trabajador tendr\u00e1 el&nbsp;<strong>derecho de adquirirlo a un bajo costo<\/strong>&nbsp;y considerando las rentas que ha pagado.<\/p>\n\n\n\n<p>\u201cEsto les permite a los trabajadores, sobre todo a los de menores ingresos, acceder a una renta; y con esto tambi\u00e9n ser\u00eda que&nbsp;<strong>quienes menos ganan, menos pagan<\/strong>, pues ser\u00eda dependiendo del salario de cada trabajador\u201d, agreg\u00f3.<\/p>\n\n\n\n<p>Adem\u00e1s,&nbsp;<strong>Mart\u00ednez<\/strong>&nbsp;destac\u00f3 que ya se cuenta con los&nbsp;<a href=\"https:\/\/centrourbano.com\/vivienda\/infonavit-800-mmdp-vivienda\/\" target=\"_blank\" rel=\"noreferrer noopener nofollow\">recursos para financiar esta iniciativa<\/a>, pues, gracias a la nueva pol\u00edtica salarial, el&nbsp;<strong>Infonavit<\/strong>&nbsp;ha registrado ingresos extraordinarios cada a\u00f1o, incluso superiores a los que se distribuyen en cr\u00e9dito.<\/p>\n\n\n\n<p>\u201cHemos acumulado, durante este sexenio, cerca de&nbsp;<strong>600,000 millones de pesos<\/strong>&nbsp;(mdp) derivado de que tenemos ingresos adicionales. Con eso, el&nbsp;<strong>Infonavit<\/strong>&nbsp;ha formado un fondo de inversi\u00f3n. La raz\u00f3n de ser de esta reforma es decir: \u2018bueno, \u00bfpor qu\u00e9 no podemos invertir en lo que est\u00e1 hecho el fondo?\u2019<\/p>\n\n\n\n<p>\u201c\u00bfCu\u00e1l es el objetivo del Infonavit? Dar vivienda a los trabajadores, ofrecer una opci\u00f3n de vivienda y financiamiento a los trabajadores, y, por eso, lo que se propone es contar con estos recursos que hoy suman cerca de&nbsp;<strong>700,000 mdp<\/strong>, que se pueda utilizar recursos para construir vivienda y as\u00ed cumplir el objetivo social que tiene el Instituto\u201d, finaliz\u00f3.<\/p>\n\n\n\n<p><a href=\"https:\/\/centrourbano.com\/author\/fernanda-hernandez\/\" rel=\"nofollow noopener\" target=\"_blank\"><\/a><\/p>\n","protected":false},"excerpt":{"rendered":"<p>Por: Fernanda Hern\u00e1ndez El titular del Infonavit explic\u00f3 que la iniciativa busca que el Infonavit complemente la oferta de vivienda disponible para los trabajadores El pasado 23 de febrero,&nbsp;Carlos Mart\u00ednez Vel\u00e1zquez, director general del Instituto del Fondo Nacional de la Vivienda para los Trabajadores&nbsp;(Infonavit), detall\u00f3 el nuevo plan de vivienda que se incluye en el [&hellip;]<\/p>\n","protected":false},"author":1,"featured_media":14196,"comment_status":"open","ping_status":"closed","sticky":false,"template":"","format":"standard","meta":{"site-sidebar-layout":"default","site-content-layout":"","ast-site-content-layout":"default","site-content-style":"default","site-sidebar-style":"default","ast-global-header-display":"","ast-banner-title-visibility":"","ast-main-header-display":"","ast-hfb-above-header-display":"","ast-hfb-below-header-display":"","ast-hfb-mobile-header-display":"","site-post-title":"","ast-breadcrumbs-content":"","ast-featured-img":"","footer-sml-layout":"","ast-disable-related-posts":"","theme-transparent-header-meta":"","adv-header-id-meta":"","stick-header-meta":"","header-above-stick-meta":"","header-main-stick-meta":"","header-below-stick-meta":"","astra-migrate-meta-layouts":"set","ast-page-background-enabled":"default","ast-page-background-meta":{"desktop":{"background-color":"var(--ast-global-color-4)","background-image":"","background-repeat":"repeat","background-position":"center center","background-size":"auto","background-attachment":"scroll","background-type":"","background-media":"","overlay-type":"","overlay-color":"","overlay-opacity":"","overlay-gradient":""},"tablet":{"background-color":"","background-image":"","background-repeat":"repeat","background-position":"center center","background-size":"auto","background-attachment":"scroll","background-type":"","background-media":"","overlay-type":"","overlay-color":"","overlay-opacity":"","overlay-gradient":""},"mobile":{"background-color":"","background-image":"","background-repeat":"repeat","background-position":"center center","background-size":"auto","background-attachment":"scroll","background-type":"","background-media":"","overlay-type":"","overlay-color":"","overlay-opacity":"","overlay-gradient":""}},"ast-content-background-meta":{"desktop":{"background-color":"var(--ast-global-color-5)","background-image":"","background-repeat":"repeat","background-position":"center center","background-size":"auto","background-attachment":"scroll","background-type":"","background-media":"","overlay-type":"","overlay-color":"","overlay-opacity":"","overlay-gradient":""},"tablet":{"background-color":"var(--ast-global-color-5)","background-image":"","background-repeat":"repeat","background-position":"center center","background-size":"auto","background-attachment":"scroll","background-type":"","background-media":"","overlay-type":"","overlay-color":"","overlay-opacity":"","overlay-gradient":""},"mobile":{"background-color":"var(--ast-global-color-5)","background-image":"","background-repeat":"repeat","background-position":"center center","background-size":"auto","background-attachment":"scroll","background-type":"","background-media":"","overlay-type":"","overlay-color":"","overlay-opacity":"","overlay-gradient":""}},"footnotes":""},"categories":[4],"tags":[866,3310,102,5407,177],"class_list":["post-14195","post","type-post","status-publish","format-standard","has-post-thumbnail","hentry","category-noticias","tag-amlo","tag-carlos-martinez-velazquez-2","tag-infonavit","tag-plan-de-vivienda","tag-vivienda"],"_links":{"self":[{"href":"https:\/\/hombresymujeresdelacasa.com\/home\/wp-json\/wp\/v2\/posts\/14195","targetHints":{"allow":["GET"]}}],"collection":[{"href":"https:\/\/hombresymujeresdelacasa.com\/home\/wp-json\/wp\/v2\/posts"}],"about":[{"href":"https:\/\/hombresymujeresdelacasa.com\/home\/wp-json\/wp\/v2\/types\/post"}],"author":[{"embeddable":true,"href":"https:\/\/hombresymujeresdelacasa.com\/home\/wp-json\/wp\/v2\/users\/1"}],"replies":[{"embeddable":true,"href":"https:\/\/hombresymujeresdelacasa.com\/home\/wp-json\/wp\/v2\/comments?post=14195"}],"version-history":[{"count":1,"href":"https:\/\/hombresymujeresdelacasa.com\/home\/wp-json\/wp\/v2\/posts\/14195\/revisions"}],"predecessor-version":[{"id":14197,"href":"https:\/\/hombresymujeresdelacasa.com\/home\/wp-json\/wp\/v2\/posts\/14195\/revisions\/14197"}],"wp:featuredmedia":[{"embeddable":true,"href":"https:\/\/hombresymujeresdelacasa.com\/home\/wp-json\/wp\/v2\/media\/14196"}],"wp:attachment":[{"href":"https:\/\/hombresymujeresdelacasa.com\/home\/wp-json\/wp\/v2\/media?parent=14195"}],"wp:term":[{"taxonomy":"category","embeddable":true,"href":"https:\/\/hombresymujeresdelacasa.com\/home\/wp-json\/wp\/v2\/categories?post=14195"},{"taxonomy":"post_tag","embeddable":true,"href":"https:\/\/hombresymujeresdelacasa.com\/home\/wp-json\/wp\/v2\/tags?post=14195"}],"curies":[{"name":"wp","href":"https:\/\/api.w.org\/{rel}","templated":true}]}}