{"id":14192,"date":"2024-02-27T13:52:23","date_gmt":"2024-02-27T19:52:23","guid":{"rendered":"https:\/\/hombresymujeresdelacasa.com\/home\/?p=14192"},"modified":"2024-02-27T13:52:27","modified_gmt":"2024-02-27T19:52:27","slug":"fitch-ratings-ratifica-altas-calificaciones-para-ruba","status":"publish","type":"post","link":"https:\/\/hombresymujeresdelacasa.com\/home\/fitch-ratings-ratifica-altas-calificaciones-para-ruba\/","title":{"rendered":"Fitch Ratings ratifica altas calificaciones para Ruba"},"content":{"rendered":"\n<p>Por: Fernanda Hern\u00e1ndez <\/p>\n\n\n\n<p><em>\u201cEste dictamen es, sin duda, un reconocimiento al desempe\u00f1o de Ruba, pues 2023 fue un a\u00f1o que nos demand\u00f3 muchos retos\u201d<\/em><\/p>\n\n\n\n<p>La calificadora&nbsp;<strong>Fitch Ratings<\/strong>&nbsp;ratific\u00f3 las calificaciones nacionales \u2018<a href=\"https:\/\/centrourbano.com\/vivienda\/fitch-ratings-calificacion-ruba\/\" target=\"_blank\" rel=\"noreferrer noopener nofollow\"><strong>AA-(mex)<\/strong><\/a>\u2019 con Perspectiva Estable y \u2018<strong>F1+(mex)<\/strong>\u2019, de largo y corto plazos, respectivamente, de la inmobiliaria&nbsp;<strong>Ruba<\/strong>.<\/p>\n\n\n\n<p>Al mismo tiempo, reafirm\u00f3 en \u2018<strong>F1+(mex)<\/strong>\u2019 la porci\u00f3n de corto plazo por hasta 500 millones de pesos del programa dual de certificados burs\u00e1tiles con car\u00e1cter revolvente.<\/p>\n\n\n\n<p>Al respecto, la agencia internacional precis\u00f3 que ambas calificaciones son&nbsp;<strong>las m\u00e1s altas del sector<\/strong>, e \u201cincorporan la posici\u00f3n fuerte de negocio dentro de los estados donde opera&nbsp;<strong>Ruba<\/strong>; as\u00ed como su capacidad de ajustarse a la demanda del mercado sin comprometer sus niveles de rentabilidad y crecimiento\u201d.<\/p>\n\n\n\n<p><strong>Fitch Ratings<\/strong>&nbsp;agreg\u00f3 que \u201c<strong>Ruba<\/strong>&nbsp;tambi\u00e9n incorpora su nivel bajo de apalancamiento, su s\u00f3lida generaci\u00f3n de Flujo Generado por las Operaciones (FGO) y el buen acceso que tiene a las diversas fuentes de financiamiento, que en conjunto se reflejan en una estructura fuerte de capital\u201d.<\/p>\n\n\n\n<p>De igual manera, la calificadora indic\u00f3 que las notas de&nbsp;<strong>Ruba<\/strong>&nbsp;respondieron a&nbsp;<strong>factores clave<\/strong>&nbsp;como la estructura de capital fuerte, la generaci\u00f3n s\u00f3lida de FGO, la diversificaci\u00f3n de ingresos adecuada, unos resultados operativos s\u00f3lidos, as\u00ed como flexibilidad y rentabilidad que apoyan el modelo de negocio y resultados expuestos a factores macro.<\/p>\n\n\n\n<p>\u201cCalificaciones que se sustentan en la diversificaci\u00f3n tanto geogr\u00e1fica como de producto, la flexibilidad que tiene para modificar su mezcla de ventas, la estructura s\u00f3lida de capital y los niveles bajos de apalancamiento\u201d, se\u00f1al\u00f3.<\/p>\n\n\n\n<p>Al recibir esta ratificaci\u00f3n de calificaciones de Fitch Ratings, el&nbsp;<strong>director general de Ruba, Jes\u00fas Sandoval Armenta<\/strong>, dijo que \u201ceste dictamen es, sin duda, un reconocimiento al desempe\u00f1o de toda la organizaci\u00f3n, pues 2023 fue un a\u00f1o que nos demand\u00f3 muchos retos; y refrenda nuestro compromiso para continuar en 2024 en la tendencia positiva de crecimiento ahora por 14 a\u00f1os consecutivos, privilegiando la salud financiera de la empresa y buscando mantener nuestro liderazgo en la industria de la vivienda en M\u00e9xico\u201d.<\/p>\n\n\n\n<p>Cabe mencionar que&nbsp;<strong>Ruba<\/strong>&nbsp;es considerada como una de las dos principales inmobiliarias del pa\u00eds en t\u00e9rminos de rentabilidad, ingresos y unidades, y, en 43 a\u00f1os de operaciones, ha dotado de vivienda titulada a m\u00e1s de 245,000 familias.<\/p>\n\n\n\n<p>Adem\u00e1s, la&nbsp;<a href=\"https:\/\/ruba.com.mx\/\" target=\"_blank\" rel=\"noreferrer noopener nofollow\">viviendera<\/a>&nbsp;es una&nbsp;<strong>Empresa Socialmente Responsable<\/strong>&nbsp;y una&nbsp;<strong>S\u00faper Empresa Expansi\u00f3n-Top Companies<\/strong>, y est\u00e1 certificada por el&nbsp;<strong>Great Place to Work Institute<\/strong>&nbsp;como uno de Los Mejores Lugares para Trabajar en M\u00e9xico en la categor\u00eda de 500 a 3,000 colaboradores.<\/p>\n\n\n\n<p><a href=\"https:\/\/centrourbano.com\/author\/fernanda-hernandez\/\" rel=\"nofollow noopener\" target=\"_blank\"><\/a><\/p>\n","protected":false},"excerpt":{"rendered":"<p>Por: Fernanda Hern\u00e1ndez \u201cEste dictamen es, sin duda, un reconocimiento al desempe\u00f1o de Ruba, pues 2023 fue un a\u00f1o que nos demand\u00f3 muchos retos\u201d La calificadora&nbsp;Fitch Ratings&nbsp;ratific\u00f3 las calificaciones nacionales \u2018AA-(mex)\u2019 con Perspectiva Estable y \u2018F1+(mex)\u2019, de largo y corto plazos, respectivamente, de la inmobiliaria&nbsp;Ruba. Al mismo tiempo, reafirm\u00f3 en \u2018F1+(mex)\u2019 la porci\u00f3n de corto [&hellip;]<\/p>\n","protected":false},"author":1,"featured_media":14193,"comment_status":"open","ping_status":"closed","sticky":false,"template":"","format":"standard","meta":{"site-sidebar-layout":"default","site-content-layout":"","ast-site-content-layout":"default","site-content-style":"default","site-sidebar-style":"default","ast-global-header-display":"","ast-banner-title-visibility":"","ast-main-header-display":"","ast-hfb-above-header-display":"","ast-hfb-below-header-display":"","ast-hfb-mobile-header-display":"","site-post-title":"","ast-breadcrumbs-content":"","ast-featured-img":"","footer-sml-layout":"","ast-disable-related-posts":"","theme-transparent-header-meta":"","adv-header-id-meta":"","stick-header-meta":"","header-above-stick-meta":"","header-main-stick-meta":"","header-below-stick-meta":"","astra-migrate-meta-layouts":"set","ast-page-background-enabled":"default","ast-page-background-meta":{"desktop":{"background-color":"var(--ast-global-color-4)","background-image":"","background-repeat":"repeat","background-position":"center center","background-size":"auto","background-attachment":"scroll","background-type":"","background-media":"","overlay-type":"","overlay-color":"","overlay-opacity":"","overlay-gradient":""},"tablet":{"background-color":"","background-image":"","background-repeat":"repeat","background-position":"center center","background-size":"auto","background-attachment":"scroll","background-type":"","background-media":"","overlay-type":"","overlay-color":"","overlay-opacity":"","overlay-gradient":""},"mobile":{"background-color":"","background-image":"","background-repeat":"repeat","background-position":"center center","background-size":"auto","background-attachment":"scroll","background-type":"","background-media":"","overlay-type":"","overlay-color":"","overlay-opacity":"","overlay-gradient":""}},"ast-content-background-meta":{"desktop":{"background-color":"var(--ast-global-color-5)","background-image":"","background-repeat":"repeat","background-position":"center center","background-size":"auto","background-attachment":"scroll","background-type":"","background-media":"","overlay-type":"","overlay-color":"","overlay-opacity":"","overlay-gradient":""},"tablet":{"background-color":"var(--ast-global-color-5)","background-image":"","background-repeat":"repeat","background-position":"center center","background-size":"auto","background-attachment":"scroll","background-type":"","background-media":"","overlay-type":"","overlay-color":"","overlay-opacity":"","overlay-gradient":""},"mobile":{"background-color":"var(--ast-global-color-5)","background-image":"","background-repeat":"repeat","background-position":"center center","background-size":"auto","background-attachment":"scroll","background-type":"","background-media":"","overlay-type":"","overlay-color":"","overlay-opacity":"","overlay-gradient":""}},"footnotes":""},"categories":[4],"tags":[764,3102,137,420],"class_list":["post-14192","post","type-post","status-publish","format-standard","has-post-thumbnail","hentry","category-noticias","tag-fitch-ratings","tag-jesus-sandoval-armenta","tag-ruba","tag-viviendera"],"_links":{"self":[{"href":"https:\/\/hombresymujeresdelacasa.com\/home\/wp-json\/wp\/v2\/posts\/14192","targetHints":{"allow":["GET"]}}],"collection":[{"href":"https:\/\/hombresymujeresdelacasa.com\/home\/wp-json\/wp\/v2\/posts"}],"about":[{"href":"https:\/\/hombresymujeresdelacasa.com\/home\/wp-json\/wp\/v2\/types\/post"}],"author":[{"embeddable":true,"href":"https:\/\/hombresymujeresdelacasa.com\/home\/wp-json\/wp\/v2\/users\/1"}],"replies":[{"embeddable":true,"href":"https:\/\/hombresymujeresdelacasa.com\/home\/wp-json\/wp\/v2\/comments?post=14192"}],"version-history":[{"count":1,"href":"https:\/\/hombresymujeresdelacasa.com\/home\/wp-json\/wp\/v2\/posts\/14192\/revisions"}],"predecessor-version":[{"id":14194,"href":"https:\/\/hombresymujeresdelacasa.com\/home\/wp-json\/wp\/v2\/posts\/14192\/revisions\/14194"}],"wp:featuredmedia":[{"embeddable":true,"href":"https:\/\/hombresymujeresdelacasa.com\/home\/wp-json\/wp\/v2\/media\/14193"}],"wp:attachment":[{"href":"https:\/\/hombresymujeresdelacasa.com\/home\/wp-json\/wp\/v2\/media?parent=14192"}],"wp:term":[{"taxonomy":"category","embeddable":true,"href":"https:\/\/hombresymujeresdelacasa.com\/home\/wp-json\/wp\/v2\/categories?post=14192"},{"taxonomy":"post_tag","embeddable":true,"href":"https:\/\/hombresymujeresdelacasa.com\/home\/wp-json\/wp\/v2\/tags?post=14192"}],"curies":[{"name":"wp","href":"https:\/\/api.w.org\/{rel}","templated":true}]}}