{"id":13320,"date":"2023-11-14T18:08:01","date_gmt":"2023-11-15T00:08:01","guid":{"rendered":"https:\/\/hombresymujeresdelacasa.com\/home\/?p=13320"},"modified":"2023-11-15T10:35:36","modified_gmt":"2023-11-15T16:35:36","slug":"vivienda-prioridad-en-la-reconstruccion-de-guerrero-cnv-centro-urbano","status":"publish","type":"post","link":"https:\/\/hombresymujeresdelacasa.com\/home\/vivienda-prioridad-en-la-reconstruccion-de-guerrero-cnv-centro-urbano\/","title":{"rendered":"Vivienda, prioridad en la reconstrucci\u00f3n de Guerrero: CNV &#8211; Centro Urbano"},"content":{"rendered":"\n<p>Por: Fernanda Hern\u00e1ndez <\/p>\n\n\n\n<p><em>\u201cEstamos trabajando de lleno en la reconstrucci\u00f3n, contemplando una planeaci\u00f3n segura con enfoque de riesgo a futuro\u201d, dijo el titular de la Sedatu<\/em><\/p>\n\n\n\n<p>Durante la<strong>&nbsp;Segunda Sesi\u00f3n Ordinaria 2023 del Consejo Nacional de Vivienda<\/strong>&nbsp;(<a href=\"https:\/\/www.facebook.com\/SEDATU.Mexico\/videos\/2103022720046625\" target=\"_blank\" rel=\"noreferrer noopener nofollow\"><strong>CNV<\/strong><\/a>), los participantes dialogaron en torno a las acciones espec\u00edficas tras la Declaratoria de Emergencia por Desastre Natural en el estado de Guerrero.<\/p>\n\n\n\n<p>Al respecto, el&nbsp;<strong>subsecretario de Desarrollo Democr\u00e1tico, Participaci\u00f3n Social y Asuntos Religiosos de la Secretar\u00eda de Gobernaci\u00f3n<\/strong>&nbsp;(<strong>Segob<\/strong>),&nbsp;<strong>C\u00e9sar Y\u00e1\u00f1ez Centeno<\/strong>, asegur\u00f3 que la&nbsp;<strong>vivienda<\/strong>&nbsp;es uno de los temas prioritarios en la reconstrucci\u00f3n de las zonas afectadas por el hurac\u00e1n Otis en la entidad, por lo que el trabajo conjunto debe fortalecerse: \u201cestamos en un momento cr\u00edtico y se requiere la participaci\u00f3n de todas y todos\u201d, expres\u00f3.<\/p>\n\n\n\n<p>Por su parte, el&nbsp;<strong>titular de la Secretar\u00eda de Desarrollo Agrario, Territorial y Urbano (Sedatu), Rom\u00e1n Meyer Falc\u00f3n<\/strong>, inform\u00f3 que se trabaja en un proceso de reconstrucci\u00f3n, reactivaci\u00f3n econ\u00f3mica y planeaci\u00f3n segura en los municipios de&nbsp;<a href=\"https:\/\/centrourbano.com\/construccion\/inversion-reconstruccion-acapulco\/\" target=\"_blank\" rel=\"noreferrer noopener nofollow\"><strong>Acapulco<\/strong>&nbsp;y&nbsp;<strong>Coyuca de Ben\u00edtez<\/strong><\/a>, luego de la devastaci\u00f3n causada por el hurac\u00e1n.<\/p>\n\n\n\n<p>\u201cEstamos trabajando de lleno en la&nbsp;<strong>reconstrucci\u00f3n<\/strong>, contemplando una planeaci\u00f3n segura con enfoque de riesgo a futuro; estos procesos se encuentran centrados en las acciones que realizamos d\u00eda a d\u00eda en el puerto desde la semana pasada\u201d, dijo.<\/p>\n\n\n\n<p>Asimismo, indic\u00f3 que, en coordinaci\u00f3n con las&nbsp;<strong>Secretar\u00edas de Gobernaci\u00f3n, Bienestar, Trabajo y Previsi\u00f3n Social, el gobierno estatal y gobiernos locales<\/strong>, se realizan acciones de limpieza en ambos municipios; adem\u00e1s de que contin\u00faa el levantamiento de informaci\u00f3n y censos de los espacios p\u00fablicos afectados por el hurac\u00e1n. \u201cHasta el momento hay m\u00e1s de 200 equipamientos que sufrieron da\u00f1os considerables\u201d, agreg\u00f3.<\/p>\n\n\n\n<p>En su intervenci\u00f3n, el&nbsp;<strong>subsecretario de Desarrollo Urbano y Vivienda de la Sedatu<\/strong>,&nbsp;<strong>Daniel<\/strong>&nbsp;<strong>Fajardo<\/strong>, report\u00f3 que se han identificado focos de atenci\u00f3n prioritaria en las colonias afectadas, y se contin\u00faa gestionando el retiro de residuos s\u00f3lidos para evitar riesgos sanitarios a la poblaci\u00f3n.<\/p>\n\n\n\n<p>Por otro lado, el&nbsp;<strong>director general del Instituto del Fondo Nacional de la Vivienda para los Trabajadores<\/strong>&nbsp;(<strong>Infonavit<\/strong>),&nbsp;<strong>Carlos Mart\u00ednez<\/strong>, mencion\u00f3 que en diciembre de este a\u00f1o ya se habr\u00e1 atendido a todos los acreditados que viven y trabajan en Acapulco y Coyuca; y record\u00f3 que los cr\u00e9ditos se mantendr\u00e1n vigentes gracias a que se suspendieron los pagos hasta mayo de 2024.<\/p>\n\n\n\n<p>El&nbsp;<strong>vocal ejecutivo del Fondo de la Vivienda del ISSSTE<\/strong>&nbsp;(<strong>Fovissste<\/strong>),&nbsp;<strong>C\u00e9sar Buenrostro<\/strong>&nbsp;<strong>Moreno<\/strong>, mencion\u00f3 que las acciones de apoyo en la zona comprenden la suspensi\u00f3n de los descuentos y pagos durante seis meses sin generaci\u00f3n de intereses; lo que beneficiar\u00e1 a 18,755 personas.<\/p>\n\n\n\n<p>En tanto, la&nbsp;<strong>diputada federal Lilia Aguilar Gil, presidenta de la Comisi\u00f3n de Vivienda<\/strong>, destac\u00f3 la importancia de reconstruir y planear a futuro para evitar que las familias vuelvan a estar en riesgo a causa de los fen\u00f3menos naturales. Por ello, hizo un llamado a los integrantes de la CNV para analizar e impulsar propuestas en la materia para que se conviertan en pol\u00edticas p\u00fablicas en favor de las familias mexicanas.<\/p>\n","protected":false},"excerpt":{"rendered":"<p>Por: Fernanda Hern\u00e1ndez \u201cEstamos trabajando de lleno en la reconstrucci\u00f3n, contemplando una planeaci\u00f3n segura con enfoque de riesgo a futuro\u201d, dijo el titular de la Sedatu Durante la&nbsp;Segunda Sesi\u00f3n Ordinaria 2023 del Consejo Nacional de Vivienda&nbsp;(CNV), los participantes dialogaron en torno a las acciones espec\u00edficas tras la Declaratoria de Emergencia por Desastre Natural en el [&hellip;]<\/p>\n","protected":false},"author":1,"featured_media":13321,"comment_status":"open","ping_status":"closed","sticky":false,"template":"","format":"standard","meta":{"site-sidebar-layout":"default","site-content-layout":"","ast-site-content-layout":"default","site-content-style":"default","site-sidebar-style":"default","ast-global-header-display":"","ast-banner-title-visibility":"","ast-main-header-display":"","ast-hfb-above-header-display":"","ast-hfb-below-header-display":"","ast-hfb-mobile-header-display":"","site-post-title":"","ast-breadcrumbs-content":"","ast-featured-img":"","footer-sml-layout":"","ast-disable-related-posts":"","theme-transparent-header-meta":"","adv-header-id-meta":"","stick-header-meta":"","header-above-stick-meta":"","header-main-stick-meta":"","header-below-stick-meta":"","astra-migrate-meta-layouts":"set","ast-page-background-enabled":"default","ast-page-background-meta":{"desktop":{"background-color":"var(--ast-global-color-4)","background-image":"","background-repeat":"repeat","background-position":"center center","background-size":"auto","background-attachment":"scroll","background-type":"","background-media":"","overlay-type":"","overlay-color":"","overlay-opacity":"","overlay-gradient":""},"tablet":{"background-color":"","background-image":"","background-repeat":"repeat","background-position":"center center","background-size":"auto","background-attachment":"scroll","background-type":"","background-media":"","overlay-type":"","overlay-color":"","overlay-opacity":"","overlay-gradient":""},"mobile":{"background-color":"","background-image":"","background-repeat":"repeat","background-position":"center center","background-size":"auto","background-attachment":"scroll","background-type":"","background-media":"","overlay-type":"","overlay-color":"","overlay-opacity":"","overlay-gradient":""}},"ast-content-background-meta":{"desktop":{"background-color":"var(--ast-global-color-5)","background-image":"","background-repeat":"repeat","background-position":"center center","background-size":"auto","background-attachment":"scroll","background-type":"","background-media":"","overlay-type":"","overlay-color":"","overlay-opacity":"","overlay-gradient":""},"tablet":{"background-color":"var(--ast-global-color-5)","background-image":"","background-repeat":"repeat","background-position":"center center","background-size":"auto","background-attachment":"scroll","background-type":"","background-media":"","overlay-type":"","overlay-color":"","overlay-opacity":"","overlay-gradient":""},"mobile":{"background-color":"var(--ast-global-color-5)","background-image":"","background-repeat":"repeat","background-position":"center center","background-size":"auto","background-attachment":"scroll","background-type":"","background-media":"","overlay-type":"","overlay-color":"","overlay-opacity":"","overlay-gradient":""}},"footnotes":""},"categories":[4],"tags":[5560,3804,2701,86,102,1138,154,177],"class_list":["post-13320","post","type-post","status-publish","format-standard","has-post-thumbnail","hentry","category-noticias","tag-carlos-martinez-3","tag-cesar-buenrostro-moreno","tag-daniel-fajardo","tag-fovissste","tag-infonavit","tag-roman-meyer-falcon","tag-sedatu","tag-vivienda"],"_links":{"self":[{"href":"https:\/\/hombresymujeresdelacasa.com\/home\/wp-json\/wp\/v2\/posts\/13320","targetHints":{"allow":["GET"]}}],"collection":[{"href":"https:\/\/hombresymujeresdelacasa.com\/home\/wp-json\/wp\/v2\/posts"}],"about":[{"href":"https:\/\/hombresymujeresdelacasa.com\/home\/wp-json\/wp\/v2\/types\/post"}],"author":[{"embeddable":true,"href":"https:\/\/hombresymujeresdelacasa.com\/home\/wp-json\/wp\/v2\/users\/1"}],"replies":[{"embeddable":true,"href":"https:\/\/hombresymujeresdelacasa.com\/home\/wp-json\/wp\/v2\/comments?post=13320"}],"version-history":[{"count":1,"href":"https:\/\/hombresymujeresdelacasa.com\/home\/wp-json\/wp\/v2\/posts\/13320\/revisions"}],"predecessor-version":[{"id":13322,"href":"https:\/\/hombresymujeresdelacasa.com\/home\/wp-json\/wp\/v2\/posts\/13320\/revisions\/13322"}],"wp:featuredmedia":[{"embeddable":true,"href":"https:\/\/hombresymujeresdelacasa.com\/home\/wp-json\/wp\/v2\/media\/13321"}],"wp:attachment":[{"href":"https:\/\/hombresymujeresdelacasa.com\/home\/wp-json\/wp\/v2\/media?parent=13320"}],"wp:term":[{"taxonomy":"category","embeddable":true,"href":"https:\/\/hombresymujeresdelacasa.com\/home\/wp-json\/wp\/v2\/categories?post=13320"},{"taxonomy":"post_tag","embeddable":true,"href":"https:\/\/hombresymujeresdelacasa.com\/home\/wp-json\/wp\/v2\/tags?post=13320"}],"curies":[{"name":"wp","href":"https:\/\/api.w.org\/{rel}","templated":true}]}}