{"id":13302,"date":"2023-11-14T10:51:16","date_gmt":"2023-11-14T16:51:16","guid":{"rendered":"https:\/\/hombresymujeresdelacasa.com\/home\/?p=13302"},"modified":"2023-11-14T12:45:26","modified_gmt":"2023-11-14T18:45:26","slug":"ampi-67-anos-profesionalizando-el-sector-inmobiliario-de-mexico","status":"publish","type":"post","link":"https:\/\/hombresymujeresdelacasa.com\/home\/ampi-67-anos-profesionalizando-el-sector-inmobiliario-de-mexico\/","title":{"rendered":"AMPI: 67 a\u00f1os profesionalizando el sector inmobiliario de M\u00e9xico"},"content":{"rendered":"\n<p>Por: Samantha Navarrete <\/p>\n\n\n\n<p><em><strong>AMPI<\/strong>&nbsp;es un organismo privado que agrupa personas f\u00edsicas profesionales que presten sus servicios<\/em> <em>inmobiliarios en M\u00e9xico bajo su<strong>s Estatutos y un C\u00f3digo de \u00c9tica<\/strong>&nbsp;dirigidos en&nbsp;<strong>dignificar las pr\u00e1cticas&nbsp;<\/strong><\/em><em><strong>inmobiliarias y proteger los derechos de la propiedad privada.<\/strong><\/em><\/p>\n\n\n\n<p><a href=\"https:\/\/ampi.org\/\" target=\"_blank\" rel=\"noreferrer noopener nofollow\"><em><strong>La Asociaci\u00f3n Mexicana de Profesionales Inmobiliarios (AMPI)<\/strong><\/em><\/a>&nbsp;es una agrupaci\u00f3n comprometida con el&nbsp;<strong><em>desarrollo de la actividad inmobiliaria en M\u00e9xico<\/em><\/strong>, enmarcada por un c\u00f3digo de \u00e9tica, en beneficio de los profesionales inmobiliarios del p\u00fablico en general.<\/p>\n\n\n\n<p>AMPI se organiza por medio de diversos \u00f3rganos de gobierno como la&nbsp;<em><strong>Asamblea Nacional y un<\/strong><\/em> <em><strong>Consejo Nacional de directores que dirige el presidente del Consejo y de la Asociaci\u00f3n<\/strong><\/em>, ha creado diversos Comit\u00e9s para atender sus necesidades como: J<strong><em>\u00f3venes Inmobiliarios AMPI, Comit\u00e9 de la&nbsp;<\/em><\/strong><strong><em>Mujer inmobiliaria, Comit\u00e9 de Valuaci\u00f3n, Comit\u00e9 de brokers inmobiliarios, Comit\u00e9 de derecho&nbsp;<\/em><\/strong><strong><em>inmobiliario y los Comit\u00e9s Globales.<\/em><\/strong><\/p>\n\n\n\n<figure class=\"wp-block-gallery has-nested-images columns-default is-cropped wp-block-gallery-1 is-layout-flex wp-block-gallery-is-layout-flex\">\n<figure class=\"wp-block-image size-large\"><img fetchpriority=\"high\" decoding=\"async\" width=\"1024\" height=\"768\" data-id=\"13309\" src=\"https:\/\/hombresymujeresdelacasa.com\/home\/wp-content\/uploads\/2023\/11\/pexels-kindel-media-7579135-1024x768.jpg\" alt=\"\" class=\"wp-image-13309\" srcset=\"https:\/\/hombresymujeresdelacasa.com\/home\/wp-content\/uploads\/2023\/11\/pexels-kindel-media-7579135-1024x768.jpg 1024w, https:\/\/hombresymujeresdelacasa.com\/home\/wp-content\/uploads\/2023\/11\/pexels-kindel-media-7579135-300x225.jpg 300w, https:\/\/hombresymujeresdelacasa.com\/home\/wp-content\/uploads\/2023\/11\/pexels-kindel-media-7579135-768x576.jpg 768w, https:\/\/hombresymujeresdelacasa.com\/home\/wp-content\/uploads\/2023\/11\/pexels-kindel-media-7579135-1536x1152.jpg 1536w, https:\/\/hombresymujeresdelacasa.com\/home\/wp-content\/uploads\/2023\/11\/pexels-kindel-media-7579135-2048x1536.jpg 2048w\" sizes=\"(max-width: 1024px) 100vw, 1024px\" \/><\/figure>\n<\/figure>\n\n\n\n<p><a href=\"https:\/\/centrourbano.com\/author\/samantha-navarrete\/\" rel=\"nofollow noopener\" target=\"_blank\"><\/a><\/p>\n\n\n\n<p>Su origen se remonta a&nbsp;<em><strong>1956<\/strong><\/em>&nbsp;como&nbsp;<em><strong>\u201cUni\u00f3n Mexicana de Corredores y Administradores de Inmuebles,&nbsp;<\/strong><\/em><em><strong>A.C.\u201d<\/strong><\/em>&nbsp;constituida con la intenci\u00f3n de ser un organismo no gubernamental que contribuyera a <em><strong>profesionalizar la actividad inmobiliaria en el pa\u00eds.<\/strong><\/em><\/p>\n\n\n\n<p>Es as\u00ed que en base a esta idea, un grupo de visionarios comprometidos con elevar el nivel t\u00e9cnico de los profesionales dedicados a la intermediaci\u00f3n inmobiliaria, establecieron un&nbsp;<em><strong>c\u00f3digo de \u00e9tica para<\/strong><\/em> <em><strong>regir la actividad dentro de un marco de organizaci\u00f3n, participaci\u00f3n y contribuci\u00f3n<\/strong><\/em>&nbsp;que a lo largo de su historia ha tenido un proceso de transformaci\u00f3n y crecimiento, dando inicio a la hoy conocida <em><strong>Asociaci\u00f3n Mexicana de Profesionales Inmobiliarios A.C., (AMPI)<\/strong><\/em>&nbsp;lo que permiti\u00f3 continuar con la dignificaci\u00f3n de la actividad inmobiliaria y con ello, proyectar una imagen profesional.<\/p>\n\n\n\n<p>Hoy, la AMPI&nbsp;<em><strong>cumple 67 a\u00f1os y cuenta con 18 regiones, 92 secciones y m\u00e1s de 5,000 asociados en&nbsp;todo el pa\u00eds<\/strong><\/em>, adem\u00e1s, tiene el&nbsp;<em><strong>Instituto de Administradores de Inmuebles, A.C., el Instituto Comercial&nbsp;e Industrial A.C., y el centro de capacitaci\u00f3n investigaci\u00f3n y estad\u00edstica (CCIE).<\/strong><\/em><\/p>\n\n\n\n<figure class=\"wp-block-gallery has-nested-images columns-default is-cropped wp-block-gallery-2 is-layout-flex wp-block-gallery-is-layout-flex\">\n<figure class=\"wp-block-image size-large\"><img decoding=\"async\" width=\"1024\" height=\"683\" data-id=\"13307\" src=\"https:\/\/hombresymujeresdelacasa.com\/home\/wp-content\/uploads\/2023\/11\/pexels-alena-darmel-7641842-1024x683.jpg\" alt=\"AMPI\" class=\"wp-image-13307\" srcset=\"https:\/\/hombresymujeresdelacasa.com\/home\/wp-content\/uploads\/2023\/11\/pexels-alena-darmel-7641842-1024x683.jpg 1024w, https:\/\/hombresymujeresdelacasa.com\/home\/wp-content\/uploads\/2023\/11\/pexels-alena-darmel-7641842-300x200.jpg 300w, https:\/\/hombresymujeresdelacasa.com\/home\/wp-content\/uploads\/2023\/11\/pexels-alena-darmel-7641842-768x512.jpg 768w, https:\/\/hombresymujeresdelacasa.com\/home\/wp-content\/uploads\/2023\/11\/pexels-alena-darmel-7641842-1536x1024.jpg 1536w, https:\/\/hombresymujeresdelacasa.com\/home\/wp-content\/uploads\/2023\/11\/pexels-alena-darmel-7641842-2048x1365.jpg 2048w\" sizes=\"(max-width: 1024px) 100vw, 1024px\" \/><\/figure>\n<\/figure>\n\n\n\n<p><\/p>\n\n\n\n<p>As\u00ed mismo, ha&nbsp;<em><strong>impulsado innumerables leyes, reglamentos y acuerdos<\/strong><\/em>&nbsp;relacionados con el sector inmobiliario, as\u00ed como&nbsp;<em><strong>oportunidades de compartir y discutir ideas en los m\u00e1s de 50 Congresos<\/strong><\/em> <em><strong>Nacionales, Summits Tur\u00edsticos y Simposiums de Centros Hist\u00f3rico<\/strong><\/em>s que son eventos de orden y trascendencia nacional e internacional en donde los mejores inmobiliarios se dan cita.<\/p>\n\n\n\n<p>Aunque el<a href=\"https:\/\/centrourbano.com\/inmobiliario\/herramientas-tecnologicas-ampi\/\" rel=\"nofollow noopener\" target=\"_blank\">&nbsp;sector inmobiliario evoluciona d\u00eda con d\u00eda<\/a>, la&nbsp;<em><strong>AMPI trabaja<\/strong><\/em>&nbsp;para enfrentar los cambios de una forma m\u00e1s \u00e1gil, atendiendo los<em><strong>&nbsp;nuevos enfoques y enfrentando cada vez con mayor velocidad<\/strong><\/em> <em><strong>las necesidades de un entorno que requiere m\u00e1s profesionalizaci\u00f3n, actualizaci\u00f3n y capacidad<\/strong>&nbsp;<\/em>para atender a quienes requieren ser atendidos por un profesional inmobiliario.<\/p>\n","protected":false},"excerpt":{"rendered":"<p>Por: Samantha Navarrete AMPI&nbsp;es un organismo privado que agrupa personas f\u00edsicas profesionales que presten sus servicios inmobiliarios en M\u00e9xico bajo sus Estatutos y un C\u00f3digo de \u00c9tica&nbsp;dirigidos en&nbsp;dignificar las pr\u00e1cticas&nbsp;inmobiliarias y proteger los derechos de la propiedad privada. La Asociaci\u00f3n Mexicana de Profesionales Inmobiliarios (AMPI)&nbsp;es una agrupaci\u00f3n comprometida con el&nbsp;desarrollo de la actividad inmobiliaria en [&hellip;]<\/p>\n","protected":false},"author":1,"featured_media":13310,"comment_status":"open","ping_status":"closed","sticky":false,"template":"","format":"standard","meta":{"site-sidebar-layout":"default","site-content-layout":"","ast-site-content-layout":"default","site-content-style":"default","site-sidebar-style":"default","ast-global-header-display":"","ast-banner-title-visibility":"","ast-main-header-display":"","ast-hfb-above-header-display":"","ast-hfb-below-header-display":"","ast-hfb-mobile-header-display":"","site-post-title":"","ast-breadcrumbs-content":"","ast-featured-img":"","footer-sml-layout":"","ast-disable-related-posts":"","theme-transparent-header-meta":"","adv-header-id-meta":"","stick-header-meta":"","header-above-stick-meta":"","header-main-stick-meta":"","header-below-stick-meta":"","astra-migrate-meta-layouts":"set","ast-page-background-enabled":"default","ast-page-background-meta":{"desktop":{"background-color":"var(--ast-global-color-4)","background-image":"","background-repeat":"repeat","background-position":"center center","background-size":"auto","background-attachment":"scroll","background-type":"","background-media":"","overlay-type":"","overlay-color":"","overlay-opacity":"","overlay-gradient":""},"tablet":{"background-color":"","background-image":"","background-repeat":"repeat","background-position":"center center","background-size":"auto","background-attachment":"scroll","background-type":"","background-media":"","overlay-type":"","overlay-color":"","overlay-opacity":"","overlay-gradient":""},"mobile":{"background-color":"","background-image":"","background-repeat":"repeat","background-position":"center center","background-size":"auto","background-attachment":"scroll","background-type":"","background-media":"","overlay-type":"","overlay-color":"","overlay-opacity":"","overlay-gradient":""}},"ast-content-background-meta":{"desktop":{"background-color":"var(--ast-global-color-5)","background-image":"","background-repeat":"repeat","background-position":"center center","background-size":"auto","background-attachment":"scroll","background-type":"","background-media":"","overlay-type":"","overlay-color":"","overlay-opacity":"","overlay-gradient":""},"tablet":{"background-color":"var(--ast-global-color-5)","background-image":"","background-repeat":"repeat","background-position":"center center","background-size":"auto","background-attachment":"scroll","background-type":"","background-media":"","overlay-type":"","overlay-color":"","overlay-opacity":"","overlay-gradient":""},"mobile":{"background-color":"var(--ast-global-color-5)","background-image":"","background-repeat":"repeat","background-position":"center center","background-size":"auto","background-attachment":"scroll","background-type":"","background-media":"","overlay-type":"","overlay-color":"","overlay-opacity":"","overlay-gradient":""}},"footnotes":""},"categories":[4],"tags":[5740,16,949,5741,819],"class_list":["post-13302","post","type-post","status-publish","format-standard","has-post-thumbnail","hentry","category-noticias","tag-67-anos","tag-aniversario","tag-inmobiliarios","tag-profesionalizacion-del-sector","tag-sector-inmobiliario"],"_links":{"self":[{"href":"https:\/\/hombresymujeresdelacasa.com\/home\/wp-json\/wp\/v2\/posts\/13302","targetHints":{"allow":["GET"]}}],"collection":[{"href":"https:\/\/hombresymujeresdelacasa.com\/home\/wp-json\/wp\/v2\/posts"}],"about":[{"href":"https:\/\/hombresymujeresdelacasa.com\/home\/wp-json\/wp\/v2\/types\/post"}],"author":[{"embeddable":true,"href":"https:\/\/hombresymujeresdelacasa.com\/home\/wp-json\/wp\/v2\/users\/1"}],"replies":[{"embeddable":true,"href":"https:\/\/hombresymujeresdelacasa.com\/home\/wp-json\/wp\/v2\/comments?post=13302"}],"version-history":[{"count":2,"href":"https:\/\/hombresymujeresdelacasa.com\/home\/wp-json\/wp\/v2\/posts\/13302\/revisions"}],"predecessor-version":[{"id":13311,"href":"https:\/\/hombresymujeresdelacasa.com\/home\/wp-json\/wp\/v2\/posts\/13302\/revisions\/13311"}],"wp:featuredmedia":[{"embeddable":true,"href":"https:\/\/hombresymujeresdelacasa.com\/home\/wp-json\/wp\/v2\/media\/13310"}],"wp:attachment":[{"href":"https:\/\/hombresymujeresdelacasa.com\/home\/wp-json\/wp\/v2\/media?parent=13302"}],"wp:term":[{"taxonomy":"category","embeddable":true,"href":"https:\/\/hombresymujeresdelacasa.com\/home\/wp-json\/wp\/v2\/categories?post=13302"},{"taxonomy":"post_tag","embeddable":true,"href":"https:\/\/hombresymujeresdelacasa.com\/home\/wp-json\/wp\/v2\/tags?post=13302"}],"curies":[{"name":"wp","href":"https:\/\/api.w.org\/{rel}","templated":true}]}}