{"id":13206,"date":"2023-10-30T13:26:32","date_gmt":"2023-10-30T19:26:32","guid":{"rendered":"https:\/\/hombresymujeresdelacasa.com\/home\/?p=13206"},"modified":"2023-10-30T13:26:37","modified_gmt":"2023-10-30T19:26:37","slug":"preparan-politica-nacional-de-transporte-publico-colectivo","status":"publish","type":"post","link":"https:\/\/hombresymujeresdelacasa.com\/home\/preparan-politica-nacional-de-transporte-publico-colectivo\/","title":{"rendered":"Preparan Pol\u00edtica Nacional de Transporte P\u00fablico Colectivo"},"content":{"rendered":"\n<p>Por: Fernanda Hern\u00e1ndez <\/p>\n\n\n\n<p><em>El documento tendr\u00e1 el objetivo de que el transporte p\u00fablico sea un eje del desarrollo integral, accesible, seguro, sostenible e inclusivo en el pa\u00eds<\/em><\/p>\n\n\n\n<p>Durante la tercera sesi\u00f3n ordinaria del&nbsp;<strong>Sistema Nacional de Movilidad y Seguridad Vial<\/strong>&nbsp;(<strong>SNMySV<\/strong>), se destac\u00f3 que ya se alista la&nbsp;<strong>Pol\u00edtica Nacional de Transporte P\u00fablico Colectivo<\/strong>&nbsp;(<strong>PNTPC<\/strong>).<\/p>\n\n\n\n<p>El documento, que contar\u00e1 con la participaci\u00f3n de todas las entidades federativas, tendr\u00e1 el objetivo de que el&nbsp;<strong>transporte p\u00fablico<\/strong>&nbsp;sea un eje del desarrollo integral, accesible, seguro, sostenible e inclusivo; adem\u00e1s de que contribuya a reducir las brechas de desigualdad en el pa\u00eds.<\/p>\n\n\n\n<p>Asimismo, la&nbsp;<strong>Pol\u00edtica<\/strong>&nbsp;permitir\u00e1 a las autoridades tener una clasificaci\u00f3n clara de los sistemas de transporte p\u00fablico de todo el pa\u00eds, sus niveles de integraci\u00f3n y modelos de operaci\u00f3n; fortalecer\u00e1 los instrumentos jur\u00eddicos y normativos y facilitar\u00e1 la vinculaci\u00f3n entre los dem\u00e1s elementos del&nbsp;<strong>Sistema de Movilidad Nacional y regional<\/strong>, as\u00ed como con la pol\u00edtica en materia de ordenamiento territorial.<\/p>\n\n\n\n<p>Al respecto,&nbsp;<strong>Rom\u00e1n Meyer Falc\u00f3n<\/strong>,&nbsp;<strong>titular de la Secretar\u00eda de Desarrollo Agrario, Territorial y Urbano&nbsp;<\/strong>(<a href=\"https:\/\/twitter.com\/SEDATU_mx\" target=\"_blank\" rel=\"noreferrer noopener nofollow\"><strong>Sedatu<\/strong><\/a>) y quien preside el SNMySV, destac\u00f3 que la movilidad depende de la planeaci\u00f3n urbana y viceversa.<\/p>\n\n\n\n<p>Por ello, llam\u00f3 a los representantes estatales a poner atenci\u00f3n a los&nbsp;<strong>Programas Municipales de Desarrollo Urbano<\/strong>&nbsp;en la elaboraci\u00f3n de sus propuestas de trasporte p\u00fablico, mismas que se tienen que presentar en diciembre de este a\u00f1o para incluirlas en esta Pol\u00edtica.<\/p>\n\n\n\n<p>En su participaci\u00f3n, el&nbsp;<strong>subsecretario de Desarrollo Urbano y Vivienda de la Sedatu<\/strong>,&nbsp;<strong>Daniel Fajardo<\/strong>, explic\u00f3 que 36 de las 160 l\u00edneas de acci\u00f3n de la Estrategia Nacional de Movilidad (<a href=\"https:\/\/centrourbano.com\/urbanismo\/estrategia-movilidad-seguridad-2023\/\" target=\"_blank\" rel=\"noreferrer noopener nofollow\">Enamov<\/a>) corresponden al transporte p\u00fablico, y actualmente se analiza lo que se est\u00e1 haciendo en cada estado en la materia.<\/p>\n\n\n\n<p>Adem\u00e1s, indic\u00f3 que ocho de cada 10 viajes se realizan en transporte p\u00fablico, de los cuales s\u00f3lo 5% se hace en transporte masivo; y que el 92% de las mujeres que usan transporte en M\u00e9xico han sufrido acoso.<\/p>\n\n\n\n<p>Por su parte, la&nbsp;<strong>directora general de Autotransporte Federal de la Secretar\u00eda de Infraestructura Comunicaciones y Transportes<\/strong>&nbsp;(<strong>SICT<\/strong>),&nbsp;<strong>Laura Nohemi Mu\u00f1oz,<\/strong>&nbsp;apunt\u00f3 que, en M\u00e9xico, el traslado de personas en transporte p\u00fablico por carreteras es de m\u00e1s de 90%.<\/p>\n\n\n\n<p>\u201cPor ello, no podemos entender la movilidad de nuestro pa\u00eds sin entender la movilidad en nuestras carreteras; de ah\u00ed la importancia de esta pol\u00edtica que se est\u00e1 trabajando\u201d, se\u00f1al\u00f3.<\/p>\n\n\n\n<p><a href=\"https:\/\/centrourbano.com\/author\/fernanda-hernandez\/\" rel=\"nofollow noopener\" target=\"_blank\"><\/a><\/p>\n","protected":false},"excerpt":{"rendered":"<p>Por: Fernanda Hern\u00e1ndez El documento tendr\u00e1 el objetivo de que el transporte p\u00fablico sea un eje del desarrollo integral, accesible, seguro, sostenible e inclusivo en el pa\u00eds Durante la tercera sesi\u00f3n ordinaria del&nbsp;Sistema Nacional de Movilidad y Seguridad Vial&nbsp;(SNMySV), se destac\u00f3 que ya se alista la&nbsp;Pol\u00edtica Nacional de Transporte P\u00fablico Colectivo&nbsp;(PNTPC). El documento, que contar\u00e1 [&hellip;]<\/p>\n","protected":false},"author":1,"featured_media":13207,"comment_status":"open","ping_status":"closed","sticky":false,"template":"","format":"standard","meta":{"site-sidebar-layout":"default","site-content-layout":"","ast-site-content-layout":"default","site-content-style":"default","site-sidebar-style":"default","ast-global-header-display":"","ast-banner-title-visibility":"","ast-main-header-display":"","ast-hfb-above-header-display":"","ast-hfb-below-header-display":"","ast-hfb-mobile-header-display":"","site-post-title":"","ast-breadcrumbs-content":"","ast-featured-img":"","footer-sml-layout":"","ast-disable-related-posts":"","theme-transparent-header-meta":"","adv-header-id-meta":"","stick-header-meta":"","header-above-stick-meta":"","header-main-stick-meta":"","header-below-stick-meta":"","astra-migrate-meta-layouts":"set","ast-page-background-enabled":"default","ast-page-background-meta":{"desktop":{"background-color":"var(--ast-global-color-4)","background-image":"","background-repeat":"repeat","background-position":"center center","background-size":"auto","background-attachment":"scroll","background-type":"","background-media":"","overlay-type":"","overlay-color":"","overlay-opacity":"","overlay-gradient":""},"tablet":{"background-color":"","background-image":"","background-repeat":"repeat","background-position":"center center","background-size":"auto","background-attachment":"scroll","background-type":"","background-media":"","overlay-type":"","overlay-color":"","overlay-opacity":"","overlay-gradient":""},"mobile":{"background-color":"","background-image":"","background-repeat":"repeat","background-position":"center center","background-size":"auto","background-attachment":"scroll","background-type":"","background-media":"","overlay-type":"","overlay-color":"","overlay-opacity":"","overlay-gradient":""}},"ast-content-background-meta":{"desktop":{"background-color":"var(--ast-global-color-5)","background-image":"","background-repeat":"repeat","background-position":"center center","background-size":"auto","background-attachment":"scroll","background-type":"","background-media":"","overlay-type":"","overlay-color":"","overlay-opacity":"","overlay-gradient":""},"tablet":{"background-color":"var(--ast-global-color-5)","background-image":"","background-repeat":"repeat","background-position":"center center","background-size":"auto","background-attachment":"scroll","background-type":"","background-media":"","overlay-type":"","overlay-color":"","overlay-opacity":"","overlay-gradient":""},"mobile":{"background-color":"var(--ast-global-color-5)","background-image":"","background-repeat":"repeat","background-position":"center center","background-size":"auto","background-attachment":"scroll","background-type":"","background-media":"","overlay-type":"","overlay-color":"","overlay-opacity":"","overlay-gradient":""}},"footnotes":""},"categories":[4],"tags":[2701,4238,5694,2774,3137,154,4030,5039],"class_list":["post-13206","post","type-post","status-publish","format-standard","has-post-thumbnail","hentry","category-noticias","tag-daniel-fajardo","tag-estrategia-nacional-de-movilidad","tag-politica-nacional-de-transporte-publico-colectivo","tag-programas-municipales-de-desarrollo-urbano","tag-roman-meyer-falcon-2","tag-sedatu","tag-sistema-nacional-de-movilidad-y-seguridad-vial","tag-subsecretario-de-desarrollo-urbano-y-vivienda"],"_links":{"self":[{"href":"https:\/\/hombresymujeresdelacasa.com\/home\/wp-json\/wp\/v2\/posts\/13206","targetHints":{"allow":["GET"]}}],"collection":[{"href":"https:\/\/hombresymujeresdelacasa.com\/home\/wp-json\/wp\/v2\/posts"}],"about":[{"href":"https:\/\/hombresymujeresdelacasa.com\/home\/wp-json\/wp\/v2\/types\/post"}],"author":[{"embeddable":true,"href":"https:\/\/hombresymujeresdelacasa.com\/home\/wp-json\/wp\/v2\/users\/1"}],"replies":[{"embeddable":true,"href":"https:\/\/hombresymujeresdelacasa.com\/home\/wp-json\/wp\/v2\/comments?post=13206"}],"version-history":[{"count":1,"href":"https:\/\/hombresymujeresdelacasa.com\/home\/wp-json\/wp\/v2\/posts\/13206\/revisions"}],"predecessor-version":[{"id":13208,"href":"https:\/\/hombresymujeresdelacasa.com\/home\/wp-json\/wp\/v2\/posts\/13206\/revisions\/13208"}],"wp:featuredmedia":[{"embeddable":true,"href":"https:\/\/hombresymujeresdelacasa.com\/home\/wp-json\/wp\/v2\/media\/13207"}],"wp:attachment":[{"href":"https:\/\/hombresymujeresdelacasa.com\/home\/wp-json\/wp\/v2\/media?parent=13206"}],"wp:term":[{"taxonomy":"category","embeddable":true,"href":"https:\/\/hombresymujeresdelacasa.com\/home\/wp-json\/wp\/v2\/categories?post=13206"},{"taxonomy":"post_tag","embeddable":true,"href":"https:\/\/hombresymujeresdelacasa.com\/home\/wp-json\/wp\/v2\/tags?post=13206"}],"curies":[{"name":"wp","href":"https:\/\/api.w.org\/{rel}","templated":true}]}}