{"id":13198,"date":"2023-10-26T17:33:46","date_gmt":"2023-10-26T23:33:46","guid":{"rendered":"https:\/\/hombresymujeresdelacasa.com\/home\/?p=13198"},"modified":"2023-10-26T17:33:49","modified_gmt":"2023-10-26T23:33:49","slug":"obtiene-ruba-calificaciones-altas-por-emision-de-deuda-bursatil","status":"publish","type":"post","link":"https:\/\/hombresymujeresdelacasa.com\/home\/obtiene-ruba-calificaciones-altas-por-emision-de-deuda-bursatil\/","title":{"rendered":"Obtiene Ruba calificaciones altas por emisi\u00f3n de deuda burs\u00e1til"},"content":{"rendered":"\n<p>Por: Fernanda Hern\u00e1ndez <\/p>\n\n\n\n<p><em>\u201cEstas calificaciones que nos han otorgado Fitch y S&amp;P son las m\u00e1s altas en la escala nacional para una deuda a corto plazo\u201d, asegur\u00f3 el director general de Ruba<\/em><\/p>\n\n\n\n<p>Las agencias&nbsp;<strong>Fitch Ratings<\/strong>&nbsp;y&nbsp;<strong>S&amp;P Global Ratings<\/strong>&nbsp;asignaron las calificaciones \u2018F1+\u2019 y \u2018A1+\u2019, respectivamente, a la deuda burs\u00e1til de corto plazo que&nbsp;<strong>Ruba<\/strong>&nbsp;busca emitir en el mercado de valores para diversificar sus fuentes de financiamiento.<\/p>\n\n\n\n<p>Dichas calificaciones representan las m\u00e1s altas para este tipo de&nbsp;<strong>emisiones de deuda burs\u00e1til<\/strong>. Al respecto, las agencias se\u00f1alaron que \u201cen medio de un entorno econ\u00f3mico desafiante, la&nbsp;<a href=\"https:\/\/ruba.com.mx\/\" target=\"_blank\" rel=\"noreferrer noopener nofollow\">desarrolladora<\/a>&nbsp;de vivienda mexicana&nbsp;<strong>Ruba<\/strong>, continu\u00f3 reportando s\u00f3lidos indicadores operativos y financieros\u201d.<\/p>\n\n\n\n<p>Asimismo, fundamentaron su dictamen en \u201cla flexibilidad que tiene&nbsp;<strong>Ruba<\/strong>&nbsp;para adaptar su mezcla de ventas en relaci\u00f3n a la demanda del mercado, su s\u00f3lida estructura de capital, su bajo nivel de apalancamiento, su pol\u00edtica financiera prudente y acceso a l\u00edneas de cr\u00e9dito comprometidas\u201d.<\/p>\n\n\n\n<p>Por su parte, el&nbsp;<strong>director general de la viviendera<\/strong>,&nbsp;<a href=\"https:\/\/centrourbano.com\/vivienda\/ceo-ruba-100-mejores-del-pais\/\" target=\"_blank\" rel=\"noreferrer noopener nofollow\"><strong>Jes\u00fas Sandoval Armenta<\/strong><\/a>, expres\u00f3: \u201cEstas calificaciones que nos han otorgado&nbsp;<strong>Fitch y S&amp;P<\/strong>&nbsp;son las m\u00e1s altas en la escala nacional de deuda de corto plazo.<\/p>\n\n\n\n<p>\u201cRepresentan un gran reconocimiento al esfuerzo y dedicaci\u00f3n de todos los integrantes de la organizaci\u00f3n y tambi\u00e9n nos comprometen a seguir trabajando con actitud y humildad para enfrentar los retos que tenemos frente a nosotros para bien de la empresa, de nuestros clientes, de los accionistas y de nuestras familias\u201d.<\/p>\n\n\n\n<p>La emisi\u00f3n que&nbsp;<strong>Ruba<\/strong>&nbsp;busca colocar, por hasta 500 millones de pesos (mdp), se encuentra, actualmente, en proceso de autorizaci\u00f3n en la&nbsp;<strong>Comisi\u00f3n Nacional Bancaria y de Valores<\/strong>&nbsp;(<strong>CNBV<\/strong>), y ser\u00e1 para usos corporativos generales, que pueden comprender el uso para el pago de deudas, capital de trabajo o cualquier otro fin, incluyendo, sin limitaci\u00f3n, la liquidaci\u00f3n de los gastos de la emisi\u00f3n correspondiente.<\/p>\n\n\n\n<p>Cabe mencionar que, desde 2004 a la fecha,&nbsp;<strong>Ruba<\/strong>&nbsp;ha colocado cinco emisiones de certificados burs\u00e1tiles de largo plazo a trav\u00e9s de la&nbsp;<strong>Bolsa Mexicana de Valores<\/strong>. La m\u00e1s reciente fue en noviembre del 2017 por 500 mdp a un plazo de cinco a\u00f1os, amortizable, sin garant\u00edas y la cual termin\u00f3 de amortizar en noviembre de 2022.<\/p>\n\n\n\n<p><a href=\"https:\/\/centrourbano.com\/author\/fernanda-hernandez\/\" rel=\"nofollow noopener\" target=\"_blank\"><\/a><\/p>\n","protected":false},"excerpt":{"rendered":"<p>Por: Fernanda Hern\u00e1ndez \u201cEstas calificaciones que nos han otorgado Fitch y S&amp;P son las m\u00e1s altas en la escala nacional para una deuda a corto plazo\u201d, asegur\u00f3 el director general de Ruba Las agencias&nbsp;Fitch Ratings&nbsp;y&nbsp;S&amp;P Global Ratings&nbsp;asignaron las calificaciones \u2018F1+\u2019 y \u2018A1+\u2019, respectivamente, a la deuda burs\u00e1til de corto plazo que&nbsp;Ruba&nbsp;busca emitir en el mercado [&hellip;]<\/p>\n","protected":false},"author":1,"featured_media":13199,"comment_status":"open","ping_status":"closed","sticky":false,"template":"","format":"standard","meta":{"site-sidebar-layout":"default","site-content-layout":"","ast-site-content-layout":"default","site-content-style":"default","site-sidebar-style":"default","ast-global-header-display":"","ast-banner-title-visibility":"","ast-main-header-display":"","ast-hfb-above-header-display":"","ast-hfb-below-header-display":"","ast-hfb-mobile-header-display":"","site-post-title":"","ast-breadcrumbs-content":"","ast-featured-img":"","footer-sml-layout":"","ast-disable-related-posts":"","theme-transparent-header-meta":"","adv-header-id-meta":"","stick-header-meta":"","header-above-stick-meta":"","header-main-stick-meta":"","header-below-stick-meta":"","astra-migrate-meta-layouts":"set","ast-page-background-enabled":"default","ast-page-background-meta":{"desktop":{"background-color":"var(--ast-global-color-4)","background-image":"","background-repeat":"repeat","background-position":"center center","background-size":"auto","background-attachment":"scroll","background-type":"","background-media":"","overlay-type":"","overlay-color":"","overlay-opacity":"","overlay-gradient":""},"tablet":{"background-color":"","background-image":"","background-repeat":"repeat","background-position":"center center","background-size":"auto","background-attachment":"scroll","background-type":"","background-media":"","overlay-type":"","overlay-color":"","overlay-opacity":"","overlay-gradient":""},"mobile":{"background-color":"","background-image":"","background-repeat":"repeat","background-position":"center center","background-size":"auto","background-attachment":"scroll","background-type":"","background-media":"","overlay-type":"","overlay-color":"","overlay-opacity":"","overlay-gradient":""}},"ast-content-background-meta":{"desktop":{"background-color":"var(--ast-global-color-5)","background-image":"","background-repeat":"repeat","background-position":"center center","background-size":"auto","background-attachment":"scroll","background-type":"","background-media":"","overlay-type":"","overlay-color":"","overlay-opacity":"","overlay-gradient":""},"tablet":{"background-color":"var(--ast-global-color-5)","background-image":"","background-repeat":"repeat","background-position":"center center","background-size":"auto","background-attachment":"scroll","background-type":"","background-media":"","overlay-type":"","overlay-color":"","overlay-opacity":"","overlay-gradient":""},"mobile":{"background-color":"var(--ast-global-color-5)","background-image":"","background-repeat":"repeat","background-position":"center center","background-size":"auto","background-attachment":"scroll","background-type":"","background-media":"","overlay-type":"","overlay-color":"","overlay-opacity":"","overlay-gradient":""}},"footnotes":""},"categories":[1],"tags":[595,5650,562,5693,764,3102,137,262],"class_list":["post-13198","post","type-post","status-publish","format-standard","has-post-thumbnail","hentry","category-sin-categoria","tag-bolsa-mexicana-de-valores","tag-comision-nacional-bancaria-y-de-valores-2","tag-desarrolladora-de-vivienda","tag-f1a1","tag-fitch-ratings","tag-jesus-sandoval-armenta","tag-ruba","tag-sp-global-ratings"],"_links":{"self":[{"href":"https:\/\/hombresymujeresdelacasa.com\/home\/wp-json\/wp\/v2\/posts\/13198","targetHints":{"allow":["GET"]}}],"collection":[{"href":"https:\/\/hombresymujeresdelacasa.com\/home\/wp-json\/wp\/v2\/posts"}],"about":[{"href":"https:\/\/hombresymujeresdelacasa.com\/home\/wp-json\/wp\/v2\/types\/post"}],"author":[{"embeddable":true,"href":"https:\/\/hombresymujeresdelacasa.com\/home\/wp-json\/wp\/v2\/users\/1"}],"replies":[{"embeddable":true,"href":"https:\/\/hombresymujeresdelacasa.com\/home\/wp-json\/wp\/v2\/comments?post=13198"}],"version-history":[{"count":1,"href":"https:\/\/hombresymujeresdelacasa.com\/home\/wp-json\/wp\/v2\/posts\/13198\/revisions"}],"predecessor-version":[{"id":13200,"href":"https:\/\/hombresymujeresdelacasa.com\/home\/wp-json\/wp\/v2\/posts\/13198\/revisions\/13200"}],"wp:featuredmedia":[{"embeddable":true,"href":"https:\/\/hombresymujeresdelacasa.com\/home\/wp-json\/wp\/v2\/media\/13199"}],"wp:attachment":[{"href":"https:\/\/hombresymujeresdelacasa.com\/home\/wp-json\/wp\/v2\/media?parent=13198"}],"wp:term":[{"taxonomy":"category","embeddable":true,"href":"https:\/\/hombresymujeresdelacasa.com\/home\/wp-json\/wp\/v2\/categories?post=13198"},{"taxonomy":"post_tag","embeddable":true,"href":"https:\/\/hombresymujeresdelacasa.com\/home\/wp-json\/wp\/v2\/tags?post=13198"}],"curies":[{"name":"wp","href":"https:\/\/api.w.org\/{rel}","templated":true}]}}