{"id":10823,"date":"2022-12-01T14:52:40","date_gmt":"2022-12-01T20:52:40","guid":{"rendered":"http:\/\/hombresymujeresdelacasa.com\/home\/?p=10823"},"modified":"2022-12-01T14:52:41","modified_gmt":"2022-12-01T20:52:41","slug":"premio-hym-juan-jose-errejon-los-cimientos-de-un-hombre-extraordinario","status":"publish","type":"post","link":"https:\/\/hombresymujeresdelacasa.com\/home\/premio-hym-juan-jose-errejon-los-cimientos-de-un-hombre-extraordinario\/","title":{"rendered":"Premio HyM: Juan Jos\u00e9 Errej\u00f3n, los cimientos de un hombre extraordinario"},"content":{"rendered":"\n<p>Por: Jackeline Valle<\/p>\n\n\n\n<p><em>El ganador de cimientos, Juan Jos\u00e9 Errej\u00f3n declar\u00f3 que para solucionar el rezago habitacional es necesario el trabajo en conjunto<\/em><\/p>\n\n\n\n<p>Durante la XXI Ceremonia de entrega del<a href=\"https:\/\/centrourbano.com\/vivienda\/sedatu-ha-realizado-2-7-millones-de-acciones-en-materia-de-vivienda-meyer\/\" target=\"_blank\" rel=\"noreferrer noopener nofollow\">&nbsp;premio Hombres y Mujeres de la casa 2022<\/a>, Mauricio Mart\u00ednez Camarena, Socio y director general de&nbsp;<a href=\"https:\/\/twitter.com\/TyAOficial\" target=\"_blank\" rel=\"noreferrer noopener nofollow\">Tierra y Armon\u00eda<\/a>&nbsp;dirigi\u00f3 unas breves palabras al ganador de la categor\u00eda cimientos; el fundador de la empresa,<strong>&nbsp;Juan Jos\u00e9 Errej\u00f3n, a quien catalog\u00f3 como un hombre extraordinario<\/strong>.<\/p>\n\n\n\n<p>Bajo esta premisa, declar\u00f3 que a lo largo del camino, Juan Jos\u00e9 Errej\u00f3n siempre se posicion\u00f3 como una persona optimista y apasionada en su misi\u00f3n.<\/p>\n\n\n\n<blockquote class=\"wp-block-quote is-layout-flow wp-block-quote-is-layout-flow\"><p>\u201cHasta la fecha, no dej\u00f3 de ir a la oficina un solo d\u00eda, se emociona con cada nuevo proyecto y aporta grandes ideas\u201d, agreg\u00f3 Mauricio Mart\u00ednez.<\/p><\/blockquote>\n\n\n\n<p><strong>Con ovaciones de pie y largos aplausos, el p\u00fablico recibi\u00f3 al galardonado<\/strong>, que mencion\u00f3 la necesidad de vivienda en M\u00e9xico.&nbsp;<strong>Adem\u00e1s de enfatizar en que la soluci\u00f3n a la problem\u00e1tica se encuentra en el trabajo en conjunto<\/strong>, el esfuerzo y el compromiso de todos en el sector inmobiliario.<\/p>\n\n\n\n<p>En ese sentido,&nbsp;<strong>Juan Jos\u00e9 Errej\u00f3n expres\u00f3 que se siente satisfecho con los logros acumulados a lo largo de su carrera.<\/strong>&nbsp;Ya que, Tierra y Armon\u00eda genera empleo y una mejor calidad de vida para miles de familias mexicanas.<\/p>\n\n\n\n<blockquote class=\"wp-block-quote is-layout-flow wp-block-quote-is-layout-flow\"><p>\u201cTierra y Armon\u00eda es una organizaci\u00f3n con alto compromiso social, fundada por un equipo de personas comprometidas con un objetivo com\u00fan; trascender a trav\u00e9s de realizar proyectos de alta calidad. Adem\u00e1s de ayudar a personas a que vivan mejor. Y, generar valor en el entorno en que se encuentran\u201d, destac\u00f3 Juan Jos\u00e9 Errej\u00f3n.<\/p><\/blockquote>\n\n\n\n<p>Bajo esta visi\u00f3n, el galardonado mencion\u00f3 que&nbsp;<strong>para lograr una compa\u00f1\u00eda exitosa que aporta al sector vivienda, se necesita captar las oportunidad<\/strong>. As\u00ed como, construir relaciones a largo plazo en todos los \u00e1mbitos; entre colaboradores, instituciones financieras, p\u00fablicas, clientes y el pa\u00eds.<\/p>\n\n\n\n<blockquote class=\"wp-block-quote is-layout-flow wp-block-quote-is-layout-flow\"><p>\u201cMi visi\u00f3n en esta vida ha sido m\u00e1s alta y transcendente que proyectar desarrollos inmobiliarios, mi misi\u00f3n es desarrollar lideres en las personas que me rodean\u201d, finaliz\u00f3<\/p><\/blockquote>\n\n\n\n<p><a href=\"https:\/\/centrourbano.com\/author\/jackeline-valle\/\" rel=\"nofollow noopener\" target=\"_blank\"><\/a><\/p>\n","protected":false},"excerpt":{"rendered":"<p>Por: Jackeline Valle El ganador de cimientos, Juan Jos\u00e9 Errej\u00f3n declar\u00f3 que para solucionar el rezago habitacional es necesario el trabajo en conjunto Durante la XXI Ceremonia de entrega del&nbsp;premio Hombres y Mujeres de la casa 2022, Mauricio Mart\u00ednez Camarena, Socio y director general de&nbsp;Tierra y Armon\u00eda&nbsp;dirigi\u00f3 unas breves palabras al ganador de la categor\u00eda [&hellip;]<\/p>\n","protected":false},"author":1,"featured_media":10824,"comment_status":"open","ping_status":"closed","sticky":false,"template":"","format":"standard","meta":{"site-sidebar-layout":"default","site-content-layout":"","ast-site-content-layout":"default","site-content-style":"default","site-sidebar-style":"default","ast-global-header-display":"","ast-banner-title-visibility":"","ast-main-header-display":"","ast-hfb-above-header-display":"","ast-hfb-below-header-display":"","ast-hfb-mobile-header-display":"","site-post-title":"","ast-breadcrumbs-content":"","ast-featured-img":"","footer-sml-layout":"","ast-disable-related-posts":"","theme-transparent-header-meta":"","adv-header-id-meta":"","stick-header-meta":"","header-above-stick-meta":"","header-main-stick-meta":"","header-below-stick-meta":"","astra-migrate-meta-layouts":"default","ast-page-background-enabled":"default","ast-page-background-meta":{"desktop":{"background-color":"var(--ast-global-color-4)","background-image":"","background-repeat":"repeat","background-position":"center center","background-size":"auto","background-attachment":"scroll","background-type":"","background-media":"","overlay-type":"","overlay-color":"","overlay-opacity":"","overlay-gradient":""},"tablet":{"background-color":"","background-image":"","background-repeat":"repeat","background-position":"center center","background-size":"auto","background-attachment":"scroll","background-type":"","background-media":"","overlay-type":"","overlay-color":"","overlay-opacity":"","overlay-gradient":""},"mobile":{"background-color":"","background-image":"","background-repeat":"repeat","background-position":"center center","background-size":"auto","background-attachment":"scroll","background-type":"","background-media":"","overlay-type":"","overlay-color":"","overlay-opacity":"","overlay-gradient":""}},"ast-content-background-meta":{"desktop":{"background-color":"var(--ast-global-color-5)","background-image":"","background-repeat":"repeat","background-position":"center center","background-size":"auto","background-attachment":"scroll","background-type":"","background-media":"","overlay-type":"","overlay-color":"","overlay-opacity":"","overlay-gradient":""},"tablet":{"background-color":"var(--ast-global-color-5)","background-image":"","background-repeat":"repeat","background-position":"center center","background-size":"auto","background-attachment":"scroll","background-type":"","background-media":"","overlay-type":"","overlay-color":"","overlay-opacity":"","overlay-gradient":""},"mobile":{"background-color":"var(--ast-global-color-5)","background-image":"","background-repeat":"repeat","background-position":"center center","background-size":"auto","background-attachment":"scroll","background-type":"","background-media":"","overlay-type":"","overlay-color":"","overlay-opacity":"","overlay-gradient":""}},"footnotes":""},"categories":[4],"tags":[4341,1087,4012],"class_list":["post-10823","post","type-post","status-publish","format-standard","has-post-thumbnail","hentry","category-noticias","tag-juan-jose-errejon","tag-premio-hym","tag-tierra-y-armonia"],"_links":{"self":[{"href":"https:\/\/hombresymujeresdelacasa.com\/home\/wp-json\/wp\/v2\/posts\/10823","targetHints":{"allow":["GET"]}}],"collection":[{"href":"https:\/\/hombresymujeresdelacasa.com\/home\/wp-json\/wp\/v2\/posts"}],"about":[{"href":"https:\/\/hombresymujeresdelacasa.com\/home\/wp-json\/wp\/v2\/types\/post"}],"author":[{"embeddable":true,"href":"https:\/\/hombresymujeresdelacasa.com\/home\/wp-json\/wp\/v2\/users\/1"}],"replies":[{"embeddable":true,"href":"https:\/\/hombresymujeresdelacasa.com\/home\/wp-json\/wp\/v2\/comments?post=10823"}],"version-history":[{"count":1,"href":"https:\/\/hombresymujeresdelacasa.com\/home\/wp-json\/wp\/v2\/posts\/10823\/revisions"}],"predecessor-version":[{"id":10825,"href":"https:\/\/hombresymujeresdelacasa.com\/home\/wp-json\/wp\/v2\/posts\/10823\/revisions\/10825"}],"wp:featuredmedia":[{"embeddable":true,"href":"https:\/\/hombresymujeresdelacasa.com\/home\/wp-json\/wp\/v2\/media\/10824"}],"wp:attachment":[{"href":"https:\/\/hombresymujeresdelacasa.com\/home\/wp-json\/wp\/v2\/media?parent=10823"}],"wp:term":[{"taxonomy":"category","embeddable":true,"href":"https:\/\/hombresymujeresdelacasa.com\/home\/wp-json\/wp\/v2\/categories?post=10823"},{"taxonomy":"post_tag","embeddable":true,"href":"https:\/\/hombresymujeresdelacasa.com\/home\/wp-json\/wp\/v2\/tags?post=10823"}],"curies":[{"name":"wp","href":"https:\/\/api.w.org\/{rel}","templated":true}]}}