{"id":10719,"date":"2022-11-09T18:26:53","date_gmt":"2022-11-10T00:26:53","guid":{"rendered":"http:\/\/hombresymujeresdelacasa.com\/home\/?p=10719"},"modified":"2022-11-09T18:26:56","modified_gmt":"2022-11-10T00:26:56","slug":"necesario-debatir-sobre-el-futuro-de-las-ciudades-sheinbaum","status":"publish","type":"post","link":"https:\/\/hombresymujeresdelacasa.com\/home\/necesario-debatir-sobre-el-futuro-de-las-ciudades-sheinbaum\/","title":{"rendered":"Necesario debatir sobre el futuro de las ciudades: Sheinbaum"},"content":{"rendered":"\n<p>Por: Fernanda Hern\u00e1ndez <\/p>\n\n\n\n<p><em>Claudia Sheinbaum destac\u00f3 las acciones que se han realizado en la CDMX en materia de movilidad sustentable y creaci\u00f3n de parques<\/em><\/p>\n\n\n\n<p>Durante su participaci\u00f3n en la clausura del&nbsp;<a href=\"https:\/\/centrourbano.com\/urbanismo\/recaudacion-ciudades-sostenibles\/\" target=\"_blank\" rel=\"noreferrer noopener nofollow\"><strong>S\u00e9ptimo CoRe Foro Urbano 2022<\/strong><\/a>: La Ciudad que queremos: financiamiento, iniciativas y corresponsabilidad, la&nbsp;<strong><a href=\"https:\/\/www.jefaturadegobierno.cdmx.gob.mx\/\" target=\"_blank\" rel=\"noreferrer noopener nofollow\">jefa de Gobierno<\/a>&nbsp;de la Ciudad de M\u00e9xico, Claudia Sheinbaum Pardo<\/strong>, mencion\u00f3 que es necesario debatir sobre el&nbsp;<strong>futuro de las ciudades<\/strong>&nbsp;que se desean construir.<\/p>\n\n\n\n<p>\u201cDonde se pone en debate, desde las&nbsp;<strong>desigualdades<\/strong>, hasta c\u00f3mo generar las mejores condiciones para&nbsp;<strong>disminuir el uso del autom\u00f3vil<\/strong>; c\u00f3mo generar condiciones para tener&nbsp;<strong>espacios p\u00fablicos suficientes<\/strong>; c\u00f3mo permitir que el m\u00e1s tiene y el que menos tiene convivan en una ciudad, generando los grandes derechos\u201d, coment\u00f3.<\/p>\n\n\n\n<p>Asimismo, la mandataria destac\u00f3 las acciones implementadas en la ciudad en materia de&nbsp;<strong>transporte p\u00fablico y movilidad sustentable<\/strong>; as\u00ed como la creaci\u00f3n de&nbsp;<strong>nuevos parques<\/strong>&nbsp;y&nbsp;<strong>trabajo a distancia<\/strong>.<\/p>\n\n\n\n<p>\u00abHemos creado cerca de&nbsp;<strong>16 parques<\/strong>&nbsp;con alrededor de 200 hect\u00e1reas en la ciudad; personas que se mov\u00edan por Insurgentes, que antes no ten\u00edan la posibilidad de usar una bicicleta, hoy tienen la posibilidad de usar una bicicleta; personas que viven en la parte alta de Cuautepec pueden tener acceso a un&nbsp;<strong>Cableb\u00fas<\/strong>; que personas que viven cerca de Ermita-Iztapalapa pueden disfrutar del&nbsp;<strong>Troleb\u00fas Elevado<\/strong>&nbsp;(\u2026) Ojal\u00e1 muchas de las pr\u00e1cticas que lamentablemente tuvieron que surgir a partir de la pandemia, pero que son ben\u00e9ficas, como el trabajo a distancia, puedan permitirnos que a lo mejor no se genere tanto tr\u00e1fico\u201d, se\u00f1al\u00f3.<\/p>\n\n\n\n<p>De igual manera,&nbsp;<strong>Sheinbaum<\/strong>&nbsp;agradeci\u00f3 la invitaci\u00f3n al Foro al presidente del Consejo de Administraci\u00f3n del Grupo Kaluz, Antonio del Valle; as\u00ed como a la presidenta de CoRe Ciudades Vivibles y Amables, A. C., Blanca del Valle Perochena.<\/p>\n\n\n\n<p><a href=\"https:\/\/centrourbano.com\/author\/fernanda-hernandez\/\" rel=\"nofollow noopener\" target=\"_blank\"><\/a><\/p>\n","protected":false},"excerpt":{"rendered":"<p>Por: Fernanda Hern\u00e1ndez Claudia Sheinbaum destac\u00f3 las acciones que se han realizado en la CDMX en materia de movilidad sustentable y creaci\u00f3n de parques Durante su participaci\u00f3n en la clausura del&nbsp;S\u00e9ptimo CoRe Foro Urbano 2022: La Ciudad que queremos: financiamiento, iniciativas y corresponsabilidad, la&nbsp;jefa de Gobierno&nbsp;de la Ciudad de M\u00e9xico, Claudia Sheinbaum Pardo, mencion\u00f3 que [&hellip;]<\/p>\n","protected":false},"author":1,"featured_media":10720,"comment_status":"open","ping_status":"closed","sticky":false,"template":"","format":"standard","meta":{"site-sidebar-layout":"default","site-content-layout":"","ast-site-content-layout":"default","site-content-style":"default","site-sidebar-style":"default","ast-global-header-display":"","ast-banner-title-visibility":"","ast-main-header-display":"","ast-hfb-above-header-display":"","ast-hfb-below-header-display":"","ast-hfb-mobile-header-display":"","site-post-title":"","ast-breadcrumbs-content":"","ast-featured-img":"","footer-sml-layout":"","ast-disable-related-posts":"","theme-transparent-header-meta":"","adv-header-id-meta":"","stick-header-meta":"","header-above-stick-meta":"","header-main-stick-meta":"","header-below-stick-meta":"","astra-migrate-meta-layouts":"default","ast-page-background-enabled":"default","ast-page-background-meta":{"desktop":{"background-color":"var(--ast-global-color-4)","background-image":"","background-repeat":"repeat","background-position":"center center","background-size":"auto","background-attachment":"scroll","background-type":"","background-media":"","overlay-type":"","overlay-color":"","overlay-opacity":"","overlay-gradient":""},"tablet":{"background-color":"","background-image":"","background-repeat":"repeat","background-position":"center center","background-size":"auto","background-attachment":"scroll","background-type":"","background-media":"","overlay-type":"","overlay-color":"","overlay-opacity":"","overlay-gradient":""},"mobile":{"background-color":"","background-image":"","background-repeat":"repeat","background-position":"center center","background-size":"auto","background-attachment":"scroll","background-type":"","background-media":"","overlay-type":"","overlay-color":"","overlay-opacity":"","overlay-gradient":""}},"ast-content-background-meta":{"desktop":{"background-color":"var(--ast-global-color-5)","background-image":"","background-repeat":"repeat","background-position":"center center","background-size":"auto","background-attachment":"scroll","background-type":"","background-media":"","overlay-type":"","overlay-color":"","overlay-opacity":"","overlay-gradient":""},"tablet":{"background-color":"var(--ast-global-color-5)","background-image":"","background-repeat":"repeat","background-position":"center center","background-size":"auto","background-attachment":"scroll","background-type":"","background-media":"","overlay-type":"","overlay-color":"","overlay-opacity":"","overlay-gradient":""},"mobile":{"background-color":"var(--ast-global-color-5)","background-image":"","background-repeat":"repeat","background-position":"center center","background-size":"auto","background-attachment":"scroll","background-type":"","background-media":"","overlay-type":"","overlay-color":"","overlay-opacity":"","overlay-gradient":""}},"footnotes":""},"categories":[4],"tags":[1639,41,2159,4302,4301,3080,4300],"class_list":["post-10719","post","type-post","status-publish","format-standard","has-post-thumbnail","hentry","category-noticias","tag-1639","tag-cdmx","tag-claudia-sheinbaum-pardo","tag-espacios-publicos-suficientes","tag-futuro-de-las-ciudades","tag-movilidad-sustentable","tag-septimo-core-foro-urbano"],"_links":{"self":[{"href":"https:\/\/hombresymujeresdelacasa.com\/home\/wp-json\/wp\/v2\/posts\/10719","targetHints":{"allow":["GET"]}}],"collection":[{"href":"https:\/\/hombresymujeresdelacasa.com\/home\/wp-json\/wp\/v2\/posts"}],"about":[{"href":"https:\/\/hombresymujeresdelacasa.com\/home\/wp-json\/wp\/v2\/types\/post"}],"author":[{"embeddable":true,"href":"https:\/\/hombresymujeresdelacasa.com\/home\/wp-json\/wp\/v2\/users\/1"}],"replies":[{"embeddable":true,"href":"https:\/\/hombresymujeresdelacasa.com\/home\/wp-json\/wp\/v2\/comments?post=10719"}],"version-history":[{"count":1,"href":"https:\/\/hombresymujeresdelacasa.com\/home\/wp-json\/wp\/v2\/posts\/10719\/revisions"}],"predecessor-version":[{"id":10721,"href":"https:\/\/hombresymujeresdelacasa.com\/home\/wp-json\/wp\/v2\/posts\/10719\/revisions\/10721"}],"wp:featuredmedia":[{"embeddable":true,"href":"https:\/\/hombresymujeresdelacasa.com\/home\/wp-json\/wp\/v2\/media\/10720"}],"wp:attachment":[{"href":"https:\/\/hombresymujeresdelacasa.com\/home\/wp-json\/wp\/v2\/media?parent=10719"}],"wp:term":[{"taxonomy":"category","embeddable":true,"href":"https:\/\/hombresymujeresdelacasa.com\/home\/wp-json\/wp\/v2\/categories?post=10719"},{"taxonomy":"post_tag","embeddable":true,"href":"https:\/\/hombresymujeresdelacasa.com\/home\/wp-json\/wp\/v2\/tags?post=10719"}],"curies":[{"name":"wp","href":"https:\/\/api.w.org\/{rel}","templated":true}]}}